{"id":45135,"date":"2025-03-05T21:54:21","date_gmt":"2025-03-05T21:54:21","guid":{"rendered":"https:\/\/historiografija.hr\/?p=45135"},"modified":"2025-03-05T21:57:54","modified_gmt":"2025-03-05T21:57:54","slug":"oskar-za-najbolji-dokumentarac-filmu-no-other-land","status":"publish","type":"post","link":"https:\/\/historiografija.hr\/?p=45135","title":{"rendered":"Oskar za najbolji dokumentarac filmu \u201eNo Other Land\u201c"},"content":{"rendered":"\n<p>Oskara za najbolji dokumentarni film dobio je film \u201eNo Other Land\u201c (<em>Jedina zemlja<\/em>) &#8211; &#8220;koji potpisuje palestinsko-izraelski kolektiv \u010detvero mladih aktivista&#8221; &#8211; o \u010dijim smo hrvatskim projekcijama ve\u0107 obavje\u0161tavali. O nagra\u0111ivanju je izvijestio i portal Historiografija.ba.<\/p>\n\n\n\n<hr class=\"wp-block-separator has-alpha-channel-opacity\"\/>\n\n\n\n<p>Op\u0161irnije:<\/p>\n\n\n\n<p><a href=\"https:\/\/historiografija.ba\/clanci-i-polemike\/nagradu-oskar-dobio-film-koji-svjedoci-o-borbi-palestinaca\">https:\/\/historiografija.ba\/clanci-i-polemike\/nagradu-oskar-dobio-film-koji-svjedoci-o-borbi-palestinaca<\/a><\/p>\n\n\n\n<p><a href=\"https:\/\/magazin.hrt.hr\/zabava\/oscari-2025-najvaznija-filmska-noc-u-godini-hrvatski-film-medu-favoritima-12040072\">https:\/\/magazin.hrt.hr\/zabava\/oscari-2025-najvaznija-filmska-noc-u-godini-hrvatski-film-medu-favoritima-12040072<\/a><\/p>\n\n\n\n<figure class=\"wp-block-embed is-type-wp-embed is-provider-journal-hr wp-block-embed-journal-hr\"><div class=\"wp-block-embed__wrapper\">\n<blockquote class=\"wp-embedded-content\" data-secret=\"v6RHs9LLIp\"><a href=\"https:\/\/www.journal.hr\/kultura\/film-kazaliste-tv\/no-other-land\/\">Malo tko je mislio da Oscari imaju &#8220;hrabrosti&#8221; nagraditi ovaj dokumentarac. Bilo je to pozitivno iznena\u0111enje ve\u010deri<\/a><\/blockquote><iframe loading=\"lazy\" class=\"wp-embedded-content\" sandbox=\"allow-scripts\" security=\"restricted\" style=\"position: absolute; visibility: hidden;\" title=\"&#8220;Malo tko je mislio da Oscari imaju &#8220;hrabrosti&#8221; nagraditi ovaj dokumentarac. Bilo je to pozitivno iznena\u0111enje ve\u010deri&#8221; &#8212; Journal.hr\" src=\"https:\/\/www.journal.hr\/kultura\/film-kazaliste-tv\/no-other-land\/embed\/#?secret=zWecld9Dn7#?secret=v6RHs9LLIp\" data-secret=\"v6RHs9LLIp\" width=\"600\" height=\"338\" frameborder=\"0\" marginwidth=\"0\" marginheight=\"0\" scrolling=\"no\"><\/iframe>\n<\/div><\/figure>\n\n\n\n<hr class=\"wp-block-separator has-alpha-channel-opacity\"\/>\n\n\n\n<figure class=\"wp-block-embed is-type-wp-embed is-provider-historiografija-hr wp-block-embed-historiografija-hr\"><div class=\"wp-block-embed__wrapper\">\n<blockquote class=\"wp-embedded-content\" data-secret=\"QHxrXGkkdZ\"><a href=\"https:\/\/historiografija.hr\/?p=42505\">Hrvatske projekcije dokumentarnog filma \u201eJedina zemlja\u201c<\/a><\/blockquote><iframe loading=\"lazy\" class=\"wp-embedded-content\" sandbox=\"allow-scripts\" security=\"restricted\" style=\"position: absolute; visibility: hidden;\" title=\"&#8220;Hrvatske projekcije dokumentarnog filma \u201eJedina zemlja\u201c&#8221; &#8212; Historiografija.hr\" src=\"https:\/\/historiografija.hr\/?p=42505&#038;embed=true#?secret=DFokxyoyX9#?secret=QHxrXGkkdZ\" data-secret=\"QHxrXGkkdZ\" width=\"600\" height=\"338\" frameborder=\"0\" marginwidth=\"0\" marginheight=\"0\" scrolling=\"no\"><\/iframe>\n<\/div><\/figure>\n\n\n\n<hr class=\"wp-block-separator has-alpha-channel-opacity\"\/>\n","protected":false},"excerpt":{"rendered":"","protected":false},"author":2,"featured_media":42506,"comment_status":"open","ping_status":"open","sticky":false,"template":"","format":"standard","meta":{"_acf_changed":false,"jetpack_post_was_ever_published":false,"_jetpack_newsletter_access":"","_jetpack_dont_email_post_to_subs":false,"_jetpack_newsletter_tier_id":0,"_jetpack_memberships_contains_paywalled_content":false,"_jetpack_memberships_contains_paid_content":false,"footnotes":"","jetpack_publicize_message":"","jetpack_publicize_feature_enabled":true,"jetpack_social_post_already_shared":true,"jetpack_social_options":{"image_generator_settings":{"template":"highway","default_image_id":0,"font":"","enabled":false},"version":2}},"categories":[13,3],"tags":[],"class_list":["post-45135","post","type-post","status-publish","format-standard","has-post-thumbnail","hentry","category-filmovi-i-serije","category-novosti"],"acf":{"facebook_opis":""},"jetpack_publicize_connections":[],"jetpack_featured_media_url":"https:\/\/i0.wp.com\/historiografija.hr\/wp-content\/uploads\/2024\/10\/No_other_Land.jpg?fit=256%2C388&ssl=1","jetpack_sharing_enabled":true,"jetpack-related-posts":[],"_links":{"self":[{"href":"https:\/\/historiografija.hr\/index.php?rest_route=\/wp\/v2\/posts\/45135","targetHints":{"allow":["GET"]}}],"collection":[{"href":"https:\/\/historiografija.hr\/index.php?rest_route=\/wp\/v2\/posts"}],"about":[{"href":"https:\/\/historiografija.hr\/index.php?rest_route=\/wp\/v2\/types\/post"}],"author":[{"embeddable":true,"href":"https:\/\/historiografija.hr\/index.php?rest_route=\/wp\/v2\/users\/2"}],"replies":[{"embeddable":true,"href":"https:\/\/historiografija.hr\/index.php?rest_route=%2Fwp%2Fv2%2Fcomments&post=45135"}],"version-history":[{"count":6,"href":"https:\/\/historiografija.hr\/index.php?rest_route=\/wp\/v2\/posts\/45135\/revisions"}],"predecessor-version":[{"id":45141,"href":"https:\/\/historiografija.hr\/index.php?rest_route=\/wp\/v2\/posts\/45135\/revisions\/45141"}],"wp:featuredmedia":[{"embeddable":true,"href":"https:\/\/historiografija.hr\/index.php?rest_route=\/wp\/v2\/media\/42506"}],"wp:attachment":[{"href":"https:\/\/historiografija.hr\/index.php?rest_route=%2Fwp%2Fv2%2Fmedia&parent=45135"}],"wp:term":[{"taxonomy":"category","embeddable":true,"href":"https:\/\/historiografija.hr\/index.php?rest_route=%2Fwp%2Fv2%2Fcategories&post=45135"},{"taxonomy":"post_tag","embeddable":true,"href":"https:\/\/historiografija.hr\/index.php?rest_route=%2Fwp%2Fv2%2Ftags&post=45135"}],"curies":[{"name":"wp","href":"https:\/\/api.w.org\/{rel}","templated":true}]}}