{"id":45129,"date":"2025-03-05T21:35:18","date_gmt":"2025-03-05T21:35:18","guid":{"rendered":"https:\/\/historiografija.hr\/?p=45129"},"modified":"2025-03-05T21:35:18","modified_gmt":"2025-03-05T21:35:18","slug":"izlozba-mladi-se-sjecaju-zaboravljenih","status":"publish","type":"post","link":"https:\/\/historiografija.hr\/?p=45129","title":{"rendered":"Izlo\u017eba \u201cMladi se sje\u0107aju zaboravljenih\u201d"},"content":{"rendered":"\n<p>Kulturno informativni centar, Preradovi\u0107eva ul. 5, Zagreb \/ od 11. 3. &#8211; 21. 3. 2025.<br><br>Program otvorenja (11. 3. 2025. u 19h)<br>19 h \u2013 Otvaranje izlo\u017ebe<br>20 h \u2013 Projekcija filma \u201c\u0160to je to u ljudskom bi\u0107u\u201d (re\u017eija i scenarij: Ivan Valid\u017ei\u0107)<br><br>\u010cast nam je i zadovoljstvo pozvati vas na izlo\u017ebu \u201cMladi se sje\u0107aju zaboravljenih\u201d koju su osmislili i realizirali oni koji rat nisu do\u017eivjeli, ali njegove posljedice osje\u0107aju na vlastitoj ko\u017ei, oni koji \u017eele sprije\u010diti ponavljanje sukoba te izgraditi dru\u0161tvo zasnovano na po\u0161tivanju ljudskih prava, predvo\u0111eno tolerantnim gra\u0111anima koji kriti\u010dki misle o pro\u0161losti svoje zemlje.<br><br>Izlo\u017eba prikazuje kako generacije ro\u0111ene nakon ratova devedesetih vide njihovu destruktivnost, posebnu pa\u017enju posve\u0107uju\u0107i (zaboravljenim) \u017ertvama.<br><br>Postav uklju\u010duje fotografije i faktografske podatke koji dokumentiraju mjesta stradanja, kao i dosada\u0161nje memorijalizacijske napore da ta stradanja ne (p)ostanu zaboravljena. U prostoru se isti\u010de i vrijedna Zelena kutija u kojoj su zabilje\u017eene anonimne misli, refleksije i iskustva mladih nakon posjeta mjestima traume, a pozivamo i vas da podijelite svoja razmi\u0161ljanja o vi\u0111enom ostavljaju\u0107i kratke zapise i ve\u017eu\u0107i ih za crvene niti u prostoriji &#8211; tako i vi postajete dio ovog putovanja.<\/p>\n\n\n\n<hr class=\"wp-block-separator has-alpha-channel-opacity\"\/>\n\n\n\n<p>Dodatne informacije:<\/p>\n\n\n\n<p><a href=\"https:\/\/www.yihr.hr\/hr\/izlozba-mladi-se-sjecaju-zaboravljenih\">https:\/\/www.yihr.hr\/hr\/izlozba-mladi-se-sjecaju-zaboravljenih<\/a><\/p>\n\n\n\n<hr class=\"wp-block-separator has-alpha-channel-opacity\"\/>\n","protected":false},"excerpt":{"rendered":"","protected":false},"author":2,"featured_media":45130,"comment_status":"open","ping_status":"open","sticky":false,"template":"","format":"standard","meta":{"_acf_changed":false,"jetpack_post_was_ever_published":false,"_jetpack_newsletter_access":"","_jetpack_dont_email_post_to_subs":false,"_jetpack_newsletter_tier_id":0,"_jetpack_memberships_contains_paywalled_content":false,"_jetpack_memberships_contains_paid_content":false,"footnotes":"","jetpack_publicize_message":"","jetpack_publicize_feature_enabled":true,"jetpack_social_post_already_shared":true,"jetpack_social_options":{"image_generator_settings":{"template":"highway","default_image_id":0,"font":"","enabled":false},"version":2}},"categories":[10,3],"tags":[],"class_list":["post-45129","post","type-post","status-publish","format-standard","has-post-thumbnail","hentry","category-izlozbe","category-novosti"],"acf":{"facebook_opis":""},"jetpack_publicize_connections":[],"jetpack_featured_media_url":"https:\/\/i0.wp.com\/historiografija.hr\/wp-content\/uploads\/2025\/03\/KIC.png?fit=2133%2C1066&ssl=1","jetpack_sharing_enabled":true,"jetpack-related-posts":[],"_links":{"self":[{"href":"https:\/\/historiografija.hr\/index.php?rest_route=\/wp\/v2\/posts\/45129","targetHints":{"allow":["GET"]}}],"collection":[{"href":"https:\/\/historiografija.hr\/index.php?rest_route=\/wp\/v2\/posts"}],"about":[{"href":"https:\/\/historiografija.hr\/index.php?rest_route=\/wp\/v2\/types\/post"}],"author":[{"embeddable":true,"href":"https:\/\/historiografija.hr\/index.php?rest_route=\/wp\/v2\/users\/2"}],"replies":[{"embeddable":true,"href":"https:\/\/historiografija.hr\/index.php?rest_route=%2Fwp%2Fv2%2Fcomments&post=45129"}],"version-history":[{"count":1,"href":"https:\/\/historiografija.hr\/index.php?rest_route=\/wp\/v2\/posts\/45129\/revisions"}],"predecessor-version":[{"id":45131,"href":"https:\/\/historiografija.hr\/index.php?rest_route=\/wp\/v2\/posts\/45129\/revisions\/45131"}],"wp:featuredmedia":[{"embeddable":true,"href":"https:\/\/historiografija.hr\/index.php?rest_route=\/wp\/v2\/media\/45130"}],"wp:attachment":[{"href":"https:\/\/historiografija.hr\/index.php?rest_route=%2Fwp%2Fv2%2Fmedia&parent=45129"}],"wp:term":[{"taxonomy":"category","embeddable":true,"href":"https:\/\/historiografija.hr\/index.php?rest_route=%2Fwp%2Fv2%2Fcategories&post=45129"},{"taxonomy":"post_tag","embeddable":true,"href":"https:\/\/historiografija.hr\/index.php?rest_route=%2Fwp%2Fv2%2Ftags&post=45129"}],"curies":[{"name":"wp","href":"https:\/\/api.w.org\/{rel}","templated":true}]}}