{"id":45122,"date":"2025-03-04T22:56:52","date_gmt":"2025-03-04T22:56:52","guid":{"rendered":"https:\/\/historiografija.hr\/?p=45122"},"modified":"2025-03-04T22:57:16","modified_gmt":"2025-03-04T22:57:16","slug":"predavanje-svena-milekica-karakterizacije-ratova-1990-ih-medu-veteranima-u-postjugoslavenskim-drzavama","status":"publish","type":"post","link":"https:\/\/historiografija.hr\/?p=45122","title":{"rendered":"Predavanje Svena Mileki\u0107a \u201eKarakterizacije ratova 1990-ih me\u0111u veteranima u postjugoslavenskim dr\u017eavama\u201c"},"content":{"rendered":"\n<p>Napredni istra\u017eiva\u010dki seminar s dr. sc. Svenom Mileki\u0107em (Central European University), koji gostuje s izlaganjem pod nazivom Karakterizacije ratova 1990-ih me\u0111u veteranima u postjugoslavenskim dr\u017eavama, odr\u017eat \u0107e se 6. o\u017eujka u 17 sati u dvorani C Fakulteta politi\u010dkih znanosti u Zagrebu.&nbsp;<\/p>\n\n\n\n<p><\/p>\n\n\n\n<p>O izlaganju:<\/p>\n\n\n\n<p>Rat 1990-ih, poznatiji kao Domovinski rat, predstavlja centralni povijesni doga\u0111aj na kojem se temelji suvremena Republika Hrvatska, priznat kao takav i u Ustavu, brojnim deklaracijama, zakonima, institucijama i institutima. Samim time veteranske (braniteljske) udruge predstavljaju va\u017ene aktere u hrvatskom dru\u0161tvu i politici te djeluju kao klju\u010dni poduzetnici javnog pam\u0107enja Domovinskog rata. U kombinaciji s politi\u010dkim i intelektualnim elitama, Katoli\u010dkom crkvom i jo\u0161 nekim akterima, veteranske udruge zagovaraju sliku rata koja se temelji isklju\u010divo na narativu o &#8220;velikosrpskoj agresiji&#8221; pri \u010demu se zanemaruju elementi gra\u0111anskog (internog) rata i drugih transgresija. Fokus na agresiju va\u017ean je i zbog vanjskopoliti\u010dkih ciljeva tada jo\u0161 nepriznate dr\u017eave u nastajanju. Me\u0111utim, veterani u drugim postjugoslavenskim dr\u017eavama (Bosni i Hercegovini, Crnoj Gori i Srbiji) imaju pone\u0161to druga\u010dije vi\u0111enje karaktera rata, kao i glavnih uzroka za njegovo izbijanje. Tako \u0107e neki veterani vidjeti rat kao agresiju, drugi kao nasilnu secesiju, tre\u0107i kao gra\u0111anski rat, a \u010detvrti kao rat &#8220;velikih sila&#8221; preko posrednika (proxy war). U svojem poslijedoktorskom projektu, koji se bavi agresorom i agresijom, autor upravo \u017eeli ispitati te veteranske stavove. Tako\u0111er, cilj projekta je istra\u017eiti kako veterani definiraju agresiju, agresore i gra\u0111anski rat, kako to stavljaju u korelaciju s aktualnim ratovima (npr. rat u Ukrajini) te koliko su stavovi veterana bili (ili jo\u0161 uvijek jesu) kompatibilni s vanjskom politikom njihovih mati\u010dnih dr\u017eava.<\/p>\n\n\n\n<p><br>O izlaga\u010du:<\/p>\n\n\n\n<p>Sven Mileki\u0107 je poslijedoktorski istra\u017eiva\u010d pri CEU Democracy Institute u Budimpe\u0161ti, gdje istra\u017euje veterane postjugoslavenskih ratova u sklopu me\u0111unarodnog znanstvenog projekta \u201eThe Aggressor: Self-Perception and External Perception of an Actor Between Nations\u201c (\u201eAgresor: Samopercepcija i izvanjska percepcija aktera izme\u0111u nacija\u201c). Stekao je doktorat povijesti kao stipendist Irske zaklade za znanost na Sveu\u010dili\u0161tu Maynooth u Irskoj. U svojoj disertaciji bavio se stvaranjem i razvojem veteranskih udruga u Hrvatskoj te na\u010dinima na koje su formirale dominantni narativ o ratu 1990-ih. Prethodno je 2010. godine diplomirao na Fakultetu politi\u010dkih znanosti Sveu\u010dili\u0161ta u Zagrebu.<\/p>\n\n\n\n<hr class=\"wp-block-separator has-alpha-channel-opacity\"\/>\n\n\n\n<p>Izvor:<\/p>\n\n\n\n<p><a href=\"https:\/\/www.fpzg.unizg.hr\/novosti?@=2fi2j\">https:\/\/www.fpzg.unizg.hr\/novosti?@=2fi2j<\/a><\/p>\n\n\n\n<hr class=\"wp-block-separator has-alpha-channel-opacity\"\/>\n\n\n\n<p>Dodatne obavijesti:<\/p>\n\n\n\n<p><a href=\"https:\/\/hrcak.srce.hr\/323523\">https:\/\/hrcak.srce.hr\/323523<\/a><\/p>\n\n\n\n<p><a href=\"https:\/\/www.portalnovosti.com\/sven-milekic-braniteljske-udruge-su-medu-glavnim-poduzetnicima-pamcenja\">https:\/\/www.portalnovosti.com\/sven-milekic-braniteljske-udruge-su-medu-glavnim-poduzetnicima-pamcenja<\/a><\/p>\n\n\n\n<hr class=\"wp-block-separator has-alpha-channel-opacity\"\/>\n","protected":false},"excerpt":{"rendered":"","protected":false},"author":2,"featured_media":45123,"comment_status":"open","ping_status":"open","sticky":false,"template":"","format":"standard","meta":{"_acf_changed":false,"jetpack_post_was_ever_published":false,"_jetpack_newsletter_access":"","_jetpack_dont_email_post_to_subs":false,"_jetpack_newsletter_tier_id":0,"_jetpack_memberships_contains_paywalled_content":false,"_jetpack_memberships_contains_paid_content":false,"footnotes":"","jetpack_publicize_message":"","jetpack_publicize_feature_enabled":true,"jetpack_social_post_already_shared":true,"jetpack_social_options":{"image_generator_settings":{"template":"highway","default_image_id":0,"font":"","enabled":false},"version":2}},"categories":[3],"tags":[],"class_list":["post-45122","post","type-post","status-publish","format-standard","has-post-thumbnail","hentry","category-novosti"],"acf":{"facebook_opis":""},"jetpack_publicize_connections":[],"jetpack_featured_media_url":"https:\/\/i0.wp.com\/historiografija.hr\/wp-content\/uploads\/2025\/03\/Milekic_2025.png?fit=800%2C800&ssl=1","jetpack_sharing_enabled":true,"jetpack-related-posts":[],"_links":{"self":[{"href":"https:\/\/historiografija.hr\/index.php?rest_route=\/wp\/v2\/posts\/45122","targetHints":{"allow":["GET"]}}],"collection":[{"href":"https:\/\/historiografija.hr\/index.php?rest_route=\/wp\/v2\/posts"}],"about":[{"href":"https:\/\/historiografija.hr\/index.php?rest_route=\/wp\/v2\/types\/post"}],"author":[{"embeddable":true,"href":"https:\/\/historiografija.hr\/index.php?rest_route=\/wp\/v2\/users\/2"}],"replies":[{"embeddable":true,"href":"https:\/\/historiografija.hr\/index.php?rest_route=%2Fwp%2Fv2%2Fcomments&post=45122"}],"version-history":[{"count":2,"href":"https:\/\/historiografija.hr\/index.php?rest_route=\/wp\/v2\/posts\/45122\/revisions"}],"predecessor-version":[{"id":45125,"href":"https:\/\/historiografija.hr\/index.php?rest_route=\/wp\/v2\/posts\/45122\/revisions\/45125"}],"wp:featuredmedia":[{"embeddable":true,"href":"https:\/\/historiografija.hr\/index.php?rest_route=\/wp\/v2\/media\/45123"}],"wp:attachment":[{"href":"https:\/\/historiografija.hr\/index.php?rest_route=%2Fwp%2Fv2%2Fmedia&parent=45122"}],"wp:term":[{"taxonomy":"category","embeddable":true,"href":"https:\/\/historiografija.hr\/index.php?rest_route=%2Fwp%2Fv2%2Fcategories&post=45122"},{"taxonomy":"post_tag","embeddable":true,"href":"https:\/\/historiografija.hr\/index.php?rest_route=%2Fwp%2Fv2%2Ftags&post=45122"}],"curies":[{"name":"wp","href":"https:\/\/api.w.org\/{rel}","templated":true}]}}