{"id":45115,"date":"2025-03-04T22:32:20","date_gmt":"2025-03-04T22:32:20","guid":{"rendered":"https:\/\/historiografija.hr\/?p=45115"},"modified":"2025-03-04T22:33:35","modified_gmt":"2025-03-04T22:33:35","slug":"poziv-za-prijavu-na-znanstveno-strucni-skup-fra-grgo-martic-pitanja-izazovi-dosezi","status":"publish","type":"post","link":"https:\/\/historiografija.hr\/?p=45115","title":{"rendered":"Poziv za prijavu na znanstveno-stru\u010dni skup \u201eFra Grgo Marti\u0107 \u2013 pitanja, izazovi, dosezi\u201c"},"content":{"rendered":"\n<p>Op\u0107ina Kre\u0161evo i Franjeva\u010dki samostan Kre\u0161evo, u povodu 120. godi\u0161njice smrti fra Grge Marti\u0107a, organiziraju znanstveno-stru\u010dni skup<\/p>\n\n\n\n<p><strong>\u201eFra Grgo Marti\u0107 \u2013 pitanja, izazovi, dosezi\u201c<\/strong><\/p>\n\n\n\n<p>Skup \u0107e biti odr\u017ean 30. VIII. 2025. godine u Kre\u0161evu.<\/p>\n\n\n\n<p>O\u010dekujemo radove koji \u0107e iz arhivskih izvora donijeti nove detalje o fra Grginom \u017eivotu i djelovanju te radove koji \u0107e dodatno osvijetliti njegov prinos u pojedinim podru\u010djima (knji\u017eevnost, \u0161kolstvo i prosvjetiteljstvo, politi\u010dki \u017eivot, prevoditeljski rad, uredni\u010dki rad, sakupljanje knji\u017eevnog narodnog blaga, sve\u0107eni\u0161tvo i redovni\u0161tvo, itd.). U obzir dolaze i teme kojima \u0107e biti prezentirani dru\u0161tveni i politi\u010dki ambijent fra Grgina vremena. S obzirom na fra Grginu svestranost, dobrodo\u0161ao je interdisciplinarni pristup u obradi tema.<\/p>\n\n\n\n<p>Sa\u017eetke (do 200 rije\u010di) treba poslati do 1. IV. na e-mail simpozijfragrgomartic@gmail.com. Autori \u0107e biti obavije\u0161teni o (ne)prihva\u0107anju teme do 15. IV. te dobiti mo\u017eebitne sugestije i prijedloge. Cjelovite radove treba poslati do 20. VIII., ali ovaj rok u iznimnim slu\u010dajevima mo\u017ee biti produ\u017een. Radovi \u0107e biti recenzirani (dvostruka anonimna recenzija) i objavljeni u posebnom zborniku.<\/p>\n\n\n\n<p>Autori uz sa\u017eetak trebaju dostaviti i sljede\u0107e podatke: ime i prezime, naziv i adresu institucije u kojoj su zaposleni, te e-mail adresu.<\/p>\n\n\n\n<p>Pozivamo autore da obrate pozornost i imaju u vidu da su neke teme ve\u0107 obra\u0111ene na prethodno odr\u017eanim znanstvenim skupovima o \u017eivotu i djelu fra Grge Marti\u0107a (Sarajevo, 1972., Zagreb, 1995, \u0110akovo, 2022.).<\/p>\n\n\n\n<p>Organizatori \u0107e osigurati naknadu za prijevoz do Kre\u0161eva, smje\u0161taj i hranu, a autorima \u010diji radovi budu prihva\u0107eni bit \u0107e osiguran honorar.<\/p>\n\n\n\n<p><em>Organizacijski odbor<\/em><\/p>\n\n\n\n<hr class=\"wp-block-separator has-alpha-channel-opacity\"\/>\n\n\n\n<p>Obavijest je objavljena i na sljede\u0107oj poveznici:<\/p>\n\n\n\n<p><a href=\"https:\/\/www.fkg.edu.ba\/2025\/03\/04\/fra-grgo-martic-pitanja-izazovi-dosezi\">https:\/\/www.fkg.edu.ba\/2025\/03\/04\/fra-grgo-martic-pitanja-izazovi-dosezi<\/a><\/p>\n\n\n\n<hr class=\"wp-block-separator has-alpha-channel-opacity\"\/>\n","protected":false},"excerpt":{"rendered":"","protected":false},"author":2,"featured_media":45116,"comment_status":"open","ping_status":"open","sticky":false,"template":"","format":"standard","meta":{"_acf_changed":false,"jetpack_post_was_ever_published":false,"_jetpack_newsletter_access":"","_jetpack_dont_email_post_to_subs":false,"_jetpack_newsletter_tier_id":0,"_jetpack_memberships_contains_paywalled_content":false,"_jetpack_memberships_contains_paid_content":false,"footnotes":"","jetpack_publicize_message":"","jetpack_publicize_feature_enabled":true,"jetpack_social_post_already_shared":true,"jetpack_social_options":{"image_generator_settings":{"template":"highway","default_image_id":0,"font":"","enabled":false},"version":2}},"categories":[3,9],"tags":[],"class_list":["post-45115","post","type-post","status-publish","format-standard","has-post-thumbnail","hentry","category-novosti","category-skupovi"],"acf":{"facebook_opis":""},"jetpack_publicize_connections":[],"jetpack_featured_media_url":"https:\/\/i0.wp.com\/historiografija.hr\/wp-content\/uploads\/2025\/03\/Martic.jpg?fit=1920%2C1276&ssl=1","jetpack_sharing_enabled":true,"jetpack-related-posts":[],"_links":{"self":[{"href":"https:\/\/historiografija.hr\/index.php?rest_route=\/wp\/v2\/posts\/45115","targetHints":{"allow":["GET"]}}],"collection":[{"href":"https:\/\/historiografija.hr\/index.php?rest_route=\/wp\/v2\/posts"}],"about":[{"href":"https:\/\/historiografija.hr\/index.php?rest_route=\/wp\/v2\/types\/post"}],"author":[{"embeddable":true,"href":"https:\/\/historiografija.hr\/index.php?rest_route=\/wp\/v2\/users\/2"}],"replies":[{"embeddable":true,"href":"https:\/\/historiografija.hr\/index.php?rest_route=%2Fwp%2Fv2%2Fcomments&post=45115"}],"version-history":[{"count":2,"href":"https:\/\/historiografija.hr\/index.php?rest_route=\/wp\/v2\/posts\/45115\/revisions"}],"predecessor-version":[{"id":45118,"href":"https:\/\/historiografija.hr\/index.php?rest_route=\/wp\/v2\/posts\/45115\/revisions\/45118"}],"wp:featuredmedia":[{"embeddable":true,"href":"https:\/\/historiografija.hr\/index.php?rest_route=\/wp\/v2\/media\/45116"}],"wp:attachment":[{"href":"https:\/\/historiografija.hr\/index.php?rest_route=%2Fwp%2Fv2%2Fmedia&parent=45115"}],"wp:term":[{"taxonomy":"category","embeddable":true,"href":"https:\/\/historiografija.hr\/index.php?rest_route=%2Fwp%2Fv2%2Fcategories&post=45115"},{"taxonomy":"post_tag","embeddable":true,"href":"https:\/\/historiografija.hr\/index.php?rest_route=%2Fwp%2Fv2%2Ftags&post=45115"}],"curies":[{"name":"wp","href":"https:\/\/api.w.org\/{rel}","templated":true}]}}