{"id":45113,"date":"2025-03-04T22:25:42","date_gmt":"2025-03-04T22:25:42","guid":{"rendered":"https:\/\/historiografija.hr\/?p=45113"},"modified":"2025-03-04T22:25:42","modified_gmt":"2025-03-04T22:25:42","slug":"predavanje-katarine-nine-simoncic-nizozemski-modni-trendovi-17-stoljeca","status":"publish","type":"post","link":"https:\/\/historiografija.hr\/?p=45113","title":{"rendered":"Predavanje Katarine Nine Simon\u010di\u010d \u201eNizozemski modni trendovi 17. stolje\u0107a\u201c"},"content":{"rendered":"\n<p>Popratni program izlo\u017ebe<\/p>\n\n\n\n<p>\u201eSjaj u tami: Nizozemsko slikarstvo 17. stolje\u0107a u hrvatskim zbirkama\u201c<\/p>\n\n\n\n<p>6. o\u017eujka u 18 sati u Galeriji Klovi\u0107evi dvori<\/p>\n\n\n\n<hr class=\"wp-block-separator has-alpha-channel-opacity\"\/>\n\n\n\n<p>Dominantna crna boja u modi nizozemskog zlatnoga doba pokazatelj je naslje\u0111a desetlje\u0107ima duge \u0161panjolske vladavine i moralnih utjecaja Kalvinisti\u010dke crkve. U tom ozra\u010dju oblikovan je jedinstven modni identitet novonastale trgova\u010dke elite. Naime, nezavisne nizozemske pokrajine, zahvaljuju\u0107i \u0161irenju me\u0111unarodne trgovine, postale su jedne od ekonomski najnaprednijih zemalja u cijeloj Europi 17. stolje\u0107a. Predavanje \u0107e se osvrnuti na nizozemsku modnu proizvodnju i analizu odjevnog stila prikazanog na portretima prve polovice 17. stolje\u0107a. Ukratko \u0107e se predstaviti i faze rekonstrukcije \u017eenske odjevne kompozicije nizozemskog modnog trenda, realizirane na Sveu\u010dili\u0161tu u Zagrebu Tekstilno-tehnolo\u0161kom fakultetu.<\/p>\n\n\n\n<p>O PREDAVA\u010cICI:<\/p>\n\n\n\n<p>Dr. sc. Katarina Nina Simon\u010di\u010d je redovita profesorica na Sveu\u010dili\u0161tu u Zagrebu: Tekstilno-tehnolo\u0161kom fakultetu. Predaje kolegije iz podru\u010dja povijesti odijevanja i mode, antropologije mode i muzealizacije mode. Diplomirala je na Filozofskom fakultetu u Zagrebu dvopredmetni studij povijest umjetnosti i etnologije, dok na Tekstilno-tehnolo\u0161kom fakultetu u Zagrebu studij modnog dizajna. Doktorski rad koji se bavio modnim fenomenima u Zagrebu na prijelazu iz 19. u 20. stolje\u0107e obranila je na odsjeku za povijest umjetnosti Filozofskog fakulteta u Zagrebu, od mentorstvom prof. dr. sc. Zvonka Makovi\u0107a.<\/p>\n\n\n\n<p>Njezin znanstveni rad usmjeren je na prou\u010davanje poveznica izme\u0111u povijesti odijevanja i dru\u0161tveno-kulturalne reprezentacije odje\u0107e u vizualnim izvorima kao \u0161to su slikarstvo, grafika i fotografija, dok poku\u0161aje rekonstrukcije modnih navika upotpunjuje arhivskim zapisima, povijesnim tiskovinama i analizom odjevnih artefakata. Autorica je prve knjige o povijesti mode na tlu Hrvatske, konkretnije Zagreba na prijelazu iz 19. u 20. stolje\u0107e (2012.).<\/p>\n\n\n\n<hr class=\"wp-block-separator has-alpha-channel-opacity\"\/>\n","protected":false},"excerpt":{"rendered":"","protected":false},"author":2,"featured_media":43834,"comment_status":"open","ping_status":"open","sticky":false,"template":"","format":"standard","meta":{"_acf_changed":false,"jetpack_post_was_ever_published":false,"_jetpack_newsletter_access":"","_jetpack_dont_email_post_to_subs":false,"_jetpack_newsletter_tier_id":0,"_jetpack_memberships_contains_paywalled_content":false,"_jetpack_memberships_contains_paid_content":false,"footnotes":"","jetpack_publicize_message":"","jetpack_publicize_feature_enabled":true,"jetpack_social_post_already_shared":true,"jetpack_social_options":{"image_generator_settings":{"template":"highway","default_image_id":0,"font":"","enabled":false},"version":2}},"categories":[3],"tags":[],"class_list":["post-45113","post","type-post","status-publish","format-standard","has-post-thumbnail","hentry","category-novosti"],"acf":{"facebook_opis":""},"jetpack_publicize_connections":[],"jetpack_featured_media_url":"https:\/\/i0.wp.com\/historiografija.hr\/wp-content\/uploads\/2024\/12\/Klovi%C4%87evi.jpg?fit=225%2C224&ssl=1","jetpack_sharing_enabled":true,"jetpack-related-posts":[],"_links":{"self":[{"href":"https:\/\/historiografija.hr\/index.php?rest_route=\/wp\/v2\/posts\/45113","targetHints":{"allow":["GET"]}}],"collection":[{"href":"https:\/\/historiografija.hr\/index.php?rest_route=\/wp\/v2\/posts"}],"about":[{"href":"https:\/\/historiografija.hr\/index.php?rest_route=\/wp\/v2\/types\/post"}],"author":[{"embeddable":true,"href":"https:\/\/historiografija.hr\/index.php?rest_route=\/wp\/v2\/users\/2"}],"replies":[{"embeddable":true,"href":"https:\/\/historiografija.hr\/index.php?rest_route=%2Fwp%2Fv2%2Fcomments&post=45113"}],"version-history":[{"count":1,"href":"https:\/\/historiografija.hr\/index.php?rest_route=\/wp\/v2\/posts\/45113\/revisions"}],"predecessor-version":[{"id":45114,"href":"https:\/\/historiografija.hr\/index.php?rest_route=\/wp\/v2\/posts\/45113\/revisions\/45114"}],"wp:featuredmedia":[{"embeddable":true,"href":"https:\/\/historiografija.hr\/index.php?rest_route=\/wp\/v2\/media\/43834"}],"wp:attachment":[{"href":"https:\/\/historiografija.hr\/index.php?rest_route=%2Fwp%2Fv2%2Fmedia&parent=45113"}],"wp:term":[{"taxonomy":"category","embeddable":true,"href":"https:\/\/historiografija.hr\/index.php?rest_route=%2Fwp%2Fv2%2Fcategories&post=45113"},{"taxonomy":"post_tag","embeddable":true,"href":"https:\/\/historiografija.hr\/index.php?rest_route=%2Fwp%2Fv2%2Ftags&post=45113"}],"curies":[{"name":"wp","href":"https:\/\/api.w.org\/{rel}","templated":true}]}}