{"id":45109,"date":"2025-03-03T23:13:27","date_gmt":"2025-03-03T23:13:27","guid":{"rendered":"https:\/\/historiografija.hr\/?p=45109"},"modified":"2026-03-31T22:03:51","modified_gmt":"2026-03-31T22:03:51","slug":"novi-radovi-maxa-bergholza-iz-bosanskohercegovacke-povijesti-nasilja","status":"publish","type":"post","link":"https:\/\/historiografija.hr\/?p=45109","title":{"rendered":"Novi radovi Maxa Bergholza iz bosanskohercegova\u010dke povijesti nasilja"},"content":{"rendered":"\n<p>Objavljeni su novi radovi Maxa Bergholza iz bosanskohercegova\u010dke nasilne pro\u0161losti, s fokusom na studije slu\u010daja Kulen-Vakufa i Biha\u0107a (Garavice) te Srebrenice.<\/p>\n\n\n\n<hr class=\"wp-block-separator has-alpha-channel-opacity\"\/>\n\n\n\n<p><strong>\u0160utnja u kamenu. Memorijalizacija nasilja me\u0111u zajednicama u zemlji bratstva i jedinstva&nbsp;<\/strong><\/p>\n\n\n\n<p><em>Prilozi<\/em>, Univerzitet u Sarajevu \u2013 Institut za historiju, Sarajevo, 2024, br. 53<\/p>\n\n\n\n<p><strong>Sa\u017eetak:<\/strong> Za\u0161to se de\u0161avaju \u0161utnje o nasilju me\u0111u zajednicama i da li u nasiljem podijeljenim zajednicama njihovo kasnije prekidanje dovodi do pomirenja? Pri\u010daju\u0107i dvije pri\u010de o spomenicima izgra\u0111enim u sjeverozapadnoj Bosni nakon Drugog svjetskog rata i o radikalnim promjenama koje su na njima u\u010dinjene nakon rata 1992\u20131995, ova lokalna historija postavlja pitanje od globalnog zna\u010daja: Mogu li spomenici nasilnoj pro\u0161losti ikada kreirati \u201cpravedno sje\u0107anje\u201d koje podsje\u0107a i na na\u0161u \u010dovje\u010dnost i na na\u0161u ne\u010dovje\u010dnost, kao i na \u010dovje\u010dnost i ne\u010dovje\u010dnost \u201cdrugih\u201d koje mo\u017eda jo\u0161 uvijek do\u017eivljavamo kao neprijatelje?&nbsp;<\/p>\n\n\n\n<p>Rad je dostupan na sljede\u0107em linku:<\/p>\n\n\n\n<figure class=\"wp-block-embed is-type-wp-embed is-provider-prilozi wp-block-embed-prilozi\"><div class=\"wp-block-embed__wrapper\">\n<blockquote class=\"wp-embedded-content\" data-secret=\"beD8KydWjq\"><a href=\"https:\/\/prilozi.iis.unsa.ba\/prilozi-br-53-2024\/\">Prilozi br. 53 (2024)<\/a><\/blockquote><iframe loading=\"lazy\" class=\"wp-embedded-content\" sandbox=\"allow-scripts\" security=\"restricted\" style=\"position: absolute; visibility: hidden;\" title=\"&#8220;Prilozi br. 53 (2024)&#8221; &#8212; Prilozi\" src=\"https:\/\/prilozi.iis.unsa.ba\/prilozi-br-53-2024\/embed\/#?secret=ktnV3QvT6U#?secret=beD8KydWjq\" data-secret=\"beD8KydWjq\" width=\"600\" height=\"338\" frameborder=\"0\" marginwidth=\"0\" marginheight=\"0\" scrolling=\"no\"><\/iframe>\n<\/div><\/figure>\n\n\n\n<p>Rad je izvorno objavljen na engleskom jeziku pod naslovom \u201cSilence Enshrined: Memorializing Intercommunal Violence in a Land of Brotherhood and Unity.\u201d <em>History &amp; Memory<\/em> 36, no. 1 (Spring\/Summer 2024): 7-44.<\/p>\n\n\n\n<p><a href=\"https:\/\/muse.jhu.edu\/pub\/3\/article\/922594\">https:\/\/muse.jhu.edu\/pub\/3\/article\/922594<\/a><\/p>\n\n\n\n<hr class=\"wp-block-separator has-alpha-channel-opacity\"\/>\n\n\n\n<p><strong>Uncomfortable Evidence: On the Challenge of Telling New Stories about Srebrenica<\/strong><\/p>\n\n\n\n<p><em>Journal of Genocide Research<\/em>, February 2025, 1\u201321.<\/p>\n\n\n\n<p><strong>Sa\u017eetak:<\/strong> The International Criminal Tribunal for the Former Yugoslavia (ICTY) has sculpted the story of July 1995 in Srebrenica. In working to hold accountable the perpetrators of the crime of genocide, among other crimes against humanity, the ICTY\u2019s prosecutors gathered an immense amount of evidence, presented cases in the courtroom, and obtained numerous convictions. These legal proceedings have engendered bitter, ongoing disputes among various actors in Bosnia\u2013Herzegovina over their validity. All these dynamics have affected how historians approach this history. In general, they have not posed questions that stray far from the objectives that are firmly tied to the ICTY\u2019s genocide narrative, with its clear categories of perpetrators and victims, and objective of establishing the guilt of the former and the victimization of the latter. Nearly thirty years since July 1995, perhaps the time has come to ask: what can we learn from this approach that is new? Rather than retelling what we already know about these events, we might consider turning our analytical gaze toward what is called here, \u201cuncomfortable evidence.\u201d This is a shorthand for stories about July 1995 that resist our desire to domesticate them into binary categories of black and white, which are more relevant for legal proceedings, and those who seek to use history to affirm or deny their results. Instead, stories based on uncomfortable evidence \u2013 three of which are told and analysed here \u2013 invite us to enter a grey zone where we embrace the complexity of human behaviour and take up the challenge of accounting for it. In so doing, historians of Srebrenica can more effectively return to a primary challenge of their discipline: to explain this violent past, while resisting the urge to make sense of it with rigid categories based on their contemporary moral and political positions.<\/p>\n\n\n\n<p>Jedan dio rada je dostupan na sljede\u0107em linku:<\/p>\n\n\n\n<p><a href=\"https:\/\/www.tandfonline.com\/doi\/full\/10.1080\/14623528.2025.2460874?src=exp-la\">https:\/\/www.tandfonline.com\/doi\/full\/10.1080\/14623528.2025.2460874?src=exp-la<\/a><\/p>\n\n\n\n<hr class=\"wp-block-separator has-alpha-channel-opacity\"\/>\n\n\n\n<p><strong>Neugodni dokazi: o izazovima novih pri\u010da o Srebrenici<\/strong><\/p>\n\n\n\n<p>SAVREMENA ISTORIJA, god. 1, br. 1 (2026)<\/p>\n\n\n\n<figure class=\"wp-block-embed is-type-wp-embed is-provider-savremena-istorija-contemporary-history wp-block-embed-savremena-istorija-contemporary-history\"><div class=\"wp-block-embed__wrapper\">\n<blockquote class=\"wp-embedded-content\" data-secret=\"WV7sFjkw6h\"><a href=\"https:\/\/savremenaistorija.rs\/god-1-br-1-2026\/neugodni-dokazi-o-izazovima-novih-prica-o-srebrenici\/\">Neugodni dokazi: o izazovima novih pri\u010da o Srebrenici<\/a><\/blockquote><iframe loading=\"lazy\" class=\"wp-embedded-content\" sandbox=\"allow-scripts\" security=\"restricted\" style=\"position: absolute; visibility: hidden;\" title=\"&#8220;Neugodni dokazi: o izazovima novih pri\u010da o Srebrenici&#8221; &#8212; Savremena istorija \/ Contemporary History\" src=\"https:\/\/savremenaistorija.rs\/god-1-br-1-2026\/neugodni-dokazi-o-izazovima-novih-prica-o-srebrenici\/embed\/#?secret=4JTyx9XakI#?secret=WV7sFjkw6h\" data-secret=\"WV7sFjkw6h\" width=\"600\" height=\"338\" frameborder=\"0\" marginwidth=\"0\" marginheight=\"0\" scrolling=\"no\"><\/iframe>\n<\/div><\/figure>\n\n\n\n<hr class=\"wp-block-separator has-alpha-channel-opacity\"\/>\n","protected":false},"excerpt":{"rendered":"","protected":false},"author":2,"featured_media":45110,"comment_status":"open","ping_status":"open","sticky":false,"template":"","format":"standard","meta":{"_acf_changed":false,"jetpack_post_was_ever_published":false,"_jetpack_newsletter_access":"","_jetpack_dont_email_post_to_subs":false,"_jetpack_newsletter_tier_id":0,"_jetpack_memberships_contains_paywalled_content":false,"_jetpack_memberships_contains_paid_content":false,"footnotes":"","jetpack_publicize_message":"","jetpack_publicize_feature_enabled":true,"jetpack_social_post_already_shared":true,"jetpack_social_options":{"image_generator_settings":{"template":"highway","default_image_id":0,"font":"","enabled":false},"version":2}},"categories":[3],"tags":[],"class_list":["post-45109","post","type-post","status-publish","format-standard","has-post-thumbnail","hentry","category-novosti"],"acf":{"facebook_opis":""},"jetpack_publicize_connections":[],"jetpack_featured_media_url":"https:\/\/i0.wp.com\/historiografija.hr\/wp-content\/uploads\/2025\/03\/Garavice_spomenik.jpg?fit=1280%2C853&ssl=1","jetpack_sharing_enabled":true,"jetpack-related-posts":[],"_links":{"self":[{"href":"https:\/\/historiografija.hr\/index.php?rest_route=\/wp\/v2\/posts\/45109","targetHints":{"allow":["GET"]}}],"collection":[{"href":"https:\/\/historiografija.hr\/index.php?rest_route=\/wp\/v2\/posts"}],"about":[{"href":"https:\/\/historiografija.hr\/index.php?rest_route=\/wp\/v2\/types\/post"}],"author":[{"embeddable":true,"href":"https:\/\/historiografija.hr\/index.php?rest_route=\/wp\/v2\/users\/2"}],"replies":[{"embeddable":true,"href":"https:\/\/historiografija.hr\/index.php?rest_route=%2Fwp%2Fv2%2Fcomments&post=45109"}],"version-history":[{"count":4,"href":"https:\/\/historiografija.hr\/index.php?rest_route=\/wp\/v2\/posts\/45109\/revisions"}],"predecessor-version":[{"id":52172,"href":"https:\/\/historiografija.hr\/index.php?rest_route=\/wp\/v2\/posts\/45109\/revisions\/52172"}],"wp:featuredmedia":[{"embeddable":true,"href":"https:\/\/historiografija.hr\/index.php?rest_route=\/wp\/v2\/media\/45110"}],"wp:attachment":[{"href":"https:\/\/historiografija.hr\/index.php?rest_route=%2Fwp%2Fv2%2Fmedia&parent=45109"}],"wp:term":[{"taxonomy":"category","embeddable":true,"href":"https:\/\/historiografija.hr\/index.php?rest_route=%2Fwp%2Fv2%2Fcategories&post=45109"},{"taxonomy":"post_tag","embeddable":true,"href":"https:\/\/historiografija.hr\/index.php?rest_route=%2Fwp%2Fv2%2Ftags&post=45109"}],"curies":[{"name":"wp","href":"https:\/\/api.w.org\/{rel}","templated":true}]}}