{"id":45105,"date":"2025-03-03T22:50:05","date_gmt":"2025-03-03T22:50:05","guid":{"rendered":"https:\/\/historiografija.hr\/?p=45105"},"modified":"2025-03-03T22:51:10","modified_gmt":"2025-03-03T22:51:10","slug":"tema-tjedna-glasa-slavonije-ukrajina-put-prema-miru","status":"publish","type":"post","link":"https:\/\/historiografija.hr\/?p=45105","title":{"rendered":"Tema tjedna \u201eGlasa Slavonije\u201c \u2013 Ukrajina: put prema miru"},"content":{"rendered":"\n<p>U temi tjedna Magazina \u201cGlasa Slavonije\u201d (22. i 23. velja\u010de 2025) \u201cUkrajina: put prema miru\u201d govore i pi\u0161u u prilozima koji su sada dostupni i online: Stipe Kljai\u0107, Sanja Vuja\u010di\u0107, Denis Avdagi\u0107, Marinko Ogorec, Branko Kasalo, Branimir Jankovi\u0107, Robert Bari\u0107&#8230;<\/p>\n\n\n\n<hr class=\"wp-block-separator has-alpha-channel-opacity\"\/>\n\n\n\n<p>Stipe Kljai\u0107<\/p>\n\n\n\n<p><a href=\"https:\/\/www.glas-slavonije.hr\/magazin\/2025\/02\/28\/sankcije-na-rusiju-itekako-djeluju-ali-to-ce-se-vidjeti-na-dugi-rok-677154\">https:\/\/www.glas-slavonije.hr\/magazin\/2025\/02\/28\/sankcije-na-rusiju-itekako-djeluju-ali-to-ce-se-vidjeti-na-dugi-rok-677154<\/a><\/p>\n\n\n\n<p><a href=\"https:\/\/pogled.hr\/politika\/2025\/02\/22\/putinov-konacni-cilj-invazije-na-ukrajinu-zapravo-je-razbijanje-eu-a-i-nato-saveza-326\">https:\/\/pogled.hr\/politika\/2025\/02\/22\/putinov-konacni-cilj-invazije-na-ukrajinu-zapravo-je-razbijanje-eu-a-i-nato-saveza-326<\/a><\/p>\n\n\n\n<hr class=\"wp-block-separator has-alpha-channel-opacity\"\/>\n\n\n\n<p>Sanja Vuja\u010di\u0107<\/p>\n\n\n\n<p><a href=\"https:\/\/www.glas-slavonije.hr\/magazin\/2025\/02\/28\/trumpu-se-zuri-ceka-ga-okrsaj-s-kinom-od-koje-zeli-udaljiti-rusiju-677155\">https:\/\/www.glas-slavonije.hr\/magazin\/2025\/02\/28\/trumpu-se-zuri-ceka-ga-okrsaj-s-kinom-od-koje-zeli-udaljiti-rusiju-677155<\/a><\/p>\n\n\n\n<p><a href=\"https:\/\/pogled.hr\/politika\/2025\/02\/24\/donaldu-trumpu-se-zuri-ceka-ga-okrsaj-s-kinom-od-koje-zeli-udaljiti-rusiju-327\">https:\/\/pogled.hr\/politika\/2025\/02\/24\/donaldu-trumpu-se-zuri-ceka-ga-okrsaj-s-kinom-od-koje-zeli-udaljiti-rusiju-327<\/a><\/p>\n\n\n\n<hr class=\"wp-block-separator has-alpha-channel-opacity\"\/>\n\n\n\n<p>Denis Avdagi\u0107<\/p>\n\n\n\n<p><a href=\"https:\/\/www.glas-slavonije.hr\/magazin\/2025\/02\/28\/denis-avdagic-dobro-je-kad-se-izvana-prodrma-nas-sustav-676177\">https:\/\/www.glas-slavonije.hr\/magazin\/2025\/02\/28\/denis-avdagic-dobro-je-kad-se-izvana-prodrma-nas-sustav-676177<\/a><\/p>\n\n\n\n<hr class=\"wp-block-separator has-alpha-channel-opacity\"\/>\n\n\n\n<p>Marinko Ogorec<\/p>\n\n\n\n<p><a href=\"https:\/\/www.glas-slavonije.hr\/magazin\/2025\/02\/28\/marinko-ogorec-proces-je-zapoceo-a-kamo-vodi-znat-ce-se-vrlo-brzo-676178\">https:\/\/www.glas-slavonije.hr\/magazin\/2025\/02\/28\/marinko-ogorec-proces-je-zapoceo-a-kamo-vodi-znat-ce-se-vrlo-brzo-676178<\/a><\/p>\n\n\n\n<hr class=\"wp-block-separator has-alpha-channel-opacity\"\/>\n\n\n\n<p>Branko Kasalo<\/p>\n\n\n\n<p><a href=\"https:\/\/www.glas-slavonije.hr\/magazin\/2025\/02\/28\/branko-kasalo-birokracija-eu-a-postala-je-golemi-problem-677300\">https:\/\/www.glas-slavonije.hr\/magazin\/2025\/02\/28\/branko-kasalo-birokracija-eu-a-postala-je-golemi-problem-677300<\/a><\/p>\n\n\n\n<p><a href=\"https:\/\/pogled.hr\/politika\/2025\/02\/22\/europa-je-na-raskrizju-izmedu-vece-strateske-autonomije-i-dezintegracije-325\">https:\/\/pogled.hr\/politika\/2025\/02\/22\/europa-je-na-raskrizju-izmedu-vece-strateske-autonomije-i-dezintegracije-325<\/a><\/p>\n\n\n\n<hr class=\"wp-block-separator has-alpha-channel-opacity\"\/>\n\n\n\n<p>Branimir Jankovi\u0107<\/p>\n\n\n\n<p><a href=\"https:\/\/www.glas-slavonije.hr\/magazin\/2025\/02\/28\/branimir-jankovic-usred-smo-nove-prijelomne-krize-medunarodnog-poretka-677301\">https:\/\/www.glas-slavonije.hr\/magazin\/2025\/02\/28\/branimir-jankovic-usred-smo-nove-prijelomne-krize-medunarodnog-poretka-677301<\/a><\/p>\n\n\n\n<p><a href=\"https:\/\/pogled.hr\/politika\/2025\/02\/24\/buducnost-se-sasvim-sigurno-nece-odigrati-prema-scenariju-proslosti-329\">https:\/\/pogled.hr\/politika\/2025\/02\/24\/buducnost-se-sasvim-sigurno-nece-odigrati-prema-scenariju-proslosti-329<\/a><\/p>\n\n\n\n<hr class=\"wp-block-separator has-alpha-channel-opacity\"\/>\n\n\n\n<p>Robert Bari\u0107<\/p>\n\n\n\n<p><a href=\"https:\/\/www.glas-slavonije.hr\/magazin\/2025\/02\/28\/robert-baric-buducnost-je-krajnje-neizvjesna-677302\">https:\/\/www.glas-slavonije.hr\/magazin\/2025\/02\/28\/robert-baric-buducnost-je-krajnje-neizvjesna-677302<\/a><\/p>\n\n\n\n<hr class=\"wp-block-separator has-alpha-channel-opacity\"\/>\n\n\n\n<p>Milan Hovorka<\/p>\n\n\n\n<p><a href=\"https:\/\/pogled.hr\/politika\/2025\/02\/26\/sporazum-ne-smije-biti-u-suprotnosti-s-interesima-ukrajine-ili-europe-330\">https:\/\/pogled.hr\/politika\/2025\/02\/26\/sporazum-ne-smije-biti-u-suprotnosti-s-interesima-ukrajine-ili-europe-330<\/a><\/p>\n\n\n\n<hr class=\"wp-block-separator has-alpha-channel-opacity\"\/>\n","protected":false},"excerpt":{"rendered":"","protected":false},"author":2,"featured_media":45106,"comment_status":"open","ping_status":"open","sticky":false,"template":"","format":"standard","meta":{"_acf_changed":false,"jetpack_post_was_ever_published":false,"_jetpack_newsletter_access":"","_jetpack_dont_email_post_to_subs":false,"_jetpack_newsletter_tier_id":0,"_jetpack_memberships_contains_paywalled_content":false,"_jetpack_memberships_contains_paid_content":false,"footnotes":"","jetpack_publicize_message":"","jetpack_publicize_feature_enabled":true,"jetpack_social_post_already_shared":true,"jetpack_social_options":{"image_generator_settings":{"template":"highway","default_image_id":0,"font":"","enabled":false},"version":2}},"categories":[3],"tags":[],"class_list":["post-45105","post","type-post","status-publish","format-standard","has-post-thumbnail","hentry","category-novosti"],"acf":{"facebook_opis":""},"jetpack_publicize_connections":[],"jetpack_featured_media_url":"https:\/\/i0.wp.com\/historiografija.hr\/wp-content\/uploads\/2025\/03\/Ukraine.png?fit=970%2C559&ssl=1","jetpack_sharing_enabled":true,"jetpack-related-posts":[],"_links":{"self":[{"href":"https:\/\/historiografija.hr\/index.php?rest_route=\/wp\/v2\/posts\/45105","targetHints":{"allow":["GET"]}}],"collection":[{"href":"https:\/\/historiografija.hr\/index.php?rest_route=\/wp\/v2\/posts"}],"about":[{"href":"https:\/\/historiografija.hr\/index.php?rest_route=\/wp\/v2\/types\/post"}],"author":[{"embeddable":true,"href":"https:\/\/historiografija.hr\/index.php?rest_route=\/wp\/v2\/users\/2"}],"replies":[{"embeddable":true,"href":"https:\/\/historiografija.hr\/index.php?rest_route=%2Fwp%2Fv2%2Fcomments&post=45105"}],"version-history":[{"count":2,"href":"https:\/\/historiografija.hr\/index.php?rest_route=\/wp\/v2\/posts\/45105\/revisions"}],"predecessor-version":[{"id":45108,"href":"https:\/\/historiografija.hr\/index.php?rest_route=\/wp\/v2\/posts\/45105\/revisions\/45108"}],"wp:featuredmedia":[{"embeddable":true,"href":"https:\/\/historiografija.hr\/index.php?rest_route=\/wp\/v2\/media\/45106"}],"wp:attachment":[{"href":"https:\/\/historiografija.hr\/index.php?rest_route=%2Fwp%2Fv2%2Fmedia&parent=45105"}],"wp:term":[{"taxonomy":"category","embeddable":true,"href":"https:\/\/historiografija.hr\/index.php?rest_route=%2Fwp%2Fv2%2Fcategories&post=45105"},{"taxonomy":"post_tag","embeddable":true,"href":"https:\/\/historiografija.hr\/index.php?rest_route=%2Fwp%2Fv2%2Ftags&post=45105"}],"curies":[{"name":"wp","href":"https:\/\/api.w.org\/{rel}","templated":true}]}}