{"id":45099,"date":"2025-03-03T22:12:18","date_gmt":"2025-03-03T22:12:18","guid":{"rendered":"https:\/\/historiografija.hr\/?p=45099"},"modified":"2025-03-03T22:12:18","modified_gmt":"2025-03-03T22:12:18","slug":"predstavljanje-zbornika-od-sclavoniae-do-slavonije-i-zavrsno-predstavljanje-istrazivackog-projekta-sclavonija-ime-opseg-i-granicni-polozaj-u-srednjem","status":"publish","type":"post","link":"https:\/\/historiografija.hr\/?p=45099","title":{"rendered":"Predstavljanje zbornika \u201eOd \u2018Sclavoniae\u2019 do Slavonije\u201c i zavr\u0161no predstavljanje istra\u017eiva\u010dkog projekta \u201eS(c)lavoni(j)a: ime, opseg i grani\u010dni polo\u017eaj u srednjem i ranom novom vijeku\u201d (IP-2020-02-3333)\u201c"},"content":{"rendered":"\n<p>Gradska knji\u017enica Slavonski Brod, 6. o\u017eujka 2025. (\u010detvrtak) u 12:00 sati<\/p>\n\n\n\n<hr class=\"wp-block-separator has-alpha-channel-opacity\"\/>\n\n\n\n<p>Izvor i dodatne obavijesti:<\/p>\n\n\n\n<figure class=\"wp-block-embed is-type-wp-embed is-provider-hrvatski-institut-za-povijest wp-block-embed-hrvatski-institut-za-povijest\"><div class=\"wp-block-embed__wrapper\">\n<blockquote class=\"wp-embedded-content\" data-secret=\"bAvAqQaypj\"><a href=\"https:\/\/hipsb.hr\/predstavljanje-zbornika-od-sclavoniae-do-slavonije-i-zavrsno-predstavljanje-istrazivackog-projekta-sclavonija-ime-opseg-i-granicni-polozaj-u-srednjem-i-ranom-novom-vi\/\">Predstavljanje zbornika \u201eOd &#8216;Sclavoniae&#8217; do Slavonije\u201c i zavr\u0161no predstavljanje  istra\u017eiva\u010dkog projekta \u201eS(c)lavoni(j)a: ime, opseg i grani\u010dni polo\u017eaj u srednjem i ranom novom vijeku\u201d (IP-2020-02-3333)\u201c<\/a><\/blockquote><iframe loading=\"lazy\" class=\"wp-embedded-content\" sandbox=\"allow-scripts\" security=\"restricted\" style=\"position: absolute; visibility: hidden;\" title=\"&#8220;Predstavljanje zbornika \u201eOd &#8216;Sclavoniae&#8217; do Slavonije\u201c i zavr\u0161no predstavljanje  istra\u017eiva\u010dkog projekta \u201eS(c)lavoni(j)a: ime, opseg i grani\u010dni polo\u017eaj u srednjem i ranom novom vijeku\u201d (IP-2020-02-3333)\u201c&#8221; &#8212; Hrvatski institut za povijest\" src=\"https:\/\/hipsb.hr\/predstavljanje-zbornika-od-sclavoniae-do-slavonije-i-zavrsno-predstavljanje-istrazivackog-projekta-sclavonija-ime-opseg-i-granicni-polozaj-u-srednjem-i-ranom-novom-vi\/embed\/#?secret=bAvAqQaypj\" data-secret=\"bAvAqQaypj\" width=\"600\" height=\"338\" frameborder=\"0\" marginwidth=\"0\" marginheight=\"0\" scrolling=\"no\"><\/iframe>\n<\/div><\/figure>\n\n\n\n<hr class=\"wp-block-separator has-alpha-channel-opacity\"\/>\n","protected":false},"excerpt":{"rendered":"","protected":false},"author":2,"featured_media":45100,"comment_status":"open","ping_status":"open","sticky":false,"template":"","format":"standard","meta":{"_acf_changed":false,"jetpack_post_was_ever_published":false,"_jetpack_newsletter_access":"","_jetpack_dont_email_post_to_subs":false,"_jetpack_newsletter_tier_id":0,"_jetpack_memberships_contains_paywalled_content":false,"_jetpack_memberships_contains_paid_content":false,"footnotes":"","jetpack_publicize_message":"","jetpack_publicize_feature_enabled":true,"jetpack_social_post_already_shared":true,"jetpack_social_options":{"image_generator_settings":{"template":"highway","default_image_id":0,"font":"","enabled":false},"version":2}},"categories":[3],"tags":[],"class_list":["post-45099","post","type-post","status-publish","format-standard","has-post-thumbnail","hentry","category-novosti"],"acf":{"facebook_opis":""},"jetpack_publicize_connections":[],"jetpack_featured_media_url":"https:\/\/i0.wp.com\/historiografija.hr\/wp-content\/uploads\/2025\/03\/Pozivnica_HIP.png?fit=768%2C724&ssl=1","jetpack_sharing_enabled":true,"jetpack-related-posts":[],"_links":{"self":[{"href":"https:\/\/historiografija.hr\/index.php?rest_route=\/wp\/v2\/posts\/45099","targetHints":{"allow":["GET"]}}],"collection":[{"href":"https:\/\/historiografija.hr\/index.php?rest_route=\/wp\/v2\/posts"}],"about":[{"href":"https:\/\/historiografija.hr\/index.php?rest_route=\/wp\/v2\/types\/post"}],"author":[{"embeddable":true,"href":"https:\/\/historiografija.hr\/index.php?rest_route=\/wp\/v2\/users\/2"}],"replies":[{"embeddable":true,"href":"https:\/\/historiografija.hr\/index.php?rest_route=%2Fwp%2Fv2%2Fcomments&post=45099"}],"version-history":[{"count":1,"href":"https:\/\/historiografija.hr\/index.php?rest_route=\/wp\/v2\/posts\/45099\/revisions"}],"predecessor-version":[{"id":45101,"href":"https:\/\/historiografija.hr\/index.php?rest_route=\/wp\/v2\/posts\/45099\/revisions\/45101"}],"wp:featuredmedia":[{"embeddable":true,"href":"https:\/\/historiografija.hr\/index.php?rest_route=\/wp\/v2\/media\/45100"}],"wp:attachment":[{"href":"https:\/\/historiografija.hr\/index.php?rest_route=%2Fwp%2Fv2%2Fmedia&parent=45099"}],"wp:term":[{"taxonomy":"category","embeddable":true,"href":"https:\/\/historiografija.hr\/index.php?rest_route=%2Fwp%2Fv2%2Fcategories&post=45099"},{"taxonomy":"post_tag","embeddable":true,"href":"https:\/\/historiografija.hr\/index.php?rest_route=%2Fwp%2Fv2%2Ftags&post=45099"}],"curies":[{"name":"wp","href":"https:\/\/api.w.org\/{rel}","templated":true}]}}