{"id":45096,"date":"2025-03-03T22:03:23","date_gmt":"2025-03-03T22:03:23","guid":{"rendered":"https:\/\/historiografija.hr\/?p=45096"},"modified":"2025-03-03T22:03:23","modified_gmt":"2025-03-03T22:03:23","slug":"filozoffrirajmo-od-zigmunda-luksemburskog-do-bitke-na-krbavskom-polju","status":"publish","type":"post","link":"https:\/\/historiografija.hr\/?p=45096","title":{"rendered":"FilozoFFRIrajmo: Od \u017digmunda Luksembur\u0161kog do bitke na Krbavskom polju"},"content":{"rendered":"\n<p>Podcast Filozofskog fakulteta u Rijeci<\/p>\n\n\n\n<p>GOST: dr. sc. Neven Budak<\/p>\n\n\n\n<p>O kasnom srednjem vijeku i turbulentnim doga\u0111anjima koja su obilje\u017eila ovaj te\u017eak period Hrvatsko-Ugarskog Kraljevstva govori nam jedan od najve\u0107ih hrvatskih medievista posljednjih nekoliko desetlje\u0107a, odnedavno umirovljeni profesor Neven Budak. Osim povijesnog presjeka, prof. Budak iz iskustva prenosi znanje i o istra\u017eiva\u010dkom radu, pisanju znanstvenih knjiga i aktualnostima u hrvatskoj historiografiji.<\/p>\n\n\n\n<hr class=\"wp-block-separator has-alpha-channel-opacity\"\/>\n\n\n\n<p>Profesor Budak govori nam o srednjovjekovnim prilikama u Hrvatsko-Ugarskom Kraljevstvu u dinami\u010dnom periodu od dolaska \u017digmunda Luksembur\u0161kog koji se za krunu morao izboriti u nepovoljnim prilikama protudvorske urote. Razgovor dalje te\u010de u smjeru rata s osmanskim osvaja\u010dima, bitci kod Nikopolja, opsadi Beograda i bitci na Krbavskom polju, doga\u0111ajima od ogromnog zna\u010daja za regionalnu, doma\u0107u, ali i europsku povijest.<\/p>\n\n\n\n<figure class=\"wp-block-embed is-type-video is-provider-youtube wp-block-embed-youtube wp-embed-aspect-16-9 wp-has-aspect-ratio\"><div class=\"wp-block-embed__wrapper\">\n<span class=\"embed-youtube\" style=\"text-align:center; display: block;\"><iframe loading=\"lazy\" class=\"youtube-player\" width=\"860\" height=\"484\" src=\"https:\/\/www.youtube.com\/embed\/_oQovQ8ZO5I?version=3&#038;rel=1&#038;showsearch=0&#038;showinfo=1&#038;iv_load_policy=1&#038;fs=1&#038;hl=hr&#038;autohide=2&#038;wmode=transparent\" allowfullscreen=\"true\" style=\"border:0;\" sandbox=\"allow-scripts allow-same-origin allow-popups allow-presentation allow-popups-to-escape-sandbox\"><\/iframe><\/span>\n<\/div><\/figure>\n\n\n\n<hr class=\"wp-block-separator has-alpha-channel-opacity\"\/>\n\n\n\n<p>Na ovu i prethodne epizode uputio je i portal <strong>Historiografija.ba<\/strong>:<\/p>\n\n\n\n<p><a href=\"https:\/\/historiografija.ba\/historija-u-javnosti\/dogadjaji\/od-zigmunda-luksemburskog-do-bitke-na-krbavskom-polju\">https:\/\/historiografija.ba\/historija-u-javnosti\/dogadjaji\/od-zigmunda-luksemburskog-do-bitke-na-krbavskom-polju<\/a><\/p>\n\n\n\n<p><a href=\"https:\/\/historiografija.ba\/historija-u-javnosti\/dogadjaji\/podcast-rijeckih-studenata-i-profesora-filozoffrirajmo\">https:\/\/historiografija.ba\/historija-u-javnosti\/dogadjaji\/podcast-rijeckih-studenata-i-profesora-filozoffrirajmo<\/a><\/p>\n\n\n\n<hr class=\"wp-block-separator has-alpha-channel-opacity\"\/>\n","protected":false},"excerpt":{"rendered":"","protected":false},"author":2,"featured_media":45097,"comment_status":"open","ping_status":"open","sticky":false,"template":"","format":"standard","meta":{"_acf_changed":false,"jetpack_post_was_ever_published":false,"_jetpack_newsletter_access":"","_jetpack_dont_email_post_to_subs":false,"_jetpack_newsletter_tier_id":0,"_jetpack_memberships_contains_paywalled_content":false,"_jetpack_memberships_contains_paid_content":false,"footnotes":"","jetpack_publicize_message":"","jetpack_publicize_feature_enabled":true,"jetpack_social_post_already_shared":true,"jetpack_social_options":{"image_generator_settings":{"template":"highway","default_image_id":0,"font":"","enabled":false},"version":2}},"categories":[3,23],"tags":[],"class_list":["post-45096","post","type-post","status-publish","format-standard","has-post-thumbnail","hentry","category-novosti","category-podcasti"],"acf":{"facebook_opis":""},"jetpack_publicize_connections":[],"jetpack_featured_media_url":"https:\/\/i0.wp.com\/historiografija.hr\/wp-content\/uploads\/2025\/03\/Budak.png?fit=555%2C279&ssl=1","jetpack_sharing_enabled":true,"jetpack-related-posts":[],"_links":{"self":[{"href":"https:\/\/historiografija.hr\/index.php?rest_route=\/wp\/v2\/posts\/45096","targetHints":{"allow":["GET"]}}],"collection":[{"href":"https:\/\/historiografija.hr\/index.php?rest_route=\/wp\/v2\/posts"}],"about":[{"href":"https:\/\/historiografija.hr\/index.php?rest_route=\/wp\/v2\/types\/post"}],"author":[{"embeddable":true,"href":"https:\/\/historiografija.hr\/index.php?rest_route=\/wp\/v2\/users\/2"}],"replies":[{"embeddable":true,"href":"https:\/\/historiografija.hr\/index.php?rest_route=%2Fwp%2Fv2%2Fcomments&post=45096"}],"version-history":[{"count":1,"href":"https:\/\/historiografija.hr\/index.php?rest_route=\/wp\/v2\/posts\/45096\/revisions"}],"predecessor-version":[{"id":45098,"href":"https:\/\/historiografija.hr\/index.php?rest_route=\/wp\/v2\/posts\/45096\/revisions\/45098"}],"wp:featuredmedia":[{"embeddable":true,"href":"https:\/\/historiografija.hr\/index.php?rest_route=\/wp\/v2\/media\/45097"}],"wp:attachment":[{"href":"https:\/\/historiografija.hr\/index.php?rest_route=%2Fwp%2Fv2%2Fmedia&parent=45096"}],"wp:term":[{"taxonomy":"category","embeddable":true,"href":"https:\/\/historiografija.hr\/index.php?rest_route=%2Fwp%2Fv2%2Fcategories&post=45096"},{"taxonomy":"post_tag","embeddable":true,"href":"https:\/\/historiografija.hr\/index.php?rest_route=%2Fwp%2Fv2%2Ftags&post=45096"}],"curies":[{"name":"wp","href":"https:\/\/api.w.org\/{rel}","templated":true}]}}