{"id":45093,"date":"2025-03-03T21:51:13","date_gmt":"2025-03-03T21:51:13","guid":{"rendered":"https:\/\/historiografija.hr\/?p=45093"},"modified":"2025-03-03T21:54:42","modified_gmt":"2025-03-03T21:54:42","slug":"nova-sezona-emisije-povijesne-kontroverze","status":"publish","type":"post","link":"https:\/\/historiografija.hr\/?p=45093","title":{"rendered":"Nova sezona emisije \u201ePovijesne kontroverze\u201c"},"content":{"rendered":"\n<p>U tijeku je nova sezona emisije \u201ePovijesne kontroverze\u201c Tre\u0107eg programa Hrvatskog radija koju je mogu\u0107e slu\u0161ati u\u017eivo utorkom od 15:05 do 16:00 sati, a zadnjih nekoliko epizoda poslu\u0161ati naknadno u slu\u0161aonici na sljede\u0107oj poveznici:<\/p>\n\n\n\n<p><a href=\"https:\/\/radio.hrt.hr\/slusaonica\/povijesne-kontroverze\">https:\/\/radio.hrt.hr\/slusaonica\/povijesne-kontroverze<\/a><\/p>\n\n\n\n<hr class=\"wp-block-separator has-alpha-channel-opacity\"\/>\n","protected":false},"excerpt":{"rendered":"","protected":false},"author":2,"featured_media":28920,"comment_status":"open","ping_status":"open","sticky":false,"template":"","format":"standard","meta":{"_acf_changed":false,"jetpack_post_was_ever_published":false,"_jetpack_newsletter_access":"","_jetpack_dont_email_post_to_subs":false,"_jetpack_newsletter_tier_id":0,"_jetpack_memberships_contains_paywalled_content":false,"_jetpack_memberships_contains_paid_content":false,"footnotes":"","jetpack_publicize_message":"","jetpack_publicize_feature_enabled":true,"jetpack_social_post_already_shared":true,"jetpack_social_options":{"image_generator_settings":{"template":"highway","default_image_id":0,"font":"","enabled":false},"version":2}},"categories":[3,23],"tags":[],"class_list":["post-45093","post","type-post","status-publish","format-standard","has-post-thumbnail","hentry","category-novosti","category-podcasti"],"acf":{"facebook_opis":""},"jetpack_publicize_connections":[],"jetpack_featured_media_url":"https:\/\/i0.wp.com\/historiografija.hr\/wp-content\/uploads\/2021\/12\/povijesne-kontroverze.jpg?fit=1920%2C1080&ssl=1","jetpack_sharing_enabled":true,"jetpack-related-posts":[],"_links":{"self":[{"href":"https:\/\/historiografija.hr\/index.php?rest_route=\/wp\/v2\/posts\/45093","targetHints":{"allow":["GET"]}}],"collection":[{"href":"https:\/\/historiografija.hr\/index.php?rest_route=\/wp\/v2\/posts"}],"about":[{"href":"https:\/\/historiografija.hr\/index.php?rest_route=\/wp\/v2\/types\/post"}],"author":[{"embeddable":true,"href":"https:\/\/historiografija.hr\/index.php?rest_route=\/wp\/v2\/users\/2"}],"replies":[{"embeddable":true,"href":"https:\/\/historiografija.hr\/index.php?rest_route=%2Fwp%2Fv2%2Fcomments&post=45093"}],"version-history":[{"count":2,"href":"https:\/\/historiografija.hr\/index.php?rest_route=\/wp\/v2\/posts\/45093\/revisions"}],"predecessor-version":[{"id":45095,"href":"https:\/\/historiografija.hr\/index.php?rest_route=\/wp\/v2\/posts\/45093\/revisions\/45095"}],"wp:featuredmedia":[{"embeddable":true,"href":"https:\/\/historiografija.hr\/index.php?rest_route=\/wp\/v2\/media\/28920"}],"wp:attachment":[{"href":"https:\/\/historiografija.hr\/index.php?rest_route=%2Fwp%2Fv2%2Fmedia&parent=45093"}],"wp:term":[{"taxonomy":"category","embeddable":true,"href":"https:\/\/historiografija.hr\/index.php?rest_route=%2Fwp%2Fv2%2Fcategories&post=45093"},{"taxonomy":"post_tag","embeddable":true,"href":"https:\/\/historiografija.hr\/index.php?rest_route=%2Fwp%2Fv2%2Ftags&post=45093"}],"curies":[{"name":"wp","href":"https:\/\/api.w.org\/{rel}","templated":true}]}}