{"id":45074,"date":"2025-02-28T22:33:35","date_gmt":"2025-02-28T22:33:35","guid":{"rendered":"https:\/\/historiografija.hr\/?p=45074"},"modified":"2025-02-28T22:33:53","modified_gmt":"2025-02-28T22:33:53","slug":"podcasti-povijesne-tematike-p-portala","status":"publish","type":"post","link":"https:\/\/historiografija.hr\/?p=45074","title":{"rendered":"Podcasti povijesne tematike P-portala"},"content":{"rendered":"\n<p>U podcastu P-portala \u201eKo to tamo pri\u010da\u201c, koji vodi student povijesti Leon \u0106evani\u0107, do sada su gostovali Karlo Mak, Filip Ba\u010durin, David Bili\u0107, Karlo Jurak\u2026 U podcastu \u201ePravo glasa\u201c govorili su Milan Radanovi\u0107, Tihomir Pono\u0161, Vesna Ter\u0161eli\u010d, Nikola Vukobratovi\u0107\u2026<\/p>\n\n\n\n<hr class=\"wp-block-separator has-alpha-channel-opacity\"\/>\n\n\n\n<p>Op\u0161irnije:<\/p>\n\n\n\n<p><a href=\"https:\/\/p-portal.net\/category\/podcast\/pravo-glasa\">https:\/\/p-portal.net\/category\/podcast\/pravo-glasa<\/a><\/p>\n\n\n\n<p><a href=\"https:\/\/www.youtube.com\/@Pportal\/videos\">https:\/\/www.youtube.com\/@Pportal\/videos<\/a><\/p>\n\n\n\n<hr class=\"wp-block-separator has-alpha-channel-opacity\"\/>\n","protected":false},"excerpt":{"rendered":"","protected":false},"author":2,"featured_media":45075,"comment_status":"open","ping_status":"open","sticky":false,"template":"","format":"standard","meta":{"_acf_changed":false,"jetpack_post_was_ever_published":false,"_jetpack_newsletter_access":"","_jetpack_dont_email_post_to_subs":false,"_jetpack_newsletter_tier_id":0,"_jetpack_memberships_contains_paywalled_content":false,"_jetpack_memberships_contains_paid_content":false,"footnotes":"","jetpack_publicize_message":"","jetpack_publicize_feature_enabled":true,"jetpack_social_post_already_shared":true,"jetpack_social_options":{"image_generator_settings":{"template":"highway","default_image_id":0,"font":"","enabled":false},"version":2}},"categories":[3,23],"tags":[],"class_list":["post-45074","post","type-post","status-publish","format-standard","has-post-thumbnail","hentry","category-novosti","category-podcasti"],"acf":{"facebook_opis":""},"jetpack_publicize_connections":[],"jetpack_featured_media_url":"https:\/\/i0.wp.com\/historiografija.hr\/wp-content\/uploads\/2025\/02\/Leon_Cevanic.jpeg?fit=1280%2C720&ssl=1","jetpack_sharing_enabled":true,"jetpack-related-posts":[],"_links":{"self":[{"href":"https:\/\/historiografija.hr\/index.php?rest_route=\/wp\/v2\/posts\/45074","targetHints":{"allow":["GET"]}}],"collection":[{"href":"https:\/\/historiografija.hr\/index.php?rest_route=\/wp\/v2\/posts"}],"about":[{"href":"https:\/\/historiografija.hr\/index.php?rest_route=\/wp\/v2\/types\/post"}],"author":[{"embeddable":true,"href":"https:\/\/historiografija.hr\/index.php?rest_route=\/wp\/v2\/users\/2"}],"replies":[{"embeddable":true,"href":"https:\/\/historiografija.hr\/index.php?rest_route=%2Fwp%2Fv2%2Fcomments&post=45074"}],"version-history":[{"count":2,"href":"https:\/\/historiografija.hr\/index.php?rest_route=\/wp\/v2\/posts\/45074\/revisions"}],"predecessor-version":[{"id":45077,"href":"https:\/\/historiografija.hr\/index.php?rest_route=\/wp\/v2\/posts\/45074\/revisions\/45077"}],"wp:featuredmedia":[{"embeddable":true,"href":"https:\/\/historiografija.hr\/index.php?rest_route=\/wp\/v2\/media\/45075"}],"wp:attachment":[{"href":"https:\/\/historiografija.hr\/index.php?rest_route=%2Fwp%2Fv2%2Fmedia&parent=45074"}],"wp:term":[{"taxonomy":"category","embeddable":true,"href":"https:\/\/historiografija.hr\/index.php?rest_route=%2Fwp%2Fv2%2Fcategories&post=45074"},{"taxonomy":"post_tag","embeddable":true,"href":"https:\/\/historiografija.hr\/index.php?rest_route=%2Fwp%2Fv2%2Ftags&post=45074"}],"curies":[{"name":"wp","href":"https:\/\/api.w.org\/{rel}","templated":true}]}}