{"id":45071,"date":"2025-02-28T22:21:37","date_gmt":"2025-02-28T22:21:37","guid":{"rendered":"https:\/\/historiografija.hr\/?p=45071"},"modified":"2025-02-28T22:21:37","modified_gmt":"2025-02-28T22:21:37","slug":"predstavljanje-knjige-krik-hrvatskih-disidenata-i-disonanca-zapada-autorice-julienne-busic-u-splitu-i-makarskoj","status":"publish","type":"post","link":"https:\/\/historiografija.hr\/?p=45071","title":{"rendered":"Predstavljanje knjige \u201cKrik hrvatskih disidenata i disonanca Zapada\u201d autorice Julienne Bu\u0161i\u0107 u Splitu i Makarskoj"},"content":{"rendered":"\n<p>U organizaciji Hrvatske udruge Benedikt i ogranaka Matice hrvatske u Splitu i Makarskoj predstavljamo\u00a0knjigu \u201c<strong>Krik hrvatskih disidenata i disonanca Zapada<\/strong>\u201d autorice\u00a0<strong>Julienne Bu\u0161i\u0107,\u00a0<\/strong>mag. philol. germ.<\/p>\n\n\n\n<p><strong>U Makarskoj<\/strong>&nbsp;je predstavljanje&nbsp;<strong>u ponedjeljak, 3. o\u017eujka 2025.<\/strong>&nbsp;s po\u010detkom u 18h&nbsp;<strong>u Vatrogasnom domu<\/strong>, adresa: Potok br. 2., u organizaciji Ogranka Matice hrvatske Makarska i Hrvatske udruge Benedikt. Uz autoricu g\u0111u. Bu\u0161i\u0107 sudjeluju: prof. Luka Knez, prof. Ante \u0160krabi\u0107 i Radoslav Zaradi\u0107, mag. hist.<\/p>\n\n\n\n<p><strong>U Splitu<\/strong>&nbsp;je predstavljanje&nbsp;<strong>u utorak, 4. o\u017eujka 2025.<\/strong>&nbsp;s po\u010detkom u 18h&nbsp;u organizaciji Ogranka Matice hrvatske Split i Hrvatske udruge Benedikt&nbsp;<strong>u dvorani Vinko Draganja, Dominikanski samostan<\/strong>, Hrvojeva 2, Split. Uz autoricu g\u0111u. Bu\u0161i\u0107 sudjeluju: dr. sc. Andrijana&nbsp;Perkovi\u0107 Palo\u0161, prof. Luka Knez i Radoslav Zaradi\u0107, mag. hist.<\/p>\n\n\n\n<p>Rije\u010d je o dvojezi\u010dnoj knjizi \u201cKrik hrvatskih disidenata i disonanca Zapada\u201d (<em>Croatian dissidents and the dissonance of the West<\/em>) koja donosi&nbsp;dijelom objavljene, a ve\u0107im dijelom i neobjavljene tekstove istaknutih sudionika Hrvatskoga prolje\u0107a \u2013 Franje Tu\u0111mana, Vlade Gotovca, Marka Veselice, Petra \u0160egedina i Ivana Zvonimira \u010ci\u010dka.<\/p>\n\n\n\n<p>U uvodnom dijelu objavljeni su tekstovi Julienne Bu\u0161i\u0107, Zlatka Begonje i Luke Kneza koji je ujedno su-urednik knjige. U poglavlju&nbsp;<em>Sve na kocki<\/em>&nbsp;objavljeni su intervju Vlade Gotovca \u0161vedskoj TV i&nbsp;<em>France Internationalu<\/em>, Franje Tu\u0111mana&nbsp;<em>France Internationalu<\/em>, Ivana Zvonimira \u010ci\u010dka&nbsp;<em>Der Spieglu<\/em>, Petra \u0160egedina \u0161vedskoj televiziji i Marka Veselice&nbsp;<em>Der Spieglu<\/em>.<\/p>\n\n\n\n<p>U poglavlju&nbsp;<em>Cijena otpora<\/em>&nbsp;objavljena je \u201cZavr\u0161na rije\u010d\u201d Dra\u017eena Budi\u0161e na procesu 1972., \u201cOdgovor Franje Tu\u0111mana na sudsku optu\u017ebu 1981.\u201d te \u201cZavr\u0161na rije\u010d Franje Tu\u0111mana na su\u0111enju 1981\u201d. U poglavlju&nbsp;<em>U\u0161utkani glasovi<\/em>&nbsp;tekst je Brune Bu\u0161i\u0107a \u201cZatvori u Hrvatskoj\u201d i \u201cIzvje\u0161\u0107e o represiji u Jugoslaviji\u201d.<\/p>\n\n\n\n<p>U posljednjem, \u0161estom poglavlju&nbsp;<em>Razbijanje zapadnog embarga na istinu o Titovoj Jugoslaviji&nbsp;<\/em>daje se \u201cZapisnik razgovora\u201d, odnosno sa\u017eetak razgovora Henrya Kissingera i Bogdana Crnobrnje koji je nedavno kao dokument postao dostupan na mre\u017enoj stranici ameri\u010dke vlade te \u201cDeklaracija vrhovnog zapovjedni\u0161tva Hrvatskih nacionalnih oslobodila\u010dkih snaga\u201d koju je 1976. napisao Bruno Bu\u0161i\u0107. Predgovor je napisao dr. sc. Josip Mihaljevi\u0107, a Pogovor dr. sc. Stipe Kljai\u0107, povjesni\u010dari s Hrvatskog instituta za povijest.<\/p>\n\n\n\n<hr class=\"wp-block-separator has-alpha-channel-opacity\"\/>\n\n\n\n<p>Izvor:<\/p>\n\n\n\n<figure class=\"wp-block-embed is-type-wp-embed is-provider-hu-benedikt wp-block-embed-hu-benedikt\"><div class=\"wp-block-embed__wrapper\">\n<blockquote class=\"wp-embedded-content\" data-secret=\"nwPKWZ1Rql\"><a href=\"https:\/\/hu-benedikt.hr\/2025\/02\/predstavljanje-knjige-krik-hrvatskih-disidenata-i-disonanca-zapada-autorice-julienne-busic-u-splitu-i-makarskoj\/\">Predstavljanje knjige &#8220;Krik hrvatskih disidenata i disonanca Zapada&#8221; autorice Julienne Bu\u0161i\u0107 u Splitu i Makarskoj<\/a><\/blockquote><iframe loading=\"lazy\" class=\"wp-embedded-content\" sandbox=\"allow-scripts\" security=\"restricted\" style=\"position: absolute; visibility: hidden;\" title=\"&#8220;Predstavljanje knjige &#8220;Krik hrvatskih disidenata i disonanca Zapada&#8221; autorice Julienne Bu\u0161i\u0107 u Splitu i Makarskoj&#8221; &#8212; Hu-benedikt\" src=\"https:\/\/hu-benedikt.hr\/2025\/02\/predstavljanje-knjige-krik-hrvatskih-disidenata-i-disonanca-zapada-autorice-julienne-busic-u-splitu-i-makarskoj\/embed\/#?secret=nwPKWZ1Rql\" data-secret=\"nwPKWZ1Rql\" width=\"600\" height=\"338\" frameborder=\"0\" marginwidth=\"0\" marginheight=\"0\" scrolling=\"no\"><\/iframe>\n<\/div><\/figure>\n\n\n\n<hr class=\"wp-block-separator has-alpha-channel-opacity\"\/>\n\n\n\n<p>Dodatne obavijesti:<\/p>\n\n\n\n<p><a href=\"https:\/\/shop.skolskaknjiga.hr\/krik-hrvatskih-disidenata-i-disonanca-zapada-croatian-dissidents-and-the-dissonance-of-the-west.html\">https:\/\/shop.skolskaknjiga.hr\/krik-hrvatskih-disidenata-i-disonanca-zapada-croatian-dissidents-and-the-dissonance-of-the-west.html<\/a><\/p>\n\n\n\n<figure class=\"wp-block-embed is-type-wp-embed is-provider-nacional-hr wp-block-embed-nacional-hr\"><div class=\"wp-block-embed__wrapper\">\n<blockquote class=\"wp-embedded-content\" data-secret=\"JHoOty2VBE\"><a href=\"https:\/\/www.nacional.hr\/zabranjena-svjedocanstva-objavljena-knjiga-krik-hrvatskih-disidenata-i-disonanca-zapada\/\">ZABRANJENA SVJEDO\u010cANSTVA Objavljena knjiga &#8216;Krik hrvatskih disidenata i disonanca Zapada&#8217;<\/a><\/blockquote><iframe loading=\"lazy\" class=\"wp-embedded-content\" sandbox=\"allow-scripts\" security=\"restricted\" style=\"position: absolute; visibility: hidden;\" title=\"&#8220;ZABRANJENA SVJEDO\u010cANSTVA Objavljena knjiga &#8216;Krik hrvatskih disidenata i disonanca Zapada&#8217;&#8221; &#8212; NACIONAL.HR\" src=\"https:\/\/www.nacional.hr\/zabranjena-svjedocanstva-objavljena-knjiga-krik-hrvatskih-disidenata-i-disonanca-zapada\/embed\/#?secret=IhoAdZO1nL#?secret=JHoOty2VBE\" data-secret=\"JHoOty2VBE\" width=\"600\" height=\"338\" frameborder=\"0\" marginwidth=\"0\" marginheight=\"0\" scrolling=\"no\"><\/iframe>\n<\/div><\/figure>\n\n\n\n<figure class=\"wp-block-embed is-type-wp-embed is-provider-novi-list wp-block-embed-novi-list\"><div class=\"wp-block-embed__wrapper\">\n<blockquote class=\"wp-embedded-content\" data-secret=\"h5wOQiHDtx\"><a href=\"https:\/\/www.novilist.hr\/ostalo\/kultura\/knjizevnost\/predstavljena-knjiga-krik-hrvatskih-disidenata-i-disonanca-zapada\/\">Predstavljena knjiga &#8220;Krik hrvatskih disidenata i disonanca Zapada&#8221;<\/a><\/blockquote><iframe loading=\"lazy\" class=\"wp-embedded-content\" sandbox=\"allow-scripts\" security=\"restricted\" style=\"position: absolute; visibility: hidden;\" title=\"&#8220;Predstavljena knjiga &#8220;Krik hrvatskih disidenata i disonanca Zapada&#8221;&#8221; &#8212; Novi list\" src=\"https:\/\/www.novilist.hr\/ostalo\/kultura\/knjizevnost\/predstavljena-knjiga-krik-hrvatskih-disidenata-i-disonanca-zapada\/embed\/#?secret=old5N5Qwex#?secret=h5wOQiHDtx\" data-secret=\"h5wOQiHDtx\" width=\"600\" height=\"338\" frameborder=\"0\" marginwidth=\"0\" marginheight=\"0\" scrolling=\"no\"><\/iframe>\n<\/div><\/figure>\n\n\n\n<p><a href=\"https:\/\/www.vecernji.hr\/vijesti\/nakon-intervjua-zapadnim-medijima-tudman-i-gotovac-zavrsili-u-zatvoru-1835566\">https:\/\/www.vecernji.hr\/vijesti\/nakon-intervjua-zapadnim-medijima-tudman-i-gotovac-zavrsili-u-zatvoru-1835566<\/a><\/p>\n\n\n\n<p><a href=\"https:\/\/www.vecernji.hr\/vijesti\/sjedinjene-drzave-usutkivale-su-hrvatske-disidente-jer-su-zagovarali-raspad-komunisticke-jugoslavije-1814858\">https:\/\/www.vecernji.hr\/vijesti\/sjedinjene-drzave-usutkivale-su-hrvatske-disidente-jer-su-zagovarali-raspad-komunisticke-jugoslavije-1814858<\/a><\/p>\n\n\n\n<p><a href=\"https:\/\/www.jutarnji.hr\/globus\/politika\/prvi-put-donosimo-nepoznati-tudmanov-intervju-francuzima-iz-1980-procitajte-sto-je-govorio-o-titu-jugoslaviji-ustase-treba-reci-dvije-stvari-15552525\">https:\/\/www.jutarnji.hr\/globus\/politika\/prvi-put-donosimo-nepoznati-tudmanov-intervju-francuzima-iz-1980-procitajte-sto-je-govorio-o-titu-jugoslaviji-ustase-treba-reci-dvije-stvari-15552525<\/a><\/p>\n\n\n\n<hr class=\"wp-block-separator has-alpha-channel-opacity\"\/>\n","protected":false},"excerpt":{"rendered":"","protected":false},"author":2,"featured_media":45072,"comment_status":"open","ping_status":"open","sticky":false,"template":"","format":"standard","meta":{"_acf_changed":false,"jetpack_post_was_ever_published":false,"_jetpack_newsletter_access":"","_jetpack_dont_email_post_to_subs":false,"_jetpack_newsletter_tier_id":0,"_jetpack_memberships_contains_paywalled_content":false,"_jetpack_memberships_contains_paid_content":false,"footnotes":"","jetpack_publicize_message":"","jetpack_publicize_feature_enabled":true,"jetpack_social_post_already_shared":true,"jetpack_social_options":{"image_generator_settings":{"template":"highway","default_image_id":0,"font":"","enabled":false},"version":2}},"categories":[3],"tags":[],"class_list":["post-45071","post","type-post","status-publish","format-standard","has-post-thumbnail","hentry","category-novosti"],"acf":{"facebook_opis":""},"jetpack_publicize_connections":[],"jetpack_featured_media_url":"https:\/\/i0.wp.com\/historiografija.hr\/wp-content\/uploads\/2025\/02\/Busic.jpg?fit=614%2C1000&ssl=1","jetpack_sharing_enabled":true,"jetpack-related-posts":[],"_links":{"self":[{"href":"https:\/\/historiografija.hr\/index.php?rest_route=\/wp\/v2\/posts\/45071","targetHints":{"allow":["GET"]}}],"collection":[{"href":"https:\/\/historiografija.hr\/index.php?rest_route=\/wp\/v2\/posts"}],"about":[{"href":"https:\/\/historiografija.hr\/index.php?rest_route=\/wp\/v2\/types\/post"}],"author":[{"embeddable":true,"href":"https:\/\/historiografija.hr\/index.php?rest_route=\/wp\/v2\/users\/2"}],"replies":[{"embeddable":true,"href":"https:\/\/historiografija.hr\/index.php?rest_route=%2Fwp%2Fv2%2Fcomments&post=45071"}],"version-history":[{"count":1,"href":"https:\/\/historiografija.hr\/index.php?rest_route=\/wp\/v2\/posts\/45071\/revisions"}],"predecessor-version":[{"id":45073,"href":"https:\/\/historiografija.hr\/index.php?rest_route=\/wp\/v2\/posts\/45071\/revisions\/45073"}],"wp:featuredmedia":[{"embeddable":true,"href":"https:\/\/historiografija.hr\/index.php?rest_route=\/wp\/v2\/media\/45072"}],"wp:attachment":[{"href":"https:\/\/historiografija.hr\/index.php?rest_route=%2Fwp%2Fv2%2Fmedia&parent=45071"}],"wp:term":[{"taxonomy":"category","embeddable":true,"href":"https:\/\/historiografija.hr\/index.php?rest_route=%2Fwp%2Fv2%2Fcategories&post=45071"},{"taxonomy":"post_tag","embeddable":true,"href":"https:\/\/historiografija.hr\/index.php?rest_route=%2Fwp%2Fv2%2Ftags&post=45071"}],"curies":[{"name":"wp","href":"https:\/\/api.w.org\/{rel}","templated":true}]}}