{"id":45068,"date":"2025-02-28T22:02:06","date_gmt":"2025-02-28T22:02:06","guid":{"rendered":"https:\/\/historiografija.hr\/?p=45068"},"modified":"2025-03-11T22:05:42","modified_gmt":"2025-03-11T22:05:42","slug":"komentari-povjesnicara-povodom-slucaja-partizanke-vjere-andrijic","status":"publish","type":"post","link":"https:\/\/historiografija.hr\/?p=45068","title":{"rendered":"Komentari povjesni\u010dara povodom slu\u010daja partizanke Vjere Andriji\u0107"},"content":{"rendered":"\n<p>Partizanka Vjera Andriji\u0107 (101), koja je bila bolni\u010darka u Prvoj dalmatinskoj brigadi, privukla je pa\u017enju javnosti kao uzvanica s inauguracije predsjednika Zorana Milanovi\u0107a i zbog izjava o tome da je svjedo\u010dila borbama u \u0160irokom Brijegu 1945. godine. U me\u0111uvremenu je ispitana u \u017dupanijskom dr\u017eavnom odvjetni\u0161tvu u Splitu u vezi istrage o ratnim zlo\u010dinima nad \u0161irokobrije\u0161kim franjevcima. O \u010ditavom slu\u010daju govorili su povjesni\u010dari i povjesni\u010darke Hrvoje Mandi\u0107, Robin Harris, Blanka Matkovi\u0107, Dragan Markovina, Hrvoje Klasi\u0107, Ivica \u0160arac.<\/p>\n\n\n\n<hr class=\"wp-block-separator has-alpha-channel-opacity\"\/>\n\n\n\n<p>Komentari povjesni\u010dara:<\/p>\n\n\n\n<p><a href=\"https:\/\/narod.hr\/hrvatska\/povjesnicar-hrvoje-mandic-fratri-na-sirokom-nisu-pucali-a-likvidaciju-je-naredio-sam-tito\">https:\/\/narod.hr\/hrvatska\/povjesnicar-hrvoje-mandic-fratri-na-sirokom-nisu-pucali-a-likvidaciju-je-naredio-sam-tito<\/a><\/p>\n\n\n\n<p><a href=\"https:\/\/narod.hr\/vjera-i-kultura\/dr-harris-ako-zelimo-znati-zasto-su-partizani-ubili-franjevce-trebamo-krenuti-od-ove-cinjenice\">https:\/\/narod.hr\/vjera-i-kultura\/dr-harris-ako-zelimo-znati-zasto-su-partizani-ubili-franjevce-trebamo-krenuti-od-ove-cinjenice<\/a><\/p>\n\n\n\n<p><a href=\"https:\/\/narod.hr\/hrvatska\/povjesnicarka-matkovic-dorh-vec-15-godina-ima-elaborat-o-sirokom-zreli-su-za-ostavke-ili-otkaze\">https:\/\/narod.hr\/hrvatska\/povjesnicarka-matkovic-dorh-vec-15-godina-ima-elaborat-o-sirokom-zreli-su-za-ostavke-ili-otkaze<\/a><\/p>\n\n\n\n<figure class=\"wp-block-embed is-type-wp-embed is-provider-pe-anik wp-block-embed-pe-anik\"><div class=\"wp-block-embed__wrapper\">\n<blockquote class=\"wp-embedded-content\" data-secret=\"Om0mzixBV8\"><a href=\"https:\/\/pescanik.net\/drzavno-isljedjivanje-partizanke\/\">Dr\u017eavno islje\u0111ivanje partizanke<\/a><\/blockquote><iframe loading=\"lazy\" class=\"wp-embedded-content\" sandbox=\"allow-scripts\" security=\"restricted\" style=\"position: absolute; visibility: hidden;\" title=\"&#8220;Dr\u017eavno islje\u0111ivanje partizanke&#8221; &#8212; Pe\u0161\u010danik\" src=\"https:\/\/pescanik.net\/drzavno-isljedjivanje-partizanke\/embed\/#?secret=y4ymDKuBgk#?secret=Om0mzixBV8\" data-secret=\"Om0mzixBV8\" width=\"600\" height=\"338\" frameborder=\"0\" marginwidth=\"0\" marginheight=\"0\" scrolling=\"no\"><\/iframe>\n<\/div><\/figure>\n\n\n\n<p><a href=\"https:\/\/www.portalnovosti.com\/lov-na-posljednju-partizanku\">https:\/\/www.portalnovosti.com\/lov-na-posljednju-partizanku<\/a><\/p>\n\n\n\n<p><a href=\"https:\/\/www.glas-slavonije.hr\/novosti\/hrvatska\/2025\/02\/26\/dorh-planira-ispitati-101-godisnju-partizanku-o-stradanju-franjevaca-678223\">https:\/\/www.glas-slavonije.hr\/novosti\/hrvatska\/2025\/02\/26\/dorh-planira-ispitati-101-godisnju-partizanku-o-stradanju-franjevaca-678223<\/a><\/p>\n\n\n\n<p><a href=\"https:\/\/www.24sata.hr\/news\/hrvoje-klasic-pise-partizani-crkva-i-jedan-kardinal-1035910\">https:\/\/www.24sata.hr\/news\/hrvoje-klasic-pise-partizani-crkva-i-jedan-kardinal-1035910<\/a><\/p>\n\n\n\n<p><a href=\"https:\/\/historiografija.ba\/clanci-i-polemike\/suocavanje-s-prosloscu-u-hrvatskoj\">https:\/\/historiografija.ba\/clanci-i-polemike\/suocavanje-s-prosloscu-u-hrvatskoj<\/a><\/p>\n\n\n\n<p><a href=\"https:\/\/narod.hr\/hrvatska\/prof-dr-sc-ivica-sarac-ovo-su-dokazi-da-sirokobrijeski-franjevci-nisu-pruzali-otpor\">https:\/\/narod.hr\/hrvatska\/prof-dr-sc-ivica-sarac-ovo-su-dokazi-da-sirokobrijeski-franjevci-nisu-pruzali-otpor<\/a><\/p>\n\n\n\n<hr class=\"wp-block-separator has-alpha-channel-opacity\"\/>\n","protected":false},"excerpt":{"rendered":"","protected":false},"author":2,"featured_media":45069,"comment_status":"open","ping_status":"open","sticky":false,"template":"","format":"standard","meta":{"_acf_changed":false,"jetpack_post_was_ever_published":false,"_jetpack_newsletter_access":"","_jetpack_dont_email_post_to_subs":false,"_jetpack_newsletter_tier_id":0,"_jetpack_memberships_contains_paywalled_content":false,"_jetpack_memberships_contains_paid_content":false,"footnotes":"","jetpack_publicize_message":"","jetpack_publicize_feature_enabled":true,"jetpack_social_post_already_shared":true,"jetpack_social_options":{"image_generator_settings":{"template":"highway","default_image_id":0,"font":"","enabled":false},"version":2}},"categories":[3,17],"tags":[],"class_list":["post-45068","post","type-post","status-publish","format-standard","has-post-thumbnail","hentry","category-novosti","category-rasprave"],"acf":{"facebook_opis":""},"jetpack_publicize_connections":[],"jetpack_featured_media_url":"https:\/\/i0.wp.com\/historiografija.hr\/wp-content\/uploads\/2025\/02\/Vida-TV.jpg?fit=686%2C386&ssl=1","jetpack_sharing_enabled":true,"jetpack-related-posts":[],"_links":{"self":[{"href":"https:\/\/historiografija.hr\/index.php?rest_route=\/wp\/v2\/posts\/45068","targetHints":{"allow":["GET"]}}],"collection":[{"href":"https:\/\/historiografija.hr\/index.php?rest_route=\/wp\/v2\/posts"}],"about":[{"href":"https:\/\/historiografija.hr\/index.php?rest_route=\/wp\/v2\/types\/post"}],"author":[{"embeddable":true,"href":"https:\/\/historiografija.hr\/index.php?rest_route=\/wp\/v2\/users\/2"}],"replies":[{"embeddable":true,"href":"https:\/\/historiografija.hr\/index.php?rest_route=%2Fwp%2Fv2%2Fcomments&post=45068"}],"version-history":[{"count":4,"href":"https:\/\/historiografija.hr\/index.php?rest_route=\/wp\/v2\/posts\/45068\/revisions"}],"predecessor-version":[{"id":45231,"href":"https:\/\/historiografija.hr\/index.php?rest_route=\/wp\/v2\/posts\/45068\/revisions\/45231"}],"wp:featuredmedia":[{"embeddable":true,"href":"https:\/\/historiografija.hr\/index.php?rest_route=\/wp\/v2\/media\/45069"}],"wp:attachment":[{"href":"https:\/\/historiografija.hr\/index.php?rest_route=%2Fwp%2Fv2%2Fmedia&parent=45068"}],"wp:term":[{"taxonomy":"category","embeddable":true,"href":"https:\/\/historiografija.hr\/index.php?rest_route=%2Fwp%2Fv2%2Fcategories&post=45068"},{"taxonomy":"post_tag","embeddable":true,"href":"https:\/\/historiografija.hr\/index.php?rest_route=%2Fwp%2Fv2%2Ftags&post=45068"}],"curies":[{"name":"wp","href":"https:\/\/api.w.org\/{rel}","templated":true}]}}