{"id":45051,"date":"2025-02-27T20:56:00","date_gmt":"2025-02-27T20:56:00","guid":{"rendered":"https:\/\/historiografija.hr\/?p=45051"},"modified":"2025-02-27T21:41:52","modified_gmt":"2025-02-27T21:41:52","slug":"predstavljanje-knjige-plave-kute-idu-na-more-i-predavanje-ane-rajkovic-peic-u-puli","status":"publish","type":"post","link":"https:\/\/historiografija.hr\/?p=45051","title":{"rendered":"Predstavljanje knjige \u201ePlave kute idu na more\u201c i predavanje Ane Rajkovi\u0107 Pei\u0107 u Puli"},"content":{"rendered":"\n<p>PREDSTAVLJANJE KNJIGE Ane Rajkovi\u0107 Peji\u0107 &#8211; <strong>Plave kute idu na more. Svakodnevica radnika u Hrvatskoj tijekom druge polovice 20. stolje\u0107a na primjeru tvornice \u201e\u0110uro \u0110akovi\u0107\u201c<\/strong><\/p>\n\n\n\n<p>JAVNO PREDAVANJE Ane Rajkovi\u0107 Peji\u0107 &#8211;<strong> To je nama na\u0161a borba dala. \u0160trajka\u0161ke borbe radnica u prvoj polovici 20. stolje\u0107a<\/strong><\/p>\n\n\n\n<p>LOKACIJA: Sveu\u010dili\u0161na knji\u017enica u Puli, Herkulov prolaz 1, 52100 Pula \u2013 Hrvatska (Mala i Velika \u010ditaonica)<\/p>\n\n\n\n<p>VRIJEME: 5. o\u017eujka (srijeda), 19.00h i 6. o\u017eujka 2025. (\u010detvrtak), 18.00 h<\/p>\n\n\n\n<p>ORGANIZATOR: Klub studenata povijesti \u2013 ISHA Pula (u suradnji sa: Sveu\u010dili\u0161na knji\u017enica Pula, Studentski centar i Istarsko povijesno dru\u0161tvo \u2013 Societ\u00e0 Storica Istriana)<\/p>\n\n\n\n<p>Predava\u010dica: Ana Rajkovi\u0107 Peji\u0107<\/p>\n\n\n\n<p>Moderatori: mag.pov. Tin Celner (predstavljanje knjige) i Lara Frangen (javno predavanje)<\/p>\n\n\n\n<hr class=\"wp-block-separator has-alpha-channel-opacity\"\/>\n\n\n\n<p>Predstavljanje knjige <strong>Ane Rajkovi\u0107 Peji\u0107<\/strong>&nbsp;<strong>&#8220;Plave kute idu na more: Svakodnevica radnika u Hrvatskoj tijekom druge polovice 20. stolje\u0107a<\/strong> <strong>na primjeru tvornice <\/strong><strong>\u00bb\u0110uro \u0110akovi\u0107<\/strong><strong>\u00ab\u201c<\/strong> odr\u017eat \u0107e se u srijedu,<strong> 5. o\u017eujka 2025.,<\/strong> s po\u010detkom u 19:00 sati u Maloj \u010ditaonici Sveu\u010dili\u0161ne knji\u017enice u Puli. Predstavljanje \u0107e moderirati mag. pov. Tin Celner, aktivan \u010dlan Kluba studenata povijesti \u2013 ISHA Pula te biv\u0161i \u010dlan Studentskog zbora, uz prof. dr. sc. Igora Dudu s Odsjeka za povijest.<\/p>\n\n\n\n<p><strong>Ana Rajkovi\u0107 Peji\u0107<\/strong> odr\u017eat \u0107e sljede\u0107eg dana, 6. o\u017eujka, u 18 sati u Sveu\u010dili\u0161noj knji\u017enici u Puli&nbsp;predavanje pod naslovom&nbsp;<strong>&#8220;To je nama na\u0161a borba dala. \u0160trajka\u0161ke borbe radnica u prvoj polovici 20.<\/strong> <strong>stolje\u0107a&#8221;<\/strong>.<\/p>\n\n\n\n<p>U predavanju \u0107e biti predstavljano ishodi\u0161te \u0161trajka\u0161kih pokreta radnica, od druge polovice 19. stolje\u0107a do 1939. godine, na podru\u010dju Hrvatske. Na tom tragu u izlaganju \u0107e se, izme\u0111u ostaloga, predstaviti ulazak \u017eena u sferu rada, uloga Prvog svjetskog rata u redefiniranju dru\u0161tvenog polo\u017eaja \u017eena, radni uvjeti u tvornicama te politi\u010dki kontekst \u0161trajkova u me\u0111uratnom razdoblju. Ujedno \u0107e se predstaviti i najzna\u010dajniji \u0161trajkovi tijekom ovog razdoblja, poput \u0161trajka osje\u010dkih radnica tvornice sapuna \u201eSchicht\u201c (1926.), \u0161trajka u tvornici Herman i Pollack (1935.) itd. &nbsp;Isto tako,&nbsp;predstavit \u0107e se problemi s kojima su se radnice susretale, a koji su i uvjetovali \u0161trajkovi (zlostavljanja, neujedna\u010dene pla\u0107e) kao i najistaknutije radnice poput Marice Gr\u017eeti\u0107 Mace te Anke Butorac).<\/p>\n\n\n\n<p><br><strong>O predava\u010dici:<\/strong> Ana Rajkovi\u0107 Peji\u0107 diplomirala je hrvatski jezik i knji\u017eevnost te povijest na Filozofskom fakultetu u Osijeku, a doktorirala 2020. godine na Filozofskom fakultetu u Zagrebu pod mentorstvom prof. dr. sc. Tvrtka Jakovine. Od 2019. godine zaposlena je na Hrvatskom institutu za povijest \u2013 Podru\u017enici za povijest Slavonije, Srijema i Baranje. Njezino znanstveno istra\u017eivanje usmjereno je na socijalnu i rodnu povijest izme\u0111u dvaju svjetskih ratova, a radove je objavljivala u relevantnim doma\u0107im i me\u0111unarodnim znanstvenim \u010dasopisima i zbornicima. Za svoj rad nagra\u0111ena je priznanjem &#8220;Vjekoslav Klai\u0107&#8221;, koje dodjeljuju Hrvatski nacionalni odbor za povijesne znanosti i Dru\u0161tvo za hrvatsku povjesnicu. \u010clanica je Upravnog odbora Centra za \u017eenske studije u Zagrebu te predava\u010dica u obrazovnom programu istog centra.<\/p>\n\n\n\n<p><br><strong>O organizatoru:<\/strong> Klub studenata povijesti &#8211; ISHA Pula osnovan je 2001. godine kao dio Me\u0111unarodne asocijacije International Students of History Association. Registriran je kao udruga 2016. godine od kada je aktivan u Registru udruga Ministarstva uprave Republike Hrvatske, a okuplja \u0161ezdesetak studenata povijesti Filozofskog fakulteta Sveu\u010dili\u0161ta Jurja Dobrile u Puli. Djelatnosti kluba su organiziranje predavanja, radionica, tribina, okruglih stolova, seminara i konferencija vezanih uz sadr\u017eaj povjesni\u010darske struke, kao i stru\u010dnih izleta te izdava\u010dka djelatnost putem objavljivanja \u010dasopisa &#8220;Epvlon&#8221;.<\/p>\n\n\n\n<p>Vi\u0161e o Klubu studenata: <a href=\"https:\/\/ffpu.unipu.hr\/ffpu\/povijest\/studentske_organizacije_i_projekti\">https:\/\/ffpu.unipu.hr\/ffpu\/povijest\/studentske_organizacije_i_projekti<\/a><\/p>\n\n\n\n<hr class=\"wp-block-separator has-alpha-channel-opacity\"\/>\n\n\n\n<figure class=\"wp-block-image size-large is-resized\"><img data-recalc-dims=\"1\" loading=\"lazy\" decoding=\"async\" width=\"724\" height=\"1024\" data-attachment-id=\"45055\" data-permalink=\"https:\/\/historiografija.hr\/?attachment_id=45055\" data-orig-file=\"https:\/\/i0.wp.com\/historiografija.hr\/wp-content\/uploads\/2025\/02\/Rajkovic_1.png?fit=1587%2C2245&amp;ssl=1\" data-orig-size=\"1587,2245\" data-comments-opened=\"1\" data-image-meta=\"{&quot;aperture&quot;:&quot;0&quot;,&quot;credit&quot;:&quot;&quot;,&quot;camera&quot;:&quot;&quot;,&quot;caption&quot;:&quot;&quot;,&quot;created_timestamp&quot;:&quot;0&quot;,&quot;copyright&quot;:&quot;&quot;,&quot;focal_length&quot;:&quot;0&quot;,&quot;iso&quot;:&quot;0&quot;,&quot;shutter_speed&quot;:&quot;0&quot;,&quot;title&quot;:&quot;&quot;,&quot;orientation&quot;:&quot;0&quot;}\" data-image-title=\"Rajkovic_1\" data-image-description=\"\" data-image-caption=\"\" data-large-file=\"https:\/\/i0.wp.com\/historiografija.hr\/wp-content\/uploads\/2025\/02\/Rajkovic_1.png?fit=724%2C1024&amp;ssl=1\" src=\"https:\/\/i0.wp.com\/historiografija.hr\/wp-content\/uploads\/2025\/02\/Rajkovic_1.png?resize=724%2C1024&#038;ssl=1\" alt=\"\" class=\"wp-image-45055\" style=\"width:409px;height:auto\" srcset=\"https:\/\/i0.wp.com\/historiografija.hr\/wp-content\/uploads\/2025\/02\/Rajkovic_1.png?resize=724%2C1024&amp;ssl=1 724w, https:\/\/i0.wp.com\/historiografija.hr\/wp-content\/uploads\/2025\/02\/Rajkovic_1.png?resize=212%2C300&amp;ssl=1 212w, https:\/\/i0.wp.com\/historiografija.hr\/wp-content\/uploads\/2025\/02\/Rajkovic_1.png?resize=768%2C1086&amp;ssl=1 768w, https:\/\/i0.wp.com\/historiografija.hr\/wp-content\/uploads\/2025\/02\/Rajkovic_1.png?resize=1086%2C1536&amp;ssl=1 1086w, https:\/\/i0.wp.com\/historiografija.hr\/wp-content\/uploads\/2025\/02\/Rajkovic_1.png?resize=1448%2C2048&amp;ssl=1 1448w, https:\/\/i0.wp.com\/historiografija.hr\/wp-content\/uploads\/2025\/02\/Rajkovic_1.png?w=1587&amp;ssl=1 1587w\" sizes=\"auto, (max-width: 724px) 100vw, 724px\" \/><\/figure>\n\n\n\n<figure class=\"wp-block-image size-large is-resized\"><img data-recalc-dims=\"1\" loading=\"lazy\" decoding=\"async\" width=\"724\" height=\"1024\" data-attachment-id=\"45056\" data-permalink=\"https:\/\/historiografija.hr\/?attachment_id=45056\" data-orig-file=\"https:\/\/i0.wp.com\/historiografija.hr\/wp-content\/uploads\/2025\/02\/Rajkovic_2.png?fit=1587%2C2245&amp;ssl=1\" data-orig-size=\"1587,2245\" data-comments-opened=\"1\" data-image-meta=\"{&quot;aperture&quot;:&quot;0&quot;,&quot;credit&quot;:&quot;&quot;,&quot;camera&quot;:&quot;&quot;,&quot;caption&quot;:&quot;&quot;,&quot;created_timestamp&quot;:&quot;0&quot;,&quot;copyright&quot;:&quot;&quot;,&quot;focal_length&quot;:&quot;0&quot;,&quot;iso&quot;:&quot;0&quot;,&quot;shutter_speed&quot;:&quot;0&quot;,&quot;title&quot;:&quot;&quot;,&quot;orientation&quot;:&quot;0&quot;}\" data-image-title=\"Rajkovic_2\" data-image-description=\"\" data-image-caption=\"\" data-large-file=\"https:\/\/i0.wp.com\/historiografija.hr\/wp-content\/uploads\/2025\/02\/Rajkovic_2.png?fit=724%2C1024&amp;ssl=1\" src=\"https:\/\/i0.wp.com\/historiografija.hr\/wp-content\/uploads\/2025\/02\/Rajkovic_2.png?resize=724%2C1024&#038;ssl=1\" alt=\"\" class=\"wp-image-45056\" style=\"width:407px;height:auto\" srcset=\"https:\/\/i0.wp.com\/historiografija.hr\/wp-content\/uploads\/2025\/02\/Rajkovic_2.png?resize=724%2C1024&amp;ssl=1 724w, https:\/\/i0.wp.com\/historiografija.hr\/wp-content\/uploads\/2025\/02\/Rajkovic_2.png?resize=212%2C300&amp;ssl=1 212w, https:\/\/i0.wp.com\/historiografija.hr\/wp-content\/uploads\/2025\/02\/Rajkovic_2.png?resize=768%2C1086&amp;ssl=1 768w, https:\/\/i0.wp.com\/historiografija.hr\/wp-content\/uploads\/2025\/02\/Rajkovic_2.png?resize=1086%2C1536&amp;ssl=1 1086w, https:\/\/i0.wp.com\/historiografija.hr\/wp-content\/uploads\/2025\/02\/Rajkovic_2.png?resize=1448%2C2048&amp;ssl=1 1448w, https:\/\/i0.wp.com\/historiografija.hr\/wp-content\/uploads\/2025\/02\/Rajkovic_2.png?w=1587&amp;ssl=1 1587w\" sizes=\"auto, (max-width: 724px) 100vw, 724px\" \/><\/figure>\n\n\n\n<hr class=\"wp-block-separator has-alpha-channel-opacity\"\/>\n\n\n\n<p>Obavijest je objavljena i na sljede\u0107oj poveznici:<\/p>\n\n\n\n<p><a href=\"https:\/\/skpu.unipu.hr\/skpu\/novosti?@=2fkqg#news_152563\">https:\/\/skpu.unipu.hr\/skpu\/novosti?@=2fkqg#news_152563<\/a><\/p>\n\n\n\n<hr class=\"wp-block-separator has-alpha-channel-opacity\"\/>\n","protected":false},"excerpt":{"rendered":"","protected":false},"author":2,"featured_media":45052,"comment_status":"open","ping_status":"open","sticky":false,"template":"","format":"standard","meta":{"_acf_changed":false,"jetpack_post_was_ever_published":false,"_jetpack_newsletter_access":"","_jetpack_dont_email_post_to_subs":false,"_jetpack_newsletter_tier_id":0,"_jetpack_memberships_contains_paywalled_content":false,"_jetpack_memberships_contains_paid_content":false,"footnotes":"","jetpack_publicize_message":"","jetpack_publicize_feature_enabled":true,"jetpack_social_post_already_shared":true,"jetpack_social_options":{"image_generator_settings":{"template":"highway","default_image_id":0,"font":"","enabled":false},"version":2}},"categories":[3],"tags":[],"class_list":["post-45051","post","type-post","status-publish","format-standard","has-post-thumbnail","hentry","category-novosti"],"acf":{"facebook_opis":""},"jetpack_publicize_connections":[],"jetpack_featured_media_url":"https:\/\/i0.wp.com\/historiografija.hr\/wp-content\/uploads\/2025\/02\/Predavanje_Rajkovic.png?fit=800%2C450&ssl=1","jetpack_sharing_enabled":true,"jetpack-related-posts":[],"_links":{"self":[{"href":"https:\/\/historiografija.hr\/index.php?rest_route=\/wp\/v2\/posts\/45051","targetHints":{"allow":["GET"]}}],"collection":[{"href":"https:\/\/historiografija.hr\/index.php?rest_route=\/wp\/v2\/posts"}],"about":[{"href":"https:\/\/historiografija.hr\/index.php?rest_route=\/wp\/v2\/types\/post"}],"author":[{"embeddable":true,"href":"https:\/\/historiografija.hr\/index.php?rest_route=\/wp\/v2\/users\/2"}],"replies":[{"embeddable":true,"href":"https:\/\/historiografija.hr\/index.php?rest_route=%2Fwp%2Fv2%2Fcomments&post=45051"}],"version-history":[{"count":4,"href":"https:\/\/historiografija.hr\/index.php?rest_route=\/wp\/v2\/posts\/45051\/revisions"}],"predecessor-version":[{"id":45059,"href":"https:\/\/historiografija.hr\/index.php?rest_route=\/wp\/v2\/posts\/45051\/revisions\/45059"}],"wp:featuredmedia":[{"embeddable":true,"href":"https:\/\/historiografija.hr\/index.php?rest_route=\/wp\/v2\/media\/45052"}],"wp:attachment":[{"href":"https:\/\/historiografija.hr\/index.php?rest_route=%2Fwp%2Fv2%2Fmedia&parent=45051"}],"wp:term":[{"taxonomy":"category","embeddable":true,"href":"https:\/\/historiografija.hr\/index.php?rest_route=%2Fwp%2Fv2%2Fcategories&post=45051"},{"taxonomy":"post_tag","embeddable":true,"href":"https:\/\/historiografija.hr\/index.php?rest_route=%2Fwp%2Fv2%2Ftags&post=45051"}],"curies":[{"name":"wp","href":"https:\/\/api.w.org\/{rel}","templated":true}]}}