{"id":45048,"date":"2025-02-27T21:14:27","date_gmt":"2025-02-27T21:14:27","guid":{"rendered":"https:\/\/historiografija.hr\/?p=45048"},"modified":"2025-02-27T21:14:27","modified_gmt":"2025-02-27T21:14:27","slug":"javno-predavanje-garyja-pollocka-growing-up-in-twenty-first-century-europe-constraints-and-opportunities-for-young-people-u-zagrebu","status":"publish","type":"post","link":"https:\/\/historiografija.hr\/?p=45048","title":{"rendered":"Javno predavanje Garyja Pollocka \u201eGrowing up in twenty first century Europe: constraints and opportunities for young people\u201c u Zagrebu"},"content":{"rendered":"\n<p>Javno predavanje u suorganizaciji Hrvatskoga sociolo\u0161kog dru\u0161tva i Odsjeka za sociologiju Filozofskog fakulteta Sveu\u010dili\u0161ta u Zagrebu pod naslovom <strong>\u201cGrowing Up in Twenty-First Century Europe: Constraints and Opportunities for Young People\u201d<\/strong> odr\u017eat \u0107e<strong> prof. Gary Pollock <\/strong>(Manchester Metropolitan University, Manchester (UK)). Nazna\u010deno predavanje uz, dakako, popratnu diskusiju \u0107e se odr\u017eati u <strong>ponedjeljak 3. 3. 2025. <\/strong>u<strong> 17.00 sati <\/strong>u konferencijskoj dvorani knji\u017enice <em>Filozofskog fakulteta Sveu\u010dili\u0161ta u Zagrebu<\/em> (I. Lu\u010di\u0107a 3, Zagreb).<\/p>\n\n\n\n<p>Biografske crtice predava\u010da dostupne su na web stranicama MMU <strong><a href=\"https:\/\/www.mmu.ac.uk\/staff\/profile\/professor-gary-pollock#t-tabs_staff_profile-0\">ovdje<\/a><\/strong>.<\/p>\n\n\n\n<p>Veselimo se Va\u0161em dolasku i prilogu zanimljivoj diskusiji! Pratite nas putem <strong><a href=\"https:\/\/www.facebook.com\/profile.php?id=100064497050043\">Facebooka<\/a><\/strong> i <strong><a href=\"https:\/\/www.linkedin.com\/feed\/update\/urn:li:share:7294996880931917825\/?actorCompanyId=98988462\">LinkedIna<\/a><\/strong>.<\/p>\n\n\n\n<p><strong>Hrvatsko sociolo\u0161ko dru\u0161tvo &amp; Odsjek za sociologiju Filozofskog fakulteta Sveu\u010dili\u0161ta u Zagrebu<\/strong><\/p>\n\n\n\n<hr class=\"wp-block-separator has-alpha-channel-opacity\"\/>\n\n\n\n<p>Izvor:<\/p>\n\n\n\n<figure class=\"wp-block-embed is-type-wp-embed is-provider-hrvatsko-sociolo-ko-dru-tvo wp-block-embed-hrvatsko-sociolo-ko-dru-tvo\"><div class=\"wp-block-embed__wrapper\">\n<blockquote class=\"wp-embedded-content\" data-secret=\"aiRcqXPWO6\"><a href=\"https:\/\/hsd.hr\/2025\/02\/11\/poziv-na-javno-predavanje-prof-gary-pollock-growing-up-in-twenty-first-century-europe-constraints-and-opportunities-for-young-people-zagreb-ponedjeljak-3-3-2025-u-17-00-sati\/\">Poziv na javno predavanje: Prof. Gary Pollock \u201eGrowing up in twenty first century Europe: constraints and opportunities for young people\u201c Zagreb, ponedjeljak 3. 3. 2025. u 17.00 sati<\/a><\/blockquote><iframe loading=\"lazy\" class=\"wp-embedded-content\" sandbox=\"allow-scripts\" security=\"restricted\" style=\"position: absolute; visibility: hidden;\" title=\"&#8220;Poziv na javno predavanje: Prof. Gary Pollock \u201eGrowing up in twenty first century Europe: constraints and opportunities for young people\u201c Zagreb, ponedjeljak 3. 3. 2025. u 17.00 sati&#8221; &#8212; Hrvatsko sociolo\u0161ko dru\u0161tvo\" src=\"https:\/\/hsd.hr\/2025\/02\/11\/poziv-na-javno-predavanje-prof-gary-pollock-growing-up-in-twenty-first-century-europe-constraints-and-opportunities-for-young-people-zagreb-ponedjeljak-3-3-2025-u-17-00-sati\/embed\/#?secret=RkNgzkmGsO#?secret=aiRcqXPWO6\" data-secret=\"aiRcqXPWO6\" width=\"600\" height=\"338\" frameborder=\"0\" marginwidth=\"0\" marginheight=\"0\" scrolling=\"no\"><\/iframe>\n<\/div><\/figure>\n\n\n\n<hr class=\"wp-block-separator has-alpha-channel-opacity\"\/>\n","protected":false},"excerpt":{"rendered":"","protected":false},"author":2,"featured_media":45049,"comment_status":"open","ping_status":"open","sticky":false,"template":"","format":"standard","meta":{"_acf_changed":false,"jetpack_post_was_ever_published":false,"_jetpack_newsletter_access":"","_jetpack_dont_email_post_to_subs":false,"_jetpack_newsletter_tier_id":0,"_jetpack_memberships_contains_paywalled_content":false,"_jetpack_memberships_contains_paid_content":false,"footnotes":"","jetpack_publicize_message":"","jetpack_publicize_feature_enabled":true,"jetpack_social_post_already_shared":true,"jetpack_social_options":{"image_generator_settings":{"template":"highway","default_image_id":0,"font":"","enabled":false},"version":2}},"categories":[3],"tags":[],"class_list":["post-45048","post","type-post","status-publish","format-standard","has-post-thumbnail","hentry","category-novosti"],"acf":{"facebook_opis":""},"jetpack_publicize_connections":[],"jetpack_featured_media_url":"https:\/\/i0.wp.com\/historiografija.hr\/wp-content\/uploads\/2025\/02\/Predavanje_Pollock.jpg?fit=600%2C503&ssl=1","jetpack_sharing_enabled":true,"jetpack-related-posts":[],"_links":{"self":[{"href":"https:\/\/historiografija.hr\/index.php?rest_route=\/wp\/v2\/posts\/45048","targetHints":{"allow":["GET"]}}],"collection":[{"href":"https:\/\/historiografija.hr\/index.php?rest_route=\/wp\/v2\/posts"}],"about":[{"href":"https:\/\/historiografija.hr\/index.php?rest_route=\/wp\/v2\/types\/post"}],"author":[{"embeddable":true,"href":"https:\/\/historiografija.hr\/index.php?rest_route=\/wp\/v2\/users\/2"}],"replies":[{"embeddable":true,"href":"https:\/\/historiografija.hr\/index.php?rest_route=%2Fwp%2Fv2%2Fcomments&post=45048"}],"version-history":[{"count":1,"href":"https:\/\/historiografija.hr\/index.php?rest_route=\/wp\/v2\/posts\/45048\/revisions"}],"predecessor-version":[{"id":45050,"href":"https:\/\/historiografija.hr\/index.php?rest_route=\/wp\/v2\/posts\/45048\/revisions\/45050"}],"wp:featuredmedia":[{"embeddable":true,"href":"https:\/\/historiografija.hr\/index.php?rest_route=\/wp\/v2\/media\/45049"}],"wp:attachment":[{"href":"https:\/\/historiografija.hr\/index.php?rest_route=%2Fwp%2Fv2%2Fmedia&parent=45048"}],"wp:term":[{"taxonomy":"category","embeddable":true,"href":"https:\/\/historiografija.hr\/index.php?rest_route=%2Fwp%2Fv2%2Fcategories&post=45048"},{"taxonomy":"post_tag","embeddable":true,"href":"https:\/\/historiografija.hr\/index.php?rest_route=%2Fwp%2Fv2%2Ftags&post=45048"}],"curies":[{"name":"wp","href":"https:\/\/api.w.org\/{rel}","templated":true}]}}