{"id":45038,"date":"2025-02-27T20:41:57","date_gmt":"2025-02-27T20:41:57","guid":{"rendered":"https:\/\/historiografija.hr\/?p=45038"},"modified":"2025-02-27T20:41:57","modified_gmt":"2025-02-27T20:41:57","slug":"dogadanje-wer-ist-walter-u-muzeju-grada-zagreba","status":"publish","type":"post","link":"https:\/\/historiografija.hr\/?p=45038","title":{"rendered":"Doga\u0111anje \u201eWer ist Walter?\u201c u Muzeju grada Zagreba"},"content":{"rendered":"\n<p>Muzej grada Zagreba, &nbsp;3. o\u017eujka 2025. u 18 sati<br>Organizatori: Muzej grada Zagreba i Historijski muzej Bosne i Hercegovine<\/p>\n\n\n\n<p>Razgovaraju:<\/p>\n\n\n\n<p>prof. dr. sc. Ivo Goldstein, Filozofski fakultet Zagreb<br>dr. sc. Aleksandra Berberih Slana, Muzej grada Zagreba<br>Dea Mari\u0107, vi\u0161i predava\u010d, Filozofski fakultet Zagreb<br>dr. sc. Nata\u0161a Matau\u0161i\u0107, \u010dlanica Walter tima iz Hrvatske, moderatorica<br>Elma Ha\u0161imbegovi\u0107, Historijski muzej Bosne i Hercegovine<\/p>\n\n\n\n<p>Projekat <em>Wer ist Walter? Otpor nacizmu u Evropi <\/em>okupio je me\u0111unarodni tim povjesni\u010dara i kustosa koji su dvije godine razmjenjivali znanja o razli\u010ditim vidovima otpora fa\u0161izmu tijekom Drugog svjetskog rata i ideje kako danas o ovoj temi govoriti u akademskom, muzeolo\u0161kom i obrazovnom kontekstu. Suradnja je rezultirala akademskom publikacijom, digitalnom platformom i stalnom postavkom u Historijskom muzeju Bosne i Hercegovine.<\/p>\n\n\n\n<p>Knjiga <em>Wer ist Walter? Me\u0111unarodne perspektive otpora u Evropi tokom Drugog svjetskog rata<\/em> okuplja 32 priloga i studije slu\u010daja o povijesti otpora protiv nacizma, fa\u0161izma, okupacije i kolaboracije tijekom Drugog svjetskog rata, kao i o memorijalizaciji poslije 1945. godine, posebno u muzejima. Autori su povjesni\u010dari, kustosi i drugi istra\u017eiva\u010di iz Bosne i Hercegovine, Hrvatske, Francuske, Njema\u010dke i drugih zemalja. Knjigu mo\u017eete preuzeti na poveznici <a href=\"http:\/\/www.weristwalter.eu\">www.weristwalter.eu<\/a>.<\/p>\n\n\n\n<p>Digitalna platforma <em>Wer ist Walter?<\/em> predstavlja 100 pri\u010da o otporu nacizmu, fa\u0161izmu, okupaciji i kolaboraciji u Europi tijekom Drugog svjetskog rata. Fokus je na \u010detiri zemlje koje predstavljaju razli\u010dite regije te povijesne i politi\u010dke kontekste unutar Europe: Francuska kao okupirana i suradni\u010dka dr\u017eava u zapadnoj Europi, Njema\u010dka kao zemlja koja je napala i okupirala ve\u0107i dio Europe, unutar koje su se razvijale i aktivnosti otpora te Bosna i Hercegovina Hercegovina i Hrvatska u jugoisto\u010dnoj Europi, kao dijelovi kolaboracijske Nezavisne Dr\u017eave Hrvatske izme\u0111u 1941. i 1945. godine.<\/p>\n\n\n\n<p>Izlo\u017eba <em>Wer ist Walter? Topografija antifa\u0161isti\u010dkog otpora u Bosni i Hercegovini <\/em>vratila je temu Drugog svjetskog rata u Historijski muzej Bosne i Hercegovine. Izlo\u017eba poku\u0161ava ponuditi odgovore tko su bili partizani, kako su od gerile postali ozbiljna vojska, za\u0161to je toliko \u017eena pristupilo pokretu i druga pitanja.<\/p>\n\n\n\n<hr class=\"wp-block-separator has-alpha-channel-opacity\"\/>\n\n\n\n<p>Izvor:<\/p>\n\n\n\n<p><a href=\"https:\/\/www.mgz.hr\/hr\/dogadanja\/doga%c4%91anje-%e2%80%9ewer-ist-walter%e2%80%9c,3706.html\">https:\/\/www.mgz.hr\/hr\/dogadanja\/doga%c4%91anje-%e2%80%9ewer-ist-walter%e2%80%9c,3706.html<\/a><\/p>\n\n\n\n<hr class=\"wp-block-separator has-alpha-channel-opacity\"\/>\n","protected":false},"excerpt":{"rendered":"","protected":false},"author":2,"featured_media":45039,"comment_status":"open","ping_status":"open","sticky":false,"template":"","format":"standard","meta":{"_acf_changed":false,"jetpack_post_was_ever_published":false,"_jetpack_newsletter_access":"","_jetpack_dont_email_post_to_subs":false,"_jetpack_newsletter_tier_id":0,"_jetpack_memberships_contains_paywalled_content":false,"_jetpack_memberships_contains_paid_content":false,"footnotes":"","jetpack_publicize_message":"","jetpack_publicize_feature_enabled":true,"jetpack_social_post_already_shared":true,"jetpack_social_options":{"image_generator_settings":{"template":"highway","default_image_id":0,"font":"","enabled":false},"version":2}},"categories":[3],"tags":[],"class_list":["post-45038","post","type-post","status-publish","format-standard","has-post-thumbnail","hentry","category-novosti"],"acf":{"facebook_opis":""},"jetpack_publicize_connections":[],"jetpack_featured_media_url":"https:\/\/i0.wp.com\/historiografija.hr\/wp-content\/uploads\/2025\/02\/HM-Walter.jpg?fit=1600%2C840&ssl=1","jetpack_sharing_enabled":true,"jetpack-related-posts":[],"_links":{"self":[{"href":"https:\/\/historiografija.hr\/index.php?rest_route=\/wp\/v2\/posts\/45038","targetHints":{"allow":["GET"]}}],"collection":[{"href":"https:\/\/historiografija.hr\/index.php?rest_route=\/wp\/v2\/posts"}],"about":[{"href":"https:\/\/historiografija.hr\/index.php?rest_route=\/wp\/v2\/types\/post"}],"author":[{"embeddable":true,"href":"https:\/\/historiografija.hr\/index.php?rest_route=\/wp\/v2\/users\/2"}],"replies":[{"embeddable":true,"href":"https:\/\/historiografija.hr\/index.php?rest_route=%2Fwp%2Fv2%2Fcomments&post=45038"}],"version-history":[{"count":1,"href":"https:\/\/historiografija.hr\/index.php?rest_route=\/wp\/v2\/posts\/45038\/revisions"}],"predecessor-version":[{"id":45040,"href":"https:\/\/historiografija.hr\/index.php?rest_route=\/wp\/v2\/posts\/45038\/revisions\/45040"}],"wp:featuredmedia":[{"embeddable":true,"href":"https:\/\/historiografija.hr\/index.php?rest_route=\/wp\/v2\/media\/45039"}],"wp:attachment":[{"href":"https:\/\/historiografija.hr\/index.php?rest_route=%2Fwp%2Fv2%2Fmedia&parent=45038"}],"wp:term":[{"taxonomy":"category","embeddable":true,"href":"https:\/\/historiografija.hr\/index.php?rest_route=%2Fwp%2Fv2%2Fcategories&post=45038"},{"taxonomy":"post_tag","embeddable":true,"href":"https:\/\/historiografija.hr\/index.php?rest_route=%2Fwp%2Fv2%2Ftags&post=45038"}],"curies":[{"name":"wp","href":"https:\/\/api.w.org\/{rel}","templated":true}]}}