{"id":45035,"date":"2025-02-27T20:35:15","date_gmt":"2025-02-27T20:35:15","guid":{"rendered":"https:\/\/historiografija.hr\/?p=45035"},"modified":"2025-02-27T20:35:15","modified_gmt":"2025-02-27T20:35:15","slug":"izlozba-historija-zaborava-prve-zene-zagrebackih-muzeja","status":"publish","type":"post","link":"https:\/\/historiografija.hr\/?p=45035","title":{"rendered":"Izlo\u017eba \u201eHistorija zaborava \u2013 Prve \u017eene zagreba\u010dkih muzeja\u201c"},"content":{"rendered":"\n<p><strong>6. 3. \u2013 13. 7. 2025.<\/strong><\/p>\n\n\n\n<p><strong>Arheolo\u0161ki muzej u Zagrebu, 1. Kat<\/strong><\/p>\n\n\n\n<p><strong>Sve\u010dano otvorenje izlo\u017ebe odr\u017eat \u0107e se 6. 3. 2025. u 19 sati u Arheolo\u0161kom muzeju u Zagrebu.<\/strong><\/p>\n\n\n\n<p>Arheolo\u0161ki muzej u Zagrebu s ponosom najavljuje izlo\u017ebu <strong>Historija zaborava \u2013 Prve \u017eene zagreba\u010dkih muzeja<\/strong>, prvi zajedni\u010dki projekt \u010detiri velika zagreba\u010dka muzeja \u2013 Arheolo\u0161kog muzeja u Zagrebu, Etnografskog muzeja, Hrvatskog \u0161kolskog muzeja i Muzeja za umjetnost i obrt.<\/p>\n\n\n\n<p>Izlo\u017eba <strong>Historija zaborava \u2013 Prve \u017eene zagreba\u010dkih muzeja <\/strong>predstavlja pri\u010de pionirki muzejske struke \u2013 kustosica, slikarica, kiparica, pjesnikinja, dizajnerica i tekstilnih stru\u010dnjakinja, koje su unato\u010d brojnim preprekama ostavile neizbrisiv trag u podru\u010dju etnologije, antropologije, muzeologije, umjetnosti, dizajna i obrazovanja. Kroz arhivsku gra\u0111u, multimedijske instalacije i intervjue s potomcima muzealki, izlo\u017eba donosi nova \u010ditanja povijesti i kontekstualizira doprinos ovih iznimnih \u017eena. Posjetitelji \u0107e imati priliku doznati kako su rodni stereotipi, institucionalne prepreke i kulturne predrasude oblikovali njihov profesionalni put te kako su njihovi doprinosi \u010desto bili zanemareni ili neprepoznati u dominantnoj historiografiji.<\/p>\n\n\n\n<p><strong>Historija zaborava<\/strong> <strong>\u2013 Prve \u017eene zagreba\u010dkih muzeja <\/strong>nije samo povijesni prikaz, ve\u0107 i platforma za dijalog o aktualnim dru\u0161tvenim pitanjima. Kroz nju \u017eelimo vratiti glas \u017eenama koje su oblikovale hrvatsku kulturnu scenu, ali su predugo bile u sjeni.<\/p>\n\n\n\n<p>Za\u0161to posjetiti izlo\u017ebu?<\/p>\n\n\n\n<p>Pionirski projekt \u010detiri velika zagreba\u010dka muzeja \u2013 Arheolo\u0161ki muzej u Zagrebu, Etnografski muzej, Hrvatski \u0161kolski muzej i Muzej za umjetnost i obrt \u2013 donosi interdisciplinarnu suradnju koja otkriva do sada neispri\u010dane pri\u010de muzealki i njihov doprinos razvoju zagreba\u010dkih muzeja i kulture. Posjetitelji \u0107e imati jedinstvenu priliku nau\u010diti o povezanosti ova \u010detiri muzeja kao i pri\u010da koje su dijelile prve muzealke u njima zaposlene.<\/p>\n\n\n\n<p>Impresum<\/p>\n\n\n\n<p>Organizatori: Arheolo\u0161ki muzej u Zagrebu, <a href=\"https:\/\/emz.hr\/\">Etnografski muzej<\/a>, <a href=\"https:\/\/www.hsmuzej.hr\/\">Hrvatski \u0161kolski muzej<\/a>, <a href=\"https:\/\/www.muo.hr\/\">Muzej za umjetnost i obrt<\/a><\/p>\n\n\n\n<p>Voditeljica projekta: Ana Solter<\/p>\n\n\n\n<p>Autorice izlo\u017ebe: \u0160tefka Batini\u0107&nbsp; (Hrvatski \u0161kolski muzej), Aida Brenko (Etnografski muzej), Andrea Klobu\u010dar (Muzej za umjetnost i obrt), Ana Solter (Arheolo\u0161ki muzej u Zagrebu), Aleksandra Vlatkovi\u0107 (Etnografski muzej)<\/p>\n\n\n\n<p>Grafi\u010dko oblikovanje izlo\u017ebe: NJI3 (Dina Milov\u010di\u0107 i Franka Tretinjak), Dora Biland\u017ei\u0107, Ema Bo\u017eek<\/p>\n\n\n\n<p>Postav izlo\u017ebe: NJI3 (Dina Milov\u010di\u0107 i Franka Tretinjak), Clinica studio (Ozana Ursi\u0107 i Vedran Kasap)<\/p>\n\n\n\n<p>Stru\u010dne suradnice: Leonida Kova\u010d, Ida Ograj\u0161ek Gorenjak, Jelena Seferovi\u0107<\/p>\n\n\n\n<p>Uvodni video: Ana Hu\u0161man, Ivan Maru\u0161i\u0107 Klif (produkcija i realizacija), \u0160tefka Batini\u0107 i Ana Solter (istra\u017eivanje i tekst), Nina Violi\u0107 (naracija), Hrvoje Nik\u0161i\u0107 (snimanje i obrada zvuka)<\/p>\n\n\n\n<p>Audio: naracija Hrvojka Begovi\u0107, Rattus Rattus studio (Borna Maksan)<\/p>\n\n\n\n<p>Lektura hrvatskog jezika: Mario Savori\u0107<\/p>\n\n\n\n<p>Prijevod na engleski: Agnes Milovan Solter<\/p>\n\n\n\n<p>Voditelj tehni\u010dke slu\u017ebe: Ivan Troha (Arheolo\u0161ki muzej u Zagrebu)<\/p>\n\n\n\n<p>Tehni\u010dka izvedba izlo\u017ebe: Tin Toma\u0161kovi\u0107, Filip Vara\u017edinec, Robert Vazdar (Arheolo\u0161ki muzej u Zagrebu)<\/p>\n\n\n\n<p>Javna diskurzivna doga\u0111anja: Udruga Kurziv<\/p>\n\n\n\n<p>Konzervatorsko-restauratorski radovi: Sla\u0111ana Latinovi\u0107 (Arheolo\u0161ki muzej u Zagrebu), Adrijana Ga\u0161pari\u0107, Ljiljana Vilus Japec (Etnografski muzej), Jasminka Podgorski (Muzej za umjetnost i obrt)<\/p>\n\n\n\n<p>Edukativni program: Zorica Ru\u017ei\u0107 Nemet (Arheolo\u0161ki muzej u Zagrebu), \u017deljka Jelavi\u0107, Anastazija Petrovi\u0107, Silvia Vrsalovi\u0107 (Etnografski muzej), Petra Galovi\u0107, Marta Kuli\u0161 Aralica, Iva Novak (Muzej za umjetnost i obrt), Ivana Dumbovi\u0107 \u017du\u017ei\u0107 (Hrvatski \u0161kolski muzej)<\/p>\n\n\n\n<p>Marketing i odnosi s javno\u0161\u0107u: Ema Kosnica, Davorka Mara\u010di\u0107 (Arheolo\u0161ki muzej u Zagrebu), Ivana Lu\u0161i\u0107 (Etnografski muzej), Andrea Geren\u010der, Marija Jurki\u0107 (Muzej za umjetnost i obrt), Marijana Bra\u010di\u0107 (Hrvatski \u0161kolski muzej)<\/p>\n\n\n\n<p>Predmete na izlo\u017ebi ustupili su: Arheolo\u0161ki muzej u Zagrebu, Arhiv za likovne umjetnosti HAZU, Dubravka Bou\u0161a, Etnografski muzej, Historijski arhiv Sarajevo, Hrvatski povijesni muzej, Hrvatski \u0161kolski muzej, Renata Janekovi\u0107, Nacionalna i sveu\u010dili\u0161na knji\u017enica u Zagrebu, Nacionalni muzej moderne umjetnosti, Muzej grada Pakraca, Muzej grada Zagreba, Muzej za umjetnost i obrt, Muzej Vojvodine, Berislav Pervan, Ursula Schneider, Strossmayerova galerija starih majstora HAZU, Eduard Tkal\u010di\u0107, \u017dupa Majke Bo\u017eje Sljemenske Kraljice Hrvata<\/p>\n\n\n\n<p>Fotografije: Vedran Benovi\u0107, Sre\u0107ko Budek, Bela \u010ciko\u0161 Sesija, Marcel Davila, Milovan Gavazzi., foto \u201eGojmerac\u201c, Tereza Pauli\u0107, Vladimir Tkal\u010di\u0107<\/p>\n\n\n\n<p>Zahvale: Jacqueline Balen, Lada Bo\u0161njak Velagi\u0107, Dubravka Bou\u0161a, Vanja Brdar Mustapi\u0107, Antonija Dejanovi\u0107, Ivan Drni\u0107, Jasenka Ferber Bogdan, Filip Frankovi\u0107, Miljenka Gali\u0107, Nina Gostinski, Ivana Gr\u017eina, Hrvatski dr\u017eavni arhiv, Renata Janekovi\u0107, Ksenija Je\u017eovita, Jelena Jovanovi\u0107, Klaudija Martines, Vesna Me\u0161tri\u0107, Muzej Mimara, Dunja Neki\u0107, Muzej suvremene umjetnosti, Nenad i Ljubinka Pauli\u0107, Berislav Pervan, Tajana Ple\u0161e, Tihana Puc, Dorotea Sabljar-Jirou\u0161ek, Ursula Schneider, Tomislav \u0160piranec, Vesna \u0160ugar, Eduard Tkal\u010di\u0107, Vladimir Tkal\u010di\u0107, Maja Va\u0161arevi\u0107, Koraljka Vlajo<\/p>\n\n\n\n<p>Financijska potpora: Grad Zagreb, Ministarstvo kulture i medija Republike Hrvatske, Turisti\u010dka zajednica Grada Zagreba, Arheolo\u0161ki muzej u Zagrebu<\/p>\n\n\n\n<hr class=\"wp-block-separator has-alpha-channel-opacity\"\/>\n\n\n\n<p>Izvor:<\/p>\n\n\n\n<p><a href=\"https:\/\/www.amz.hr\/hr\/izlozbe\/historija-zaborava-prve-zene-zagrebackih-muzeja\">https:\/\/www.amz.hr\/hr\/izlozbe\/historija-zaborava-prve-zene-zagrebackih-muzeja<\/a><\/p>\n\n\n\n<hr class=\"wp-block-separator has-alpha-channel-opacity\"\/>\n","protected":false},"excerpt":{"rendered":"","protected":false},"author":2,"featured_media":45036,"comment_status":"open","ping_status":"open","sticky":false,"template":"","format":"standard","meta":{"_acf_changed":false,"jetpack_post_was_ever_published":false,"_jetpack_newsletter_access":"","_jetpack_dont_email_post_to_subs":false,"_jetpack_newsletter_tier_id":0,"_jetpack_memberships_contains_paywalled_content":false,"_jetpack_memberships_contains_paid_content":false,"footnotes":"","jetpack_publicize_message":"","jetpack_publicize_feature_enabled":true,"jetpack_social_post_already_shared":true,"jetpack_social_options":{"image_generator_settings":{"template":"highway","default_image_id":0,"font":"","enabled":false},"version":2}},"categories":[10,3],"tags":[],"class_list":["post-45035","post","type-post","status-publish","format-standard","has-post-thumbnail","hentry","category-izlozbe","category-novosti"],"acf":{"facebook_opis":""},"jetpack_publicize_connections":[],"jetpack_featured_media_url":"https:\/\/i0.wp.com\/historiografija.hr\/wp-content\/uploads\/2025\/02\/plakat-izlozbe-historija-zaborava.png?fit=249%2C355&ssl=1","jetpack_sharing_enabled":true,"jetpack-related-posts":[],"_links":{"self":[{"href":"https:\/\/historiografija.hr\/index.php?rest_route=\/wp\/v2\/posts\/45035","targetHints":{"allow":["GET"]}}],"collection":[{"href":"https:\/\/historiografija.hr\/index.php?rest_route=\/wp\/v2\/posts"}],"about":[{"href":"https:\/\/historiografija.hr\/index.php?rest_route=\/wp\/v2\/types\/post"}],"author":[{"embeddable":true,"href":"https:\/\/historiografija.hr\/index.php?rest_route=\/wp\/v2\/users\/2"}],"replies":[{"embeddable":true,"href":"https:\/\/historiografija.hr\/index.php?rest_route=%2Fwp%2Fv2%2Fcomments&post=45035"}],"version-history":[{"count":1,"href":"https:\/\/historiografija.hr\/index.php?rest_route=\/wp\/v2\/posts\/45035\/revisions"}],"predecessor-version":[{"id":45037,"href":"https:\/\/historiografija.hr\/index.php?rest_route=\/wp\/v2\/posts\/45035\/revisions\/45037"}],"wp:featuredmedia":[{"embeddable":true,"href":"https:\/\/historiografija.hr\/index.php?rest_route=\/wp\/v2\/media\/45036"}],"wp:attachment":[{"href":"https:\/\/historiografija.hr\/index.php?rest_route=%2Fwp%2Fv2%2Fmedia&parent=45035"}],"wp:term":[{"taxonomy":"category","embeddable":true,"href":"https:\/\/historiografija.hr\/index.php?rest_route=%2Fwp%2Fv2%2Fcategories&post=45035"},{"taxonomy":"post_tag","embeddable":true,"href":"https:\/\/historiografija.hr\/index.php?rest_route=%2Fwp%2Fv2%2Ftags&post=45035"}],"curies":[{"name":"wp","href":"https:\/\/api.w.org\/{rel}","templated":true}]}}