{"id":45031,"date":"2025-02-27T20:12:38","date_gmt":"2025-02-27T20:12:38","guid":{"rendered":"https:\/\/historiografija.hr\/?p=45031"},"modified":"2025-02-27T20:12:38","modified_gmt":"2025-02-27T20:12:38","slug":"predstavljanje-knjige-ivana-dulica-hrvati-u-backoj-i-stvaranje-samostalne-hrvatske-drzave-bunjevacki-slucaj","status":"publish","type":"post","link":"https:\/\/historiografija.hr\/?p=45031","title":{"rendered":"Predstavljanje knjige Ivana Duli\u0107a &#8220;Hrvati u Ba\u010dkoj i stvaranje samostalne hrvatske dr\u017eave \u2013 bunjeva\u010dki slu\u010daj&#8221;"},"content":{"rendered":"\n<p><strong>Matica hrvatska i<\/strong><br><strong>Ogranak Matica hrvatske u Vinkovcima<\/strong><\/p>\n\n\n\n<p>pozivaju Vas na predstavljanje knjige<\/p>\n\n\n\n<p><strong><em>Hrvati u Ba\u010dkoj<br>i stvaranje samostalne hrvatske dr\u017eave&nbsp;<br>\u2013 bunjeva\u010dki slu\u010daj<br><\/em><\/strong>autora <em>Ivana Duli\u0107a<\/em><\/p>\n\n\n\n<p><strong>Sudjeluju:<\/strong><br><strong>Ivica \u0160ola<\/strong>, recenzent<br><strong>Stipe Kutle\u0161a<\/strong>, recenzent<br><strong>Tomislav Talanga<\/strong>, urednik<br><strong>Ivan Duli\u0107<\/strong>, autor<br><strong>Dra\u017een \u0160vagelj<\/strong>, predsjednik OMH u Vinkovcima<\/p>\n\n\n\n<p><strong>Ponedjeljak, 3. o\u017eujka 2025. u 18 sati<br>Matica hrvatska, Dvorana Jure Petri\u010devi\u0107a<br>Strossmayerov trg 4, Zagreb<\/strong><\/p>\n\n\n\n<p>Knjiga <em>Hrvati u Ba\u010dkoj i stvaranje samostalne hrvatske dr\u017eave &#8211; bunjeva\u010dki slu\u010daj<\/em> autora Ivana Duli\u0107a predstavlja jedinstvenu vi\u0161eslojnu analizu bunjeva\u010dkog slu\u010daja na prostorima Ba\u010dke. Ona je jedinstvena zato \u0161to se ne bavi podrijetlom Bunjevaca i njihovom etnogenezom \u0161to je uglavnom slu\u010daj s radovima koji pretendiraju dokazati da su Bunjevci Hrvati, nego se bavi analizom sustavnog odnaro\u0111ivanja Bunjevaca i svekolikim metodama kojima se slu\u017ee vlastodr\u0161ci.<\/p>\n\n\n\n<hr class=\"wp-block-separator has-alpha-channel-opacity\"\/>\n\n\n\n<p>Izvor:<\/p>\n\n\n\n<p><a href=\"https:\/\/www.matica.hr\/zbivanja\/predstavljanje-knjige-hrvati-u-backoj-i-stvaranje-samostalne-hrvatske-drzave-bunjevacki-slucaj-autora-ivana-dulica-4625\">https:\/\/www.matica.hr\/zbivanja\/predstavljanje-knjige-hrvati-u-backoj-i-stvaranje-samostalne-hrvatske-drzave-bunjevacki-slucaj-autora-ivana-dulica-4625<\/a><\/p>\n\n\n\n<hr class=\"wp-block-separator has-alpha-channel-opacity\"\/>\n","protected":false},"excerpt":{"rendered":"","protected":false},"author":2,"featured_media":45032,"comment_status":"open","ping_status":"open","sticky":false,"template":"","format":"standard","meta":{"_acf_changed":false,"jetpack_post_was_ever_published":false,"_jetpack_newsletter_access":"","_jetpack_dont_email_post_to_subs":false,"_jetpack_newsletter_tier_id":0,"_jetpack_memberships_contains_paywalled_content":false,"_jetpack_memberships_contains_paid_content":false,"footnotes":"","jetpack_publicize_message":"","jetpack_publicize_feature_enabled":true,"jetpack_social_post_already_shared":true,"jetpack_social_options":{"image_generator_settings":{"template":"highway","default_image_id":0,"font":"","enabled":false},"version":2}},"categories":[3],"tags":[],"class_list":["post-45031","post","type-post","status-publish","format-standard","has-post-thumbnail","hentry","category-novosti"],"acf":{"facebook_opis":""},"jetpack_publicize_connections":[],"jetpack_featured_media_url":"https:\/\/i0.wp.com\/historiografija.hr\/wp-content\/uploads\/2025\/02\/Dulic.png?fit=226%2C316&ssl=1","jetpack_sharing_enabled":true,"jetpack-related-posts":[],"_links":{"self":[{"href":"https:\/\/historiografija.hr\/index.php?rest_route=\/wp\/v2\/posts\/45031","targetHints":{"allow":["GET"]}}],"collection":[{"href":"https:\/\/historiografija.hr\/index.php?rest_route=\/wp\/v2\/posts"}],"about":[{"href":"https:\/\/historiografija.hr\/index.php?rest_route=\/wp\/v2\/types\/post"}],"author":[{"embeddable":true,"href":"https:\/\/historiografija.hr\/index.php?rest_route=\/wp\/v2\/users\/2"}],"replies":[{"embeddable":true,"href":"https:\/\/historiografija.hr\/index.php?rest_route=%2Fwp%2Fv2%2Fcomments&post=45031"}],"version-history":[{"count":1,"href":"https:\/\/historiografija.hr\/index.php?rest_route=\/wp\/v2\/posts\/45031\/revisions"}],"predecessor-version":[{"id":45033,"href":"https:\/\/historiografija.hr\/index.php?rest_route=\/wp\/v2\/posts\/45031\/revisions\/45033"}],"wp:featuredmedia":[{"embeddable":true,"href":"https:\/\/historiografija.hr\/index.php?rest_route=\/wp\/v2\/media\/45032"}],"wp:attachment":[{"href":"https:\/\/historiografija.hr\/index.php?rest_route=%2Fwp%2Fv2%2Fmedia&parent=45031"}],"wp:term":[{"taxonomy":"category","embeddable":true,"href":"https:\/\/historiografija.hr\/index.php?rest_route=%2Fwp%2Fv2%2Fcategories&post=45031"},{"taxonomy":"post_tag","embeddable":true,"href":"https:\/\/historiografija.hr\/index.php?rest_route=%2Fwp%2Fv2%2Ftags&post=45031"}],"curies":[{"name":"wp","href":"https:\/\/api.w.org\/{rel}","templated":true}]}}