{"id":45010,"date":"2025-02-25T22:41:41","date_gmt":"2025-02-25T22:41:41","guid":{"rendered":"https:\/\/historiografija.hr\/?p=45010"},"modified":"2025-02-25T22:41:41","modified_gmt":"2025-02-25T22:41:41","slug":"odrzan-prvi-partnerski-sastanak-projekta-odgovor-na-traumu-i-unistenje-kulturne-bastine","status":"publish","type":"post","link":"https:\/\/historiografija.hr\/?p=45010","title":{"rendered":"Odr\u017ean prvi partnerski sastanak projekta \u201cOdgovor na traumu i uni\u0161tenje kulturne ba\u0161tine\u201d"},"content":{"rendered":"\n<p>Nastavljaju\u0107i svoj rad na razvijanju individualnih i dru\u0161tvenih procesa suo\u010davanja s pro\u0161lo\u0161\u0107u u izgradnji odr\u017eivog mira, Documenta je u Zagrebu okupila partnerske organizacije na\u0161eg novog projekta \u201cOdgovor na traumu i uni\u0161tenje kulturne ba\u0161tine\u201d.<\/p>\n\n\n\n<p>Od 18. do 21. velja\u010de 2025. u Ku\u0107i ljudskih prava odr\u017eali smo prvi partnerski sastanak s kolegicama i kolegama iz Austrije, Bosne i Hercegovine, Hrvatske i Ukrajine. Na projektu koji provodimo u sklopu programa Kreativne Europe, sura\u0111ujemo s organizacijama BLOCKFREI (Austrija), Historijski muzej Bosne i Hercegovine (BiH), Apoteka \u2013 prostor za suvremenu umjetnost (Hrvatska) i STAN (Ukrajina).<\/p>\n\n\n\n<p>Projekt podr\u017eava suo\u010davanje s posljedicama traume proiza\u0161le iz uni\u0161tavanja kulturne ba\u0161tine, u dru\u0161tvima pogo\u0111enim ratom. Projektni tim \u017eeli promovirati umjetnost kao alat za oporavak i otpornost, na individualnoj i dru\u0161tvenoj razini. Kroz aktivnosti, umjetnici, mladi, aktivisti za ljudska prava i \u0161ira javnost tuma\u010dit \u0107e traumu u njezinim politi\u010dkim, dru\u0161tvenim i kulturnim aspektima.<\/p>\n\n\n\n<p>U sklopu projekta Documenta i partnerske organizacije organizirat \u0107e zajedno umjetni\u010dke izlo\u017ebe u svim uklju\u010denim zemljama, dva studijska putovanja na mjesta traume nakon kojih slijede dvije multidisciplinarne studentske izlo\u017ebe, projekcije i otvorene rasprave koje se bave posljedicama rata i podr\u017eavaju suo\u010davanje s pro\u0161lo\u0161\u0107u, radionice o izgradnji mira, transnacionalnu razmjenu iskustava kroz susrete umjetnika i svjedoka vremena s lokalnom publikom te dvije umjetni\u010dke rezidencije popra\u0107ene raznim radionicama za mlade.<\/p>\n\n\n\n<p>Tijekom sastanka u Zagrebu, planirali smo provedbu navedenih aktivnosti i razmjenjivali informaciju o primjerima revitalizirane kulturne ba\u0161tine uni\u0161tene u ratu. Digitalna publikacija s primjerima iz svake zemlje bit \u0107e objavljena u svibnju ove godine.<\/p>\n\n\n\n<p>Projekt sufinancira Europska unija.<\/p>\n\n\n\n<hr class=\"wp-block-separator has-alpha-channel-opacity\"\/>\n\n\n\n<p>Izvor:<\/p>\n\n\n\n<figure class=\"wp-block-embed is-type-wp-embed is-provider-documenta wp-block-embed-documenta\"><div class=\"wp-block-embed__wrapper\">\n<blockquote class=\"wp-embedded-content\" data-secret=\"3SA6CnWruL\"><a href=\"https:\/\/documenta.hr\/novosti\/odrzan-prvi-partnerski-sastanak-projekta-odgovor-na-traumu-i-unistenje-kulturne-bastine\/\">Odr\u017ean prvi partnerski sastanak projekta \u201cOdgovor na traumu i uni\u0161tenje kulturne ba\u0161tine\u201d<\/a><\/blockquote><iframe loading=\"lazy\" class=\"wp-embedded-content\" sandbox=\"allow-scripts\" security=\"restricted\" style=\"position: absolute; visibility: hidden;\" title=\"&#8220;Odr\u017ean prvi partnerski sastanak projekta \u201cOdgovor na traumu i uni\u0161tenje kulturne ba\u0161tine\u201d&#8221; &#8212; Documenta\" src=\"https:\/\/documenta.hr\/novosti\/odrzan-prvi-partnerski-sastanak-projekta-odgovor-na-traumu-i-unistenje-kulturne-bastine\/embed\/#?secret=3SA6CnWruL\" data-secret=\"3SA6CnWruL\" width=\"600\" height=\"338\" frameborder=\"0\" marginwidth=\"0\" marginheight=\"0\" scrolling=\"no\"><\/iframe>\n<\/div><\/figure>\n\n\n\n<hr class=\"wp-block-separator has-alpha-channel-opacity\"\/>\n","protected":false},"excerpt":{"rendered":"","protected":false},"author":2,"featured_media":45011,"comment_status":"open","ping_status":"open","sticky":false,"template":"","format":"standard","meta":{"_acf_changed":false,"jetpack_post_was_ever_published":false,"_jetpack_newsletter_access":"","_jetpack_dont_email_post_to_subs":false,"_jetpack_newsletter_tier_id":0,"_jetpack_memberships_contains_paywalled_content":false,"_jetpack_memberships_contains_paid_content":false,"footnotes":"","jetpack_publicize_message":"","jetpack_publicize_feature_enabled":true,"jetpack_social_post_already_shared":true,"jetpack_social_options":{"image_generator_settings":{"template":"highway","default_image_id":0,"font":"","enabled":false},"version":2}},"categories":[3],"tags":[],"class_list":["post-45010","post","type-post","status-publish","format-standard","has-post-thumbnail","hentry","category-novosti"],"acf":{"facebook_opis":""},"jetpack_publicize_connections":[],"jetpack_featured_media_url":"https:\/\/i0.wp.com\/historiografija.hr\/wp-content\/uploads\/2025\/02\/Documenta.jpg?fit=937%2C703&ssl=1","jetpack_sharing_enabled":true,"jetpack-related-posts":[],"_links":{"self":[{"href":"https:\/\/historiografija.hr\/index.php?rest_route=\/wp\/v2\/posts\/45010","targetHints":{"allow":["GET"]}}],"collection":[{"href":"https:\/\/historiografija.hr\/index.php?rest_route=\/wp\/v2\/posts"}],"about":[{"href":"https:\/\/historiografija.hr\/index.php?rest_route=\/wp\/v2\/types\/post"}],"author":[{"embeddable":true,"href":"https:\/\/historiografija.hr\/index.php?rest_route=\/wp\/v2\/users\/2"}],"replies":[{"embeddable":true,"href":"https:\/\/historiografija.hr\/index.php?rest_route=%2Fwp%2Fv2%2Fcomments&post=45010"}],"version-history":[{"count":1,"href":"https:\/\/historiografija.hr\/index.php?rest_route=\/wp\/v2\/posts\/45010\/revisions"}],"predecessor-version":[{"id":45012,"href":"https:\/\/historiografija.hr\/index.php?rest_route=\/wp\/v2\/posts\/45010\/revisions\/45012"}],"wp:featuredmedia":[{"embeddable":true,"href":"https:\/\/historiografija.hr\/index.php?rest_route=\/wp\/v2\/media\/45011"}],"wp:attachment":[{"href":"https:\/\/historiografija.hr\/index.php?rest_route=%2Fwp%2Fv2%2Fmedia&parent=45010"}],"wp:term":[{"taxonomy":"category","embeddable":true,"href":"https:\/\/historiografija.hr\/index.php?rest_route=%2Fwp%2Fv2%2Fcategories&post=45010"},{"taxonomy":"post_tag","embeddable":true,"href":"https:\/\/historiografija.hr\/index.php?rest_route=%2Fwp%2Fv2%2Ftags&post=45010"}],"curies":[{"name":"wp","href":"https:\/\/api.w.org\/{rel}","templated":true}]}}