{"id":45005,"date":"2025-02-25T22:20:43","date_gmt":"2025-02-25T22:20:43","guid":{"rendered":"https:\/\/historiografija.hr\/?p=45005"},"modified":"2025-02-25T22:20:43","modified_gmt":"2025-02-25T22:20:43","slug":"memorijal-akademika-drage-perovica-i-akademkinje-jelene-krmpotic-nemanic","status":"publish","type":"post","link":"https:\/\/historiografija.hr\/?p=45005","title":{"rendered":"Memorijal akademika Drage Perovi\u0107a i akademkinje Jelene Krmpoti\u0107-Nemani\u0107"},"content":{"rendered":"\n<p>U sje\u0107anje na prvo predavanje na Medicinskom fakultetu u Zagrebu, koje je 12. sije\u010dnja 1918. godine odr\u017eao akademik Drago Perovi\u0107, Katedra za anatomiju i klini\u010dku anatomiju te Zavod za anatomiju &#8220;Drago Perovi\u0107&#8221; Medicinskog fakulteta Sveu\u010dili\u0161ta u Zagrebu organiziraju <em>Memorijal akademika Drage Perovi\u0107a i akademkinje Jelene Krmpoti\u0107-Nemani\u0107<\/em>, koji \u0107e se odr\u017eati u <strong>petak 28. velja\u010de 2025. godine s po\u010detkom u 13 sati, u predavaonici Zavoda za patologiju, \u0160alata 10<\/strong>.<\/p>\n\n\n\n<p>Memorijalom se odaje priznanje radu akademkinje Krmpoti\u0107-Nemani\u0107 i akademika Perovi\u0107a koji su \u010ditav svoj \u017eivot posvetili odgoju studenata, a ovogodi\u0161nji program posve\u0107en je <em>va\u017enosti tradicije i o\u010duvanja ba\u0161tine Zavoda za anatomiju<\/em>.<\/p>\n\n\n\n<p>Uz dodjelu nagrade najboljem diplomiranom studentu te zahvalnice umirovljenim profesorima, Memorijal \u0107e tradicionalno uveli\u010dati nastup pjeva\u010dkog zbora studenata Medicinskog fakulteta Sveu\u010dili\u0161ta u Zagrebu <em>Lege artis<\/em>.<\/p>\n\n\n\n<p><a href=\"https:\/\/mef.unizg.hr\/app\/uploads\/2025\/02\/ProgramMemorijalPerovicKrmpotic2025.pdf\">Program Memorijala<\/a><\/p>\n\n\n\n<p>Veselimo se va\u0161em dolasku uz zamolbu da dolazak potvrdite preko digitalnog <strong><a href=\"https:\/\/form.jotform.com\/232852786625063\" target=\"_blank\" rel=\"noreferrer noopener\">obrasca<\/a><\/strong>.<\/p>\n\n\n\n<hr class=\"wp-block-separator has-alpha-channel-opacity\"\/>\n\n\n\n<p>Izvor:<\/p>\n\n\n\n<p><a href=\"https:\/\/mef.unizg.hr\/memorijal-akademika-drage-perovica-i-akademkinje-jelene-krmpotic-nemanic-28-2-2025\">https:\/\/mef.unizg.hr\/memorijal-akademika-drage-perovica-i-akademkinje-jelene-krmpotic-nemanic-28-2-2025<\/a><\/p>\n\n\n\n<hr class=\"wp-block-separator has-alpha-channel-opacity\"\/>\n","protected":false},"excerpt":{"rendered":"","protected":false},"author":2,"featured_media":45006,"comment_status":"open","ping_status":"open","sticky":false,"template":"","format":"standard","meta":{"_acf_changed":false,"jetpack_post_was_ever_published":false,"_jetpack_newsletter_access":"","_jetpack_dont_email_post_to_subs":false,"_jetpack_newsletter_tier_id":0,"_jetpack_memberships_contains_paywalled_content":false,"_jetpack_memberships_contains_paid_content":false,"footnotes":"","jetpack_publicize_message":"","jetpack_publicize_feature_enabled":true,"jetpack_social_post_already_shared":true,"jetpack_social_options":{"image_generator_settings":{"template":"highway","default_image_id":0,"font":"","enabled":false},"version":2}},"categories":[3],"tags":[],"class_list":["post-45005","post","type-post","status-publish","format-standard","has-post-thumbnail","hentry","category-novosti"],"acf":{"facebook_opis":""},"jetpack_publicize_connections":[],"jetpack_featured_media_url":"https:\/\/i0.wp.com\/historiografija.hr\/wp-content\/uploads\/2025\/02\/Perovic_predavanje.jpg?fit=2125%2C1509&ssl=1","jetpack_sharing_enabled":true,"jetpack-related-posts":[],"_links":{"self":[{"href":"https:\/\/historiografija.hr\/index.php?rest_route=\/wp\/v2\/posts\/45005","targetHints":{"allow":["GET"]}}],"collection":[{"href":"https:\/\/historiografija.hr\/index.php?rest_route=\/wp\/v2\/posts"}],"about":[{"href":"https:\/\/historiografija.hr\/index.php?rest_route=\/wp\/v2\/types\/post"}],"author":[{"embeddable":true,"href":"https:\/\/historiografija.hr\/index.php?rest_route=\/wp\/v2\/users\/2"}],"replies":[{"embeddable":true,"href":"https:\/\/historiografija.hr\/index.php?rest_route=%2Fwp%2Fv2%2Fcomments&post=45005"}],"version-history":[{"count":1,"href":"https:\/\/historiografija.hr\/index.php?rest_route=\/wp\/v2\/posts\/45005\/revisions"}],"predecessor-version":[{"id":45007,"href":"https:\/\/historiografija.hr\/index.php?rest_route=\/wp\/v2\/posts\/45005\/revisions\/45007"}],"wp:featuredmedia":[{"embeddable":true,"href":"https:\/\/historiografija.hr\/index.php?rest_route=\/wp\/v2\/media\/45006"}],"wp:attachment":[{"href":"https:\/\/historiografija.hr\/index.php?rest_route=%2Fwp%2Fv2%2Fmedia&parent=45005"}],"wp:term":[{"taxonomy":"category","embeddable":true,"href":"https:\/\/historiografija.hr\/index.php?rest_route=%2Fwp%2Fv2%2Fcategories&post=45005"},{"taxonomy":"post_tag","embeddable":true,"href":"https:\/\/historiografija.hr\/index.php?rest_route=%2Fwp%2Fv2%2Ftags&post=45005"}],"curies":[{"name":"wp","href":"https:\/\/api.w.org\/{rel}","templated":true}]}}