{"id":45002,"date":"2025-02-25T22:12:36","date_gmt":"2025-02-25T22:12:36","guid":{"rendered":"https:\/\/historiografija.hr\/?p=45002"},"modified":"2025-02-25T22:12:36","modified_gmt":"2025-02-25T22:12:36","slug":"izlozba-u-snu-steiner-djela-milana-steinera-iz-fundusa-gradske-galerije-striegl","status":"publish","type":"post","link":"https:\/\/historiografija.hr\/?p=45002","title":{"rendered":"Izlo\u017eba \u201dU snu Steiner. Djela Milana Steinera iz fundusa Gradske galerije Striegl\u201d"},"content":{"rendered":"\n<p>RAZOTKRIVANJE NEVJEROJATNOG OPUSA JEDNOG OD NAJVE\u0106IH SLIKARA HRVATSKE MODERNE \u2013 MILANA STEINERA<\/p>\n\n\n\n<p>Gradska galerija Striegl 2025. godine otkupila je zbirku radova Milana Steinera, Si\u0161\u010danina koji je zna\u010dajno obilje\u017eio hrvatsko slikarstvo dvadesetog stolje\u0107a. Zna\u010daj, zaokru\u017eenost, umjetni\u010dka i povijesna vrijednost ovog otkupa od 147 crte\u017ea, akvarela i uljanih slika te bogate arhivsko-dokumentarne gra\u0111e Milana Steinera iznimno je va\u017ena ne samo za Grad Sisak nego i za stvaranje cjelovite slike hrvatske umjetnosti.<\/p>\n\n\n\n<p>Po otvaranju Holandske ku\u0107e u Sisku,&nbsp;<strong>Gradska galerija Striegl<\/strong>&nbsp;pokrenula je rad na realizaciji velike Steinerove izlo\u017ebe. Izlo\u017eba pod nazivom&nbsp;<strong>\u201eU snu Steiner\u201c<\/strong>&nbsp;predstavit \u0107e cjelovitu zbirku koju \u010dine otkupljena djela&nbsp;<strong>Milana Steinera<\/strong>. Ovaj izlo\u017ebeni projekt vrijedna je inicijativa i poticaj za razvoj kulturnih politika javnog sektora te slu\u017ei kao primjer kvalitetne muzejsko-galerijske prakse svim osniva\u010dima javnih muzejsko-galerijskih ustanova. Na ovaj na\u010din vrijedne zbirke ostaju sa\u010duvane u cjelini i kao takve ostaju trajno dostupne javnosti, dok se Grad Sisak pozicionira kao sredina koja se odgovorno i propulzivno brine o umjetni\u010dkom naslje\u0111u autora koji su potekli iz Siska i djelovali u njemu, a imaju neprocjenjivu vrijednost za stvaranje cjelovite slike o statusu i pozicijama hrvatske umjetnosti unutar europskog umjetni\u010dkog konteksta. Gradona\u010delnica Grada Siska&nbsp;<strong>Kristina Iki\u0107-Bani\u010dek<\/strong>&nbsp;izjavila je: \u201eDrago mi je da se Steiner kona\u010dno vra\u0107a u Sisak koji je njegov rodni grad, mjesto kojem se sve do kraja svog kratkog \u017eivota uvijek vra\u0107ao i kojeg je obuhvatio u svojim djelima. Sisak je sada trajno mjesto gdje \u0107e njegov dragocjeni opus biti dostupan javnosti.\u201c<\/p>\n\n\n\n<p>Izlo\u017eba nije jo\u0161 jedna u nizu izlo\u017ebenih retrospektiva umjetnika ili prikaz fundusa, ve\u0107 kriti\u010dki ukazuje na po\u010detke i temelje hrvatske moderne, ali i razotkriva neizvjesni i hrabri put kojeg je pro\u0161ao opus umjetnika Milana Steinera do dana\u0161njeg vremena. Poznato je da je pokojni akademik Josip Vani\u0161ta naslijedio Steinerovu ostav\u0161tinu od Milanova brata Ive Steinera. Vani\u0161ta je prihvatio radove Milana Steinera s ogromnom po\u0161tovanjem umjetnika prema umjetniku i obvezom \u0161to proizlazi iz potrebe posredovanja slikarovih radova u muzejsko-galerijskim inicijativama.<\/p>\n\n\n\n<p>Ovaj otkup, prema brojnim kontaktima sa stru\u010dnom zajednicom, ne samo da nagovje\u0161tava promjenu paradigme otkupa umjetnina za javne ustanove u kulturi nego i pokazuje brigu Grada Siska o umjetni\u010dkoj ostav\u0161tini dvojice umjetnika koji tvore umjetni\u010dke vrijednosti i temelje kulturnog Siska. Tako\u0111er, otkup ove dragocjene zbirke Sisku daje kulturolo\u0161ku i muzeolo\u0161ku osnovu za pozicioniranje Siska kao pozitivnog primjera \u010duvara i promicatelja moderne i suvremene likovne ba\u0161tine kontinentalnog dijela Hrvatske, te \u0107e ga u\u010dvrstiti na popisu nezaobilaznih kulturnih zanimljivosti koje \u0107e pohoditi mnogi ljubitelji likovnoga umije\u0107a, a k tomu i otkrivati specifi\u010dnosti umjetni\u010dkog naslje\u0111a grada Siska i prirodnih ljepota koje ga okru\u017euju. Za Gradsku galeriju Striegl pak otkup ponu\u0111ene zbirke Steinerovih radova zna\u010di i utjelovljenje ekskluzivnog fundusa umjetnina dvojice Si\u0161\u010dana koji \u0107e je uzdi\u0107i do statusnog simbola galerije koja se odgovorno brine o umjetni\u010dkom naslje\u0111u sredine u kojoj djeluje.<\/p>\n\n\n\n<p>\u201eVelika je privilegija imati pristup i uvid u brojne Steinerove crte\u017ee i skice, promatrati ih i prou\u010davati te prezentirati javnosti\u201c, izjavio je autor dizajna postava, suvremeni vizualni umjetnik, Si\u0161\u010danin s milanskom adresom&nbsp;<strong>Marko Tadi\u0107<\/strong>, te istaknuo: \u201eSteiner je tihi genij, nedovoljno prou\u010davan i premalo izlagan. Njegovo bi prisustvo u Sisku i Zagrebu trebalo biti konstantno.\u201c<\/p>\n\n\n\n<p>Ravnateljica Gradske galerije Striegl i autorica kustoske koncepcije,&nbsp;<strong>Alma Trauber<\/strong>, istaknula je kako je projekt Milan Steiner rezultat dugogodi\u0161njeg \u017eelje \u201edosanjanog sna\u201c Grada Siska i Gradske galerije Striegl da uz opus Strieglove Slave i Steinerov opus smjesti i prezentira u njegovu rodnom gradu. \u201eSisak kao grad ima dugi odnos s Milanom Steinerom i njegovom umjetni\u010dkom ostav\u0161tinom. Ne mislim pritom samo na \u010dinjenicu da je Sisak Steinerov rodni grad, ve\u0107 i kroz brojne poku\u0161aje u proteklom razdoblju da se Steinerova umjetni\u010dka ostav\u0161tina usidri u Sisku\u201c, rekla je, pa zaklju\u010dila: \u201eOva izlo\u017eba daje uvid u opus jedne samozatajne umjetni\u010dke osobnosti, koja je u umjetni\u010dkom i svjetonazorskom smislu formirana u burnom razdoblju po\u010detka 20. stolje\u0107a i u tom razdoblju bio je hrabri i dosljedni lu\u010dono\u0161a kakvih je, na\u017ealost, bilo premalo na na\u0161oj umjetni\u010dkoj i kulturnoj sceni.\u201c<\/p>\n\n\n\n<p>Vizualni identitet izlo\u017ebe potpisuje&nbsp;<strong>Sven Sori\u0107<\/strong>, tako\u0111er Si\u0161\u010danin: \u201ePovratak Steinera u Sisak va\u017ean je doga\u0111aj za odnos lokalne sredine prema svojoj umjetni\u010dkoj ostav\u0161tini \u2013 zna\u010daj Steinera daleko nadma\u0161uje lokalni kontekst, dokaz tome su zapis Krle\u017einog sna, ali i strast Josipa Vani\u0161te prema Steinerovu djelu \u2013 zahvaljuju\u0107i ovom velikanu umjetnosti 20 st. Steinerova djela su sa\u010duvana i na\u0161la su put ku\u0107i. Zasad mo\u017eda nedovoljno poznat na\u0161im sugra\u0111anima, Steiner \u0107e zasigurno postati dio na\u0161e kolektivne memorije.\u201c<\/p>\n\n\n\n<p>Naziv izlo\u017ebe \u201eU snu Steiner\u201c u relaciji je sa zapisom sna Miroslava Krle\u017ee o Steineru iz 1919. godine, ali i sa snom Siska da opus Milana Steinera trajno i javno bude predstavljen u njegovu rodnom gradu. Nedosanjani san postao je java.<\/p>\n\n\n\n<p>Grad Sisak u potpunosti je financirao otkup zbirke, dok je Ministarstvo kulture i medija Republike Hrvatske sufinanciralo pripremne radove za realizaciju izlo\u017ebe te aktivnosti na dokumentaciji zbirke.<\/p>\n\n\n\n<p>Nacrte izlo\u017ebenih vitrina potpisuje&nbsp;<strong>Mirna Udov\u010di\u0107<\/strong>, dok je same vitrine izradio&nbsp;<strong>Nikola Brlek<\/strong>&nbsp;(Superhands). Za povijesni kontekst vremena ostvarena je suradnja s Gradskim muzejem Sisak i vi\u0161om kustosicom&nbsp;<strong>Davorkom Obradovi\u0107<\/strong>.<\/p>\n\n\n\n<p>Izlo\u017eba \u201eU snu Steiner\u201c \u0107e biti otvorena od 27. velja\u010de do 31. svibnja 2025.<\/p>\n\n\n\n<hr class=\"wp-block-separator has-alpha-channel-opacity\"\/>\n\n\n\n<p>Izvor:<\/p>\n\n\n\n<figure class=\"wp-block-embed is-type-wp-embed is-provider-gradska-galerija-striegl wp-block-embed-gradska-galerija-striegl\"><div class=\"wp-block-embed__wrapper\">\n<blockquote class=\"wp-embedded-content\" data-secret=\"4gN8ceUwfM\"><a href=\"https:\/\/galerija-striegl.hr\/izlozba-u-snu-steiner-djela-milana-steinera-iz-fundusa-gradske-galerije-striegl\/\">Izlo\u017eba &#8221;U snu Steiner. Djela Milana Steinera iz fundusa Gradske galerije Striegl&#8221;<\/a><\/blockquote><iframe loading=\"lazy\" class=\"wp-embedded-content\" sandbox=\"allow-scripts\" security=\"restricted\" style=\"position: absolute; visibility: hidden;\" title=\"&#8220;Izlo\u017eba &#8221;U snu Steiner. Djela Milana Steinera iz fundusa Gradske galerije Striegl&#8221;&#8221; &#8212; Gradska galerija Striegl\" src=\"https:\/\/galerija-striegl.hr\/izlozba-u-snu-steiner-djela-milana-steinera-iz-fundusa-gradske-galerije-striegl\/embed\/#?secret=Wwhx89Geu5#?secret=4gN8ceUwfM\" data-secret=\"4gN8ceUwfM\" width=\"600\" height=\"338\" frameborder=\"0\" marginwidth=\"0\" marginheight=\"0\" scrolling=\"no\"><\/iframe>\n<\/div><\/figure>\n\n\n\n<hr class=\"wp-block-separator has-alpha-channel-opacity\"\/>\n","protected":false},"excerpt":{"rendered":"","protected":false},"author":2,"featured_media":45003,"comment_status":"open","ping_status":"open","sticky":false,"template":"","format":"standard","meta":{"_acf_changed":false,"jetpack_post_was_ever_published":false,"_jetpack_newsletter_access":"","_jetpack_dont_email_post_to_subs":false,"_jetpack_newsletter_tier_id":0,"_jetpack_memberships_contains_paywalled_content":false,"_jetpack_memberships_contains_paid_content":false,"footnotes":"","jetpack_publicize_message":"","jetpack_publicize_feature_enabled":true,"jetpack_social_post_already_shared":true,"jetpack_social_options":{"image_generator_settings":{"template":"highway","default_image_id":0,"font":"","enabled":false},"version":2}},"categories":[10,3],"tags":[],"class_list":["post-45002","post","type-post","status-publish","format-standard","has-post-thumbnail","hentry","category-izlozbe","category-novosti"],"acf":{"facebook_opis":""},"jetpack_publicize_connections":[],"jetpack_featured_media_url":"https:\/\/i0.wp.com\/historiografija.hr\/wp-content\/uploads\/2025\/02\/Milan-Steiner.jpg?fit=893%2C1248&ssl=1","jetpack_sharing_enabled":true,"jetpack-related-posts":[],"_links":{"self":[{"href":"https:\/\/historiografija.hr\/index.php?rest_route=\/wp\/v2\/posts\/45002","targetHints":{"allow":["GET"]}}],"collection":[{"href":"https:\/\/historiografija.hr\/index.php?rest_route=\/wp\/v2\/posts"}],"about":[{"href":"https:\/\/historiografija.hr\/index.php?rest_route=\/wp\/v2\/types\/post"}],"author":[{"embeddable":true,"href":"https:\/\/historiografija.hr\/index.php?rest_route=\/wp\/v2\/users\/2"}],"replies":[{"embeddable":true,"href":"https:\/\/historiografija.hr\/index.php?rest_route=%2Fwp%2Fv2%2Fcomments&post=45002"}],"version-history":[{"count":1,"href":"https:\/\/historiografija.hr\/index.php?rest_route=\/wp\/v2\/posts\/45002\/revisions"}],"predecessor-version":[{"id":45004,"href":"https:\/\/historiografija.hr\/index.php?rest_route=\/wp\/v2\/posts\/45002\/revisions\/45004"}],"wp:featuredmedia":[{"embeddable":true,"href":"https:\/\/historiografija.hr\/index.php?rest_route=\/wp\/v2\/media\/45003"}],"wp:attachment":[{"href":"https:\/\/historiografija.hr\/index.php?rest_route=%2Fwp%2Fv2%2Fmedia&parent=45002"}],"wp:term":[{"taxonomy":"category","embeddable":true,"href":"https:\/\/historiografija.hr\/index.php?rest_route=%2Fwp%2Fv2%2Fcategories&post=45002"},{"taxonomy":"post_tag","embeddable":true,"href":"https:\/\/historiografija.hr\/index.php?rest_route=%2Fwp%2Fv2%2Ftags&post=45002"}],"curies":[{"name":"wp","href":"https:\/\/api.w.org\/{rel}","templated":true}]}}