{"id":44999,"date":"2025-02-24T22:59:18","date_gmt":"2025-02-24T22:59:18","guid":{"rendered":"https:\/\/historiografija.hr\/?p=44999"},"modified":"2025-02-24T22:59:18","modified_gmt":"2025-02-24T22:59:18","slug":"predavanje-o-klimatskim-promjenama-iz-ciklusa-javne-sociologije","status":"publish","type":"post","link":"https:\/\/historiografija.hr\/?p=44999","title":{"rendered":"Predavanje o klimatskim promjenama iz ciklusa Javne sociologije"},"content":{"rendered":"\n<p>Pozivamo Vas na novo predavanje iz ciklusa Javne sociologije koje \u0107e se odr\u017eati 25. 2. 2025. godine u 18 sati u prostoriji 004 u sveu\u010dili\u0161noj zgradi SEP (biv\u0161a Tehni\u010dka \u0161kola) u Zadru.<\/p>\n\n\n\n<p>Klimatske promjene su jedan od najve\u0107ih izazova dana\u0161njice, ali dezinformacije koje negiraju znanstveni konsenzus podrivaju napore za njihovo rje\u0161avanje i osporavaju klimatske politike. Na temelju rezultata istra\u017eivanja provedenog u o\u017eujku 2024. godine, <strong>Sara \u010covi\u0107<\/strong> s Odjela za sociologiju Sveu\u010dili\u0161ta u Zadru prikazat \u0107e glavne klimatske dezinformacije u Hrvatskoj \u2013 tko ih \u0161iri, koji su najra\u0161ireniji narativi i \u0161to utje\u010de na njihovo prihva\u0107anje.<\/p>\n\n\n\n<p>Ipak, klimatske dezinformacije samo su dio mnogo \u0161ireg problema, o \u010demu \u0107e govoriti novinar i fact-checker <strong>Petar Vidov<\/strong>, glavni urednik Klimatskog portala. La\u017ene informacije danas pro\u017eimaju politiku, zdravstvo, ekonomiju i ekologiju, oblikuju\u0107i javno mnijenje i odluke. No kako one funkcioniraju, tko ih plasira i za\u0161to su toliko uvjerljive? Poseban naglasak bit \u0107e na ulozi umjetne inteligencije (AI) \u2013 ho\u0107e li postati glavno sredstvo manipulacije ili klju\u010dan alat u borbi protiv dezinformacija? \u0160to nas \u010deka u budu\u0107nosti i kako se mo\u017eemo pripremiti?<\/p>\n\n\n\n<p>Razumijevanje ovih problema i prilagodba na nove okolnosti bit \u0107e nu\u017eni za postizanje pozitivnih promjena. Kriti\u010dki pristup i suradnja mogu biti klju\u010dni u borbi protiv dezinformacija stoga Vas pozivamo da nam se pridru\u017eite na sljede\u0107em izdanju Javne sociologije gdje \u0107emo zajedno istra\u017eiti kako prepoznati, razumjeti i suprotstaviti se la\u017enim informacijama u sve slo\u017eenijem medijskom prostoru.<\/p>\n\n\n\n<hr class=\"wp-block-separator has-alpha-channel-opacity\"\/>\n\n\n\n<p>Izvori:<\/p>\n\n\n\n<p><a href=\"https:\/\/www.unizd.hr\/obavijesti\/view\/predavanje-o-klimatskim-promjenama-iz-ciklusa-javne-sociologije\">https:\/\/www.unizd.hr\/obavijesti\/view\/predavanje-o-klimatskim-promjenama-iz-ciklusa-javne-sociologije<\/a><\/p>\n\n\n\n<figure class=\"wp-block-embed is-type-wp-embed is-provider-hrvatsko-sociolo-ko-dru-tvo wp-block-embed-hrvatsko-sociolo-ko-dru-tvo\"><div class=\"wp-block-embed__wrapper\">\n<blockquote class=\"wp-embedded-content\" data-secret=\"oqfXvjdkyJ\"><a href=\"https:\/\/hsd.hr\/2025\/02\/19\/poziv-na-predavanje-javna-sociologija-klimatske-dezinformacije-u-hrvatskoj\/\">POZIV NA PREDAVANJE: Javna sociologija \u2013 (Dez)informacije o klimi &#8211; popularni narativi i budu\u0107i scenariji<\/a><\/blockquote><iframe loading=\"lazy\" class=\"wp-embedded-content\" sandbox=\"allow-scripts\" security=\"restricted\" style=\"position: absolute; visibility: hidden;\" title=\"&#8220;POZIV NA PREDAVANJE: Javna sociologija \u2013 (Dez)informacije o klimi &#8211; popularni narativi i budu\u0107i scenariji&#8221; &#8212; Hrvatsko sociolo\u0161ko dru\u0161tvo\" src=\"https:\/\/hsd.hr\/2025\/02\/19\/poziv-na-predavanje-javna-sociologija-klimatske-dezinformacije-u-hrvatskoj\/embed\/#?secret=M060xzyXFZ#?secret=oqfXvjdkyJ\" data-secret=\"oqfXvjdkyJ\" width=\"600\" height=\"338\" frameborder=\"0\" marginwidth=\"0\" marginheight=\"0\" scrolling=\"no\"><\/iframe>\n<\/div><\/figure>\n\n\n\n<hr class=\"wp-block-separator has-alpha-channel-opacity\"\/>\n","protected":false},"excerpt":{"rendered":"","protected":false},"author":2,"featured_media":45000,"comment_status":"open","ping_status":"open","sticky":false,"template":"","format":"standard","meta":{"_acf_changed":false,"jetpack_post_was_ever_published":false,"_jetpack_newsletter_access":"","_jetpack_dont_email_post_to_subs":false,"_jetpack_newsletter_tier_id":0,"_jetpack_memberships_contains_paywalled_content":false,"_jetpack_memberships_contains_paid_content":false,"footnotes":"","jetpack_publicize_message":"","jetpack_publicize_feature_enabled":true,"jetpack_social_post_already_shared":true,"jetpack_social_options":{"image_generator_settings":{"template":"highway","default_image_id":0,"font":"","enabled":false},"version":2}},"categories":[3],"tags":[],"class_list":["post-44999","post","type-post","status-publish","format-standard","has-post-thumbnail","hentry","category-novosti"],"acf":{"facebook_opis":""},"jetpack_publicize_connections":[],"jetpack_featured_media_url":"https:\/\/i0.wp.com\/historiografija.hr\/wp-content\/uploads\/2025\/02\/Digitalni-plakat.jpg?fit=426%2C600&ssl=1","jetpack_sharing_enabled":true,"jetpack-related-posts":[],"_links":{"self":[{"href":"https:\/\/historiografija.hr\/index.php?rest_route=\/wp\/v2\/posts\/44999","targetHints":{"allow":["GET"]}}],"collection":[{"href":"https:\/\/historiografija.hr\/index.php?rest_route=\/wp\/v2\/posts"}],"about":[{"href":"https:\/\/historiografija.hr\/index.php?rest_route=\/wp\/v2\/types\/post"}],"author":[{"embeddable":true,"href":"https:\/\/historiografija.hr\/index.php?rest_route=\/wp\/v2\/users\/2"}],"replies":[{"embeddable":true,"href":"https:\/\/historiografija.hr\/index.php?rest_route=%2Fwp%2Fv2%2Fcomments&post=44999"}],"version-history":[{"count":1,"href":"https:\/\/historiografija.hr\/index.php?rest_route=\/wp\/v2\/posts\/44999\/revisions"}],"predecessor-version":[{"id":45001,"href":"https:\/\/historiografija.hr\/index.php?rest_route=\/wp\/v2\/posts\/44999\/revisions\/45001"}],"wp:featuredmedia":[{"embeddable":true,"href":"https:\/\/historiografija.hr\/index.php?rest_route=\/wp\/v2\/media\/45000"}],"wp:attachment":[{"href":"https:\/\/historiografija.hr\/index.php?rest_route=%2Fwp%2Fv2%2Fmedia&parent=44999"}],"wp:term":[{"taxonomy":"category","embeddable":true,"href":"https:\/\/historiografija.hr\/index.php?rest_route=%2Fwp%2Fv2%2Fcategories&post=44999"},{"taxonomy":"post_tag","embeddable":true,"href":"https:\/\/historiografija.hr\/index.php?rest_route=%2Fwp%2Fv2%2Ftags&post=44999"}],"curies":[{"name":"wp","href":"https:\/\/api.w.org\/{rel}","templated":true}]}}