{"id":44983,"date":"2025-02-24T22:00:21","date_gmt":"2025-02-24T22:00:21","guid":{"rendered":"https:\/\/historiografija.hr\/?p=44983"},"modified":"2025-02-24T22:00:21","modified_gmt":"2025-02-24T22:00:21","slug":"razgovor-o-hrvatsko-poljskim-vezama-u-kontekstu-boravka-poljskih-izbjeglica-na-jadranu-u-vrijeme-drugoga-svjetskog-rata","status":"publish","type":"post","link":"https:\/\/historiografija.hr\/?p=44983","title":{"rendered":"Razgovor o hrvatsko-poljskim vezama u kontekstu boravka poljskih izbjeglica na Jadranu u vrijeme Drugoga svjetskog rata"},"content":{"rendered":"\n<p>U \u010detvrtak 27.2.2025. s po\u010detkom u 13:15 na Institutu za slavensku filologiju Jagelonskog sveu\u010dili\u0161ta u Krakovu (ul. Ingardena 3, dvorana 30) bit \u0107e odr\u017ean razgovor o hrvatsko-poljskim vezama u kontekstu boravka poljskih izbjeglica na Jadranu u vrijeme Drugoga svjetskog rata. <\/p>\n\n\n\n<p>U razgovoru sudjeluju: prof. dr. sc. Magdalena Najbar-Agi\u010di\u0107, prof. dr. sc. Damir Agi\u010di\u0107 i dr. sc. Slaven Kale. Razgovor \u0107e voditi prof. dr. sc. Maciej Czerwi\u0144ski. <\/p>\n\n\n\n<p>Povod za diskusiju nedavna je objava knjige \u201eOaza u Crikvenici\u201c Janine Kujawske-Tenner (Srednja Europa, 2024.). <\/p>\n\n\n\n<p>Doga\u0111aj organiziraju Institut za povijest Jagelonskog sveu\u010dili\u0161ta, Institut za slavensku filologiju Jagelonskog sveu\u010dili\u0161ta i Udruga Kliofest.<\/p>\n\n\n\n<hr class=\"wp-block-separator has-alpha-channel-opacity\"\/>\n","protected":false},"excerpt":{"rendered":"","protected":false},"author":2,"featured_media":44984,"comment_status":"open","ping_status":"open","sticky":false,"template":"","format":"standard","meta":{"_acf_changed":false,"jetpack_post_was_ever_published":false,"_jetpack_newsletter_access":"","_jetpack_dont_email_post_to_subs":false,"_jetpack_newsletter_tier_id":0,"_jetpack_memberships_contains_paywalled_content":false,"_jetpack_memberships_contains_paid_content":false,"footnotes":"","jetpack_publicize_message":"","jetpack_publicize_feature_enabled":true,"jetpack_social_post_already_shared":true,"jetpack_social_options":{"image_generator_settings":{"template":"highway","default_image_id":0,"font":"","enabled":false},"version":2}},"categories":[3],"tags":[],"class_list":["post-44983","post","type-post","status-publish","format-standard","has-post-thumbnail","hentry","category-novosti"],"acf":{"facebook_opis":""},"jetpack_publicize_connections":[],"jetpack_featured_media_url":"https:\/\/i0.wp.com\/historiografija.hr\/wp-content\/uploads\/2025\/02\/Crikvenica.jpg?fit=2048%2C1533&ssl=1","jetpack_sharing_enabled":true,"jetpack-related-posts":[],"_links":{"self":[{"href":"https:\/\/historiografija.hr\/index.php?rest_route=\/wp\/v2\/posts\/44983","targetHints":{"allow":["GET"]}}],"collection":[{"href":"https:\/\/historiografija.hr\/index.php?rest_route=\/wp\/v2\/posts"}],"about":[{"href":"https:\/\/historiografija.hr\/index.php?rest_route=\/wp\/v2\/types\/post"}],"author":[{"embeddable":true,"href":"https:\/\/historiografija.hr\/index.php?rest_route=\/wp\/v2\/users\/2"}],"replies":[{"embeddable":true,"href":"https:\/\/historiografija.hr\/index.php?rest_route=%2Fwp%2Fv2%2Fcomments&post=44983"}],"version-history":[{"count":1,"href":"https:\/\/historiografija.hr\/index.php?rest_route=\/wp\/v2\/posts\/44983\/revisions"}],"predecessor-version":[{"id":44985,"href":"https:\/\/historiografija.hr\/index.php?rest_route=\/wp\/v2\/posts\/44983\/revisions\/44985"}],"wp:featuredmedia":[{"embeddable":true,"href":"https:\/\/historiografija.hr\/index.php?rest_route=\/wp\/v2\/media\/44984"}],"wp:attachment":[{"href":"https:\/\/historiografija.hr\/index.php?rest_route=%2Fwp%2Fv2%2Fmedia&parent=44983"}],"wp:term":[{"taxonomy":"category","embeddable":true,"href":"https:\/\/historiografija.hr\/index.php?rest_route=%2Fwp%2Fv2%2Fcategories&post=44983"},{"taxonomy":"post_tag","embeddable":true,"href":"https:\/\/historiografija.hr\/index.php?rest_route=%2Fwp%2Fv2%2Ftags&post=44983"}],"curies":[{"name":"wp","href":"https:\/\/api.w.org\/{rel}","templated":true}]}}