{"id":44980,"date":"2025-02-24T21:51:58","date_gmt":"2025-02-24T21:51:58","guid":{"rendered":"https:\/\/historiografija.hr\/?p=44980"},"modified":"2025-02-24T21:51:58","modified_gmt":"2025-02-24T21:51:58","slug":"predavanje-tripundanske-svecanosti-i-bokeljska-mornarica-proslost-i-sadasnjost","status":"publish","type":"post","link":"https:\/\/historiografija.hr\/?p=44980","title":{"rendered":"Predavanje &#8220;Tripundanske sve\u010danosti i Bokeljska mornarica &#8211; pro\u0161lost i sada\u0161njost&#8221;"},"content":{"rendered":"\n<p>Hrvatski pomorski muzej Split,<\/p>\n\n\n\n<p>Hrvatska bratov\u0161tina \u201cBokeljska mornarica 809\u201d Split<\/p>\n\n\n\n<p>i<\/p>\n\n\n\n<p>Hrvatska matica iseljenika \u2013 podru\u017enica Split<\/p>\n\n\n\n<p>sa zadovoljstvom Vas pozivaju na predavanje<\/p>\n\n\n\n<p><strong>TRIPUNDANSKE SVE\u010cANOSTI\u00a0 I BOKELJSKA MORNARICA \u2013<\/strong> <strong>PRO\u0160LOST I SADA\u0160NJOST<\/strong><\/p>\n\n\n\n<p><strong>koje \u0107e odr\u017eati&nbsp;Denis Vuka\u0161inovi\u0107,<\/strong><\/p>\n\n\n\n<p><strong>predsjednik Bokeljske mornarice Kotor<\/strong><\/p>\n\n\n\n<p>u&nbsp;<strong>\u010detvrtak, 27. velja\u010de<\/strong>&nbsp;2025. godine u&nbsp;<strong>19:00 sati<\/strong><\/p>\n\n\n\n<p><strong>u Hrvatskom pomorskom muzeju Split<\/strong>, Tvr\u0111ava Gripe<\/p>\n\n\n\n<p>Predavanje je dio manifestacije&nbsp;<strong>Dani Boke u Splitu<\/strong>, a u programu \u0107e<\/p>\n\n\n\n<p>sudjelovati&nbsp;<strong>Mirko Vi\u010devi\u0107<\/strong>,&nbsp;<strong>admiral Bokeljske mornarice Kotor<\/strong><\/p>\n\n\n\n<p>Program \u0107e moderirati&nbsp;<strong>dr. sc. Ozana Ramljak<\/strong><\/p>\n\n\n\n<p>Radujemo se Va\u0161em dolasku!<\/p>\n\n\n\n<hr class=\"wp-block-separator has-alpha-channel-opacity\"\/>\n","protected":false},"excerpt":{"rendered":"","protected":false},"author":2,"featured_media":44981,"comment_status":"open","ping_status":"open","sticky":false,"template":"","format":"standard","meta":{"_acf_changed":false,"jetpack_post_was_ever_published":false,"_jetpack_newsletter_access":"","_jetpack_dont_email_post_to_subs":false,"_jetpack_newsletter_tier_id":0,"_jetpack_memberships_contains_paywalled_content":false,"_jetpack_memberships_contains_paid_content":false,"footnotes":"","jetpack_publicize_message":"","jetpack_publicize_feature_enabled":true,"jetpack_social_post_already_shared":true,"jetpack_social_options":{"image_generator_settings":{"template":"highway","default_image_id":0,"font":"","enabled":false},"version":2}},"categories":[3],"tags":[],"class_list":["post-44980","post","type-post","status-publish","format-standard","has-post-thumbnail","hentry","category-novosti"],"acf":{"facebook_opis":""},"jetpack_publicize_connections":[],"jetpack_featured_media_url":"https:\/\/i0.wp.com\/historiografija.hr\/wp-content\/uploads\/2025\/02\/POZIVNICA-VUKASINOVIC.jpg?fit=283%2C567&ssl=1","jetpack_sharing_enabled":true,"jetpack-related-posts":[],"_links":{"self":[{"href":"https:\/\/historiografija.hr\/index.php?rest_route=\/wp\/v2\/posts\/44980","targetHints":{"allow":["GET"]}}],"collection":[{"href":"https:\/\/historiografija.hr\/index.php?rest_route=\/wp\/v2\/posts"}],"about":[{"href":"https:\/\/historiografija.hr\/index.php?rest_route=\/wp\/v2\/types\/post"}],"author":[{"embeddable":true,"href":"https:\/\/historiografija.hr\/index.php?rest_route=\/wp\/v2\/users\/2"}],"replies":[{"embeddable":true,"href":"https:\/\/historiografija.hr\/index.php?rest_route=%2Fwp%2Fv2%2Fcomments&post=44980"}],"version-history":[{"count":1,"href":"https:\/\/historiografija.hr\/index.php?rest_route=\/wp\/v2\/posts\/44980\/revisions"}],"predecessor-version":[{"id":44982,"href":"https:\/\/historiografija.hr\/index.php?rest_route=\/wp\/v2\/posts\/44980\/revisions\/44982"}],"wp:featuredmedia":[{"embeddable":true,"href":"https:\/\/historiografija.hr\/index.php?rest_route=\/wp\/v2\/media\/44981"}],"wp:attachment":[{"href":"https:\/\/historiografija.hr\/index.php?rest_route=%2Fwp%2Fv2%2Fmedia&parent=44980"}],"wp:term":[{"taxonomy":"category","embeddable":true,"href":"https:\/\/historiografija.hr\/index.php?rest_route=%2Fwp%2Fv2%2Fcategories&post=44980"},{"taxonomy":"post_tag","embeddable":true,"href":"https:\/\/historiografija.hr\/index.php?rest_route=%2Fwp%2Fv2%2Ftags&post=44980"}],"curies":[{"name":"wp","href":"https:\/\/api.w.org\/{rel}","templated":true}]}}