{"id":44977,"date":"2025-02-24T21:47:19","date_gmt":"2025-02-24T21:47:19","guid":{"rendered":"https:\/\/historiografija.hr\/?p=44977"},"modified":"2025-02-24T21:47:19","modified_gmt":"2025-02-24T21:47:19","slug":"13-ciklus-otvorenog-cetvrtka-stranci-u-ocima-antickih-grka-i-rimljana","status":"publish","type":"post","link":"https:\/\/historiografija.hr\/?p=44977","title":{"rendered":"13. ciklus Otvorenog \u010detvrtka: Stranci u o\u010dima anti\u010dkih Grka i Rimljana"},"content":{"rendered":"\n<p>U \u010detvrtak <strong>27. velja\u010de 2025.<\/strong> odr\u017eat \u0107e se peto popularno-znanstveno doga\u0111anje 13. ciklusa Otvorenog \u010detvrtka kao dijela FUZ&amp;JA-e, projekta popularizacije znanosti Filozofskog fakulteta u Osijeku. Predavanje naslovljeno <strong><em>Stranci u o\u010dima anti\u010dkih Grka i Rimljana <\/em><\/strong>odr\u017eat \u0107e <strong>Ivan Fremec<\/strong>, asistent na Odsjeku za povijest Filozofskog fakulteta u Osijeku.<\/p>\n\n\n\n<p>Predavanje je otvoreno za javnost i odr\u017eat \u0107e se u Maloj vije\u0107nici (<strong>P39<\/strong>) Filozofskog fakulteta (Lorenza J\u00e4gera 9) s po\u010detkom u <strong>18 sati<\/strong>, a prenosit \u0107e se i na YouTube-kanalu <a href=\"https:\/\/www.youtube.com\/@otvorenicetvrtakffos\/streams\">Otvorenog \u010detvrtka<\/a>, pri \u010demu \u0107e biti omogu\u0107eno sudjelovanje u raspravi putem <em>chata<\/em>.<\/p>\n\n\n\n<p><strong>O PREDAVANJU<\/strong><\/p>\n\n\n\n<p>Kao rezultat suvremenih migracija, Stari kontinent u 21. stolje\u0107u ubrzano mijenja strukturu stanovni\u0161tva. U tim se okolnostima mnogi stanovnici Europe, pa i Hrvatske, susre\u0107u s Drugima, odnosno sa strancima \u010dija se etni\u010dka i kulturna pozadina znatno razlikuje od one koja ba\u0161tini naslije\u0111e anti\u010dke Gr\u010dke i Rima uz nezaobilazan dodatak kr\u0161\u0107anstva. Uslijed toga neminovno dolazi do formiranja slike stranaca u opreci s poimanjem vlastitog identiteta, \u0161to nipo\u0161to nije nov proces, a najstariji diskurs o njemu donose nam upravo Grci i Rimljani. Predavanje donosi kronolo\u0161ki pregled odnosa prema strancima u anti\u010dkoj Gr\u010dkoj i Rimu, od prvih pisanih izvora gr\u010dke i rimske provenijencije pa do bitke kod Korinta za Gr\u010dku, odnosno kraja 5. stolje\u0107a za Rim. Kako su Grci i Rimljani gledali na strance? Kako su se prema njima odnosili? Mo\u017eemo li nau\u010diti ne\u0161to od njih, nakon vi\u0161e od dvije tisu\u0107e godina? To su pitanja na koja \u0107emo ovim predavanjem nastojati dati odgovor.<\/p>\n\n\n\n<p><strong>O PREDAVA\u010cU<\/strong><\/p>\n\n\n\n<p>Ivan Fremec asistent je na Odsjeku za povijest Filozofskog fakulteta u Osijeku. Zavr\u0161io je Isusova\u010dku klasi\u010dnu gimnaziju u Osijeku te diplomski studij Engleskog jezika i knji\u017eevnosti i Povijesti na Filozofskom fakultetu u Osijeku. Izvodi seminarsku nastavu iz kolegij\u00e2 <em>Rane civilizacije<\/em>, <em>Gr\u010dki svijet<\/em> i <em>Rimski svijet<\/em>. Doktorand je na Poslijediplomskom doktorskom studiju predmoderne povijesti na Filozofskom fakultetu u Zagrebu te autor nekoliko znanstvenih radova. Aktivno se bavi audiovizualnim prevo\u0111enjem.<\/p>\n\n\n\n<hr class=\"wp-block-separator has-alpha-channel-opacity\"\/>\n\n\n\n<p>Izvor:<\/p>\n\n\n\n<figure class=\"wp-block-embed is-type-wp-embed is-provider-filozofski-fakultet-osijek wp-block-embed-filozofski-fakultet-osijek\"><div class=\"wp-block-embed__wrapper\">\n<blockquote class=\"wp-embedded-content\" data-secret=\"Bd5Kq0rDwj\"><a href=\"https:\/\/www.ffos.unios.hr\/13-ciklus-otvorenog-cetvrtka-stranci-u-ocima-antickih-grka-i-rimljana\/\">13. ciklus Otvorenog \u010detvrtka: Stranci u o\u010dima anti\u010dkih Grka i Rimljana<\/a><\/blockquote><iframe loading=\"lazy\" class=\"wp-embedded-content\" sandbox=\"allow-scripts\" security=\"restricted\" style=\"position: absolute; visibility: hidden;\" title=\"&#8220;13. ciklus Otvorenog \u010detvrtka: Stranci u o\u010dima anti\u010dkih Grka i Rimljana&#8221; &#8212; Filozofski fakultet Osijek\" src=\"https:\/\/www.ffos.unios.hr\/13-ciklus-otvorenog-cetvrtka-stranci-u-ocima-antickih-grka-i-rimljana\/embed\/#?secret=RsPTSafMUz#?secret=Bd5Kq0rDwj\" data-secret=\"Bd5Kq0rDwj\" width=\"600\" height=\"338\" frameborder=\"0\" marginwidth=\"0\" marginheight=\"0\" scrolling=\"no\"><\/iframe>\n<\/div><\/figure>\n\n\n\n<hr class=\"wp-block-separator has-alpha-channel-opacity\"\/>\n","protected":false},"excerpt":{"rendered":"","protected":false},"author":2,"featured_media":44978,"comment_status":"open","ping_status":"open","sticky":false,"template":"","format":"standard","meta":{"_acf_changed":false,"jetpack_post_was_ever_published":false,"_jetpack_newsletter_access":"","_jetpack_dont_email_post_to_subs":false,"_jetpack_newsletter_tier_id":0,"_jetpack_memberships_contains_paywalled_content":false,"_jetpack_memberships_contains_paid_content":false,"footnotes":"","jetpack_publicize_message":"","jetpack_publicize_feature_enabled":true,"jetpack_social_post_already_shared":true,"jetpack_social_options":{"image_generator_settings":{"template":"highway","default_image_id":0,"font":"","enabled":false},"version":2}},"categories":[3],"tags":[],"class_list":["post-44977","post","type-post","status-publish","format-standard","has-post-thumbnail","hentry","category-novosti"],"acf":{"facebook_opis":""},"jetpack_publicize_connections":[],"jetpack_featured_media_url":"https:\/\/i0.wp.com\/historiografija.hr\/wp-content\/uploads\/2025\/02\/Stranci.jpg?fit=1086%2C1536&ssl=1","jetpack_sharing_enabled":true,"jetpack-related-posts":[],"_links":{"self":[{"href":"https:\/\/historiografija.hr\/index.php?rest_route=\/wp\/v2\/posts\/44977","targetHints":{"allow":["GET"]}}],"collection":[{"href":"https:\/\/historiografija.hr\/index.php?rest_route=\/wp\/v2\/posts"}],"about":[{"href":"https:\/\/historiografija.hr\/index.php?rest_route=\/wp\/v2\/types\/post"}],"author":[{"embeddable":true,"href":"https:\/\/historiografija.hr\/index.php?rest_route=\/wp\/v2\/users\/2"}],"replies":[{"embeddable":true,"href":"https:\/\/historiografija.hr\/index.php?rest_route=%2Fwp%2Fv2%2Fcomments&post=44977"}],"version-history":[{"count":1,"href":"https:\/\/historiografija.hr\/index.php?rest_route=\/wp\/v2\/posts\/44977\/revisions"}],"predecessor-version":[{"id":44979,"href":"https:\/\/historiografija.hr\/index.php?rest_route=\/wp\/v2\/posts\/44977\/revisions\/44979"}],"wp:featuredmedia":[{"embeddable":true,"href":"https:\/\/historiografija.hr\/index.php?rest_route=\/wp\/v2\/media\/44978"}],"wp:attachment":[{"href":"https:\/\/historiografija.hr\/index.php?rest_route=%2Fwp%2Fv2%2Fmedia&parent=44977"}],"wp:term":[{"taxonomy":"category","embeddable":true,"href":"https:\/\/historiografija.hr\/index.php?rest_route=%2Fwp%2Fv2%2Fcategories&post=44977"},{"taxonomy":"post_tag","embeddable":true,"href":"https:\/\/historiografija.hr\/index.php?rest_route=%2Fwp%2Fv2%2Ftags&post=44977"}],"curies":[{"name":"wp","href":"https:\/\/api.w.org\/{rel}","templated":true}]}}