{"id":44962,"date":"2025-02-21T21:19:01","date_gmt":"2025-02-21T21:19:01","guid":{"rendered":"https:\/\/historiografija.hr\/?p=44962"},"modified":"2025-02-21T21:36:29","modified_gmt":"2025-02-21T21:36:29","slug":"nagrada-nsk-udruzi-kliofest-i-damiru-agicicu-za-dugogodisnje-organiziranje-festivala-povijesti-kliofest","status":"publish","type":"post","link":"https:\/\/historiografija.hr\/?p=44962","title":{"rendered":"Nagrada NSK udruzi Kliofest i Damiru Agi\u010di\u0107u za dugogodi\u0161nje organiziranje Festivala povijesti &#8211; Kliofest"},"content":{"rendered":"\n<p>U petak, 21. velja\u010de 2025. Nacionalna i sveu\u010dili\u0161na knji\u017enica u Zagrebu nagradila je priznanjem udrugu Kliofest i Damira Agi\u010di\u0107a za organiziranje sada ve\u0107 XI. Festivala povijesti \u2013 Kliofest koji se svake godine u svibnju odr\u017eava upravo u Nacionalnoj i sveu\u010dili\u0161noj knji\u017enici i u \u010dijem su sredi\u0161tu &#8211; knjige.<\/p>\n\n\n\n<hr class=\"wp-block-separator has-alpha-channel-opacity\"\/>\n\n\n\n<figure class=\"wp-block-image size-large is-resized\"><img data-recalc-dims=\"1\" loading=\"lazy\" decoding=\"async\" width=\"860\" height=\"542\" data-attachment-id=\"44967\" data-permalink=\"https:\/\/historiografija.hr\/?attachment_id=44967\" data-orig-file=\"https:\/\/i0.wp.com\/historiografija.hr\/wp-content\/uploads\/2025\/02\/Nagrada_DA.jpg?fit=2048%2C1290&amp;ssl=1\" data-orig-size=\"2048,1290\" data-comments-opened=\"1\" data-image-meta=\"{&quot;aperture&quot;:&quot;0&quot;,&quot;credit&quot;:&quot;&quot;,&quot;camera&quot;:&quot;&quot;,&quot;caption&quot;:&quot;&quot;,&quot;created_timestamp&quot;:&quot;0&quot;,&quot;copyright&quot;:&quot;&quot;,&quot;focal_length&quot;:&quot;0&quot;,&quot;iso&quot;:&quot;0&quot;,&quot;shutter_speed&quot;:&quot;0&quot;,&quot;title&quot;:&quot;&quot;,&quot;orientation&quot;:&quot;0&quot;}\" data-image-title=\"Nagrada_DA\" data-image-description=\"\" data-image-caption=\"\" data-large-file=\"https:\/\/i0.wp.com\/historiografija.hr\/wp-content\/uploads\/2025\/02\/Nagrada_DA.jpg?fit=860%2C542&amp;ssl=1\" src=\"https:\/\/i0.wp.com\/historiografija.hr\/wp-content\/uploads\/2025\/02\/Nagrada_DA.jpg?resize=860%2C542&#038;ssl=1\" alt=\"\" class=\"wp-image-44967\" style=\"width:608px;height:auto\" srcset=\"https:\/\/i0.wp.com\/historiografija.hr\/wp-content\/uploads\/2025\/02\/Nagrada_DA.jpg?resize=1024%2C645&amp;ssl=1 1024w, https:\/\/i0.wp.com\/historiografija.hr\/wp-content\/uploads\/2025\/02\/Nagrada_DA.jpg?resize=300%2C189&amp;ssl=1 300w, https:\/\/i0.wp.com\/historiografija.hr\/wp-content\/uploads\/2025\/02\/Nagrada_DA.jpg?resize=768%2C484&amp;ssl=1 768w, https:\/\/i0.wp.com\/historiografija.hr\/wp-content\/uploads\/2025\/02\/Nagrada_DA.jpg?resize=1536%2C968&amp;ssl=1 1536w, https:\/\/i0.wp.com\/historiografija.hr\/wp-content\/uploads\/2025\/02\/Nagrada_DA.jpg?w=2048&amp;ssl=1 2048w, https:\/\/i0.wp.com\/historiografija.hr\/wp-content\/uploads\/2025\/02\/Nagrada_DA.jpg?w=1720&amp;ssl=1 1720w\" sizes=\"auto, (max-width: 860px) 100vw, 860px\" \/><\/figure>\n\n\n\n<p>\u010clanice i \u010dlanovi organizacijskog odbora Kliofesta: Slaven Kale, Damir Agi\u010di\u0107, Magdalena Najbar-Agi\u010di\u0107, Vlatka Filip\u010di\u0107 Maligec, Branimir Jankovi\u0107 (nedostaje: Kre\u0161imir Maligec) <\/p>\n\n\n\n<hr class=\"wp-block-separator has-alpha-channel-opacity\"\/>\n\n\n\n<p>Op\u0161irnije:<\/p>\n\n\n\n<figure class=\"wp-block-embed is-type-wp-embed is-provider-nacionalna-i-sveu-ili-na-knji-nica-u-zagrebu wp-block-embed-nacionalna-i-sveu-ili-na-knji-nica-u-zagrebu\"><div class=\"wp-block-embed__wrapper\">\n<blockquote class=\"wp-embedded-content\" data-secret=\"Yw3XHjq387\"><a href=\"https:\/\/nsk.hr\/vijesti\/proslavom-dana-nsk-knjiznica-obiljezila-418-godina-postojanja-i-najvece-uspjehe-u-2024-godini\/\">Proslavom Dana NSK Knji\u017enica obilje\u017eila 418 godina postojanja i najve\u0107e uspjehe u 2024. godini<\/a><\/blockquote><iframe loading=\"lazy\" class=\"wp-embedded-content\" sandbox=\"allow-scripts\" security=\"restricted\" style=\"position: absolute; visibility: hidden;\" title=\"&#8220;Proslavom Dana NSK Knji\u017enica obilje\u017eila 418 godina postojanja i najve\u0107e uspjehe u 2024. godini&#8221; &#8212; Nacionalna i sveu\u010dili\u0161na knji\u017enica u Zagrebu\" src=\"https:\/\/nsk.hr\/vijesti\/proslavom-dana-nsk-knjiznica-obiljezila-418-godina-postojanja-i-najvece-uspjehe-u-2024-godini\/embed\/#?secret=JbSn6TKaiR#?secret=Yw3XHjq387\" data-secret=\"Yw3XHjq387\" width=\"600\" height=\"338\" frameborder=\"0\" marginwidth=\"0\" marginheight=\"0\" scrolling=\"no\"><\/iframe>\n<\/div><\/figure>\n\n\n\n<p><a href=\"https:\/\/www.facebook.com\/nskzg\">https:\/\/www.facebook.com\/nskzg<\/a><\/p>\n\n\n\n<p><a href=\"https:\/\/www.kliofest.hr\">https:\/\/www.kliofest.hr<\/a><\/p>\n\n\n\n<p><a href=\"https:\/\/www.facebook.com\/kliofest\">https:\/\/www.facebook.com\/kliofest<\/a><\/p>\n\n\n\n<hr class=\"wp-block-separator has-alpha-channel-opacity\"\/>\n","protected":false},"excerpt":{"rendered":"","protected":false},"author":2,"featured_media":44963,"comment_status":"open","ping_status":"open","sticky":false,"template":"","format":"standard","meta":{"_acf_changed":false,"jetpack_post_was_ever_published":false,"_jetpack_newsletter_access":"","_jetpack_dont_email_post_to_subs":false,"_jetpack_newsletter_tier_id":0,"_jetpack_memberships_contains_paywalled_content":false,"_jetpack_memberships_contains_paid_content":false,"footnotes":"","jetpack_publicize_message":"","jetpack_publicize_feature_enabled":true,"jetpack_social_post_already_shared":true,"jetpack_social_options":{"image_generator_settings":{"template":"highway","default_image_id":0,"font":"","enabled":false},"version":2}},"categories":[3],"tags":[],"class_list":["post-44962","post","type-post","status-publish","format-standard","has-post-thumbnail","hentry","category-novosti"],"acf":{"facebook_opis":""},"jetpack_publicize_connections":[],"jetpack_featured_media_url":"https:\/\/i0.wp.com\/historiografija.hr\/wp-content\/uploads\/2025\/02\/Nagrada_1.jpg?fit=1386%2C912&ssl=1","jetpack_sharing_enabled":true,"jetpack-related-posts":[],"_links":{"self":[{"href":"https:\/\/historiografija.hr\/index.php?rest_route=\/wp\/v2\/posts\/44962","targetHints":{"allow":["GET"]}}],"collection":[{"href":"https:\/\/historiografija.hr\/index.php?rest_route=\/wp\/v2\/posts"}],"about":[{"href":"https:\/\/historiografija.hr\/index.php?rest_route=\/wp\/v2\/types\/post"}],"author":[{"embeddable":true,"href":"https:\/\/historiografija.hr\/index.php?rest_route=\/wp\/v2\/users\/2"}],"replies":[{"embeddable":true,"href":"https:\/\/historiografija.hr\/index.php?rest_route=%2Fwp%2Fv2%2Fcomments&post=44962"}],"version-history":[{"count":8,"href":"https:\/\/historiografija.hr\/index.php?rest_route=\/wp\/v2\/posts\/44962\/revisions"}],"predecessor-version":[{"id":44973,"href":"https:\/\/historiografija.hr\/index.php?rest_route=\/wp\/v2\/posts\/44962\/revisions\/44973"}],"wp:featuredmedia":[{"embeddable":true,"href":"https:\/\/historiografija.hr\/index.php?rest_route=\/wp\/v2\/media\/44963"}],"wp:attachment":[{"href":"https:\/\/historiografija.hr\/index.php?rest_route=%2Fwp%2Fv2%2Fmedia&parent=44962"}],"wp:term":[{"taxonomy":"category","embeddable":true,"href":"https:\/\/historiografija.hr\/index.php?rest_route=%2Fwp%2Fv2%2Fcategories&post=44962"},{"taxonomy":"post_tag","embeddable":true,"href":"https:\/\/historiografija.hr\/index.php?rest_route=%2Fwp%2Fv2%2Ftags&post=44962"}],"curies":[{"name":"wp","href":"https:\/\/api.w.org\/{rel}","templated":true}]}}