{"id":44936,"date":"2025-02-21T20:07:39","date_gmt":"2025-02-21T20:07:39","guid":{"rendered":"https:\/\/historiografija.hr\/?p=44936"},"modified":"2025-02-21T21:42:32","modified_gmt":"2025-02-21T21:42:32","slug":"filozoffrirajmo-rim-temelj-europske-civilizacije","status":"publish","type":"post","link":"https:\/\/historiografija.hr\/?p=44936","title":{"rendered":"FilozoFFRIrajmo: Rim &#8211; temelj europske civilizacije"},"content":{"rendered":"\n<p>Podcast Filozofskog fakulteta u Rijeci<\/p>\n\n\n\n<p>GOST: doc.dr.sc. Fe\u0111a Milivojevi\u0107<\/p>\n\n\n\n<p>Premijerni podcast otvaramo sa razdobljem Rimske Republike i presjekom doga\u0111aja na na\u0161em prostoru. Kako i za\u0161to je Cezar odabrao upravo dana\u0161nji teritorij za svoju osobnu upravu, \u0161to se dogodilo kod Krka u jednoj od najve\u0107ih bitaka izme\u0111u Cezara i Gneja Pompeja, zna\u010daj Salone i njezin opseg u zlatno doba Rima, kao i druge relevantne teme otkriva nam prof. Fe\u0111a Milivojevi\u0107, autor nagra\u0111ivane knjige &#8220;Cezarov Ilirik&#8221;.<\/p>\n\n\n\n<figure class=\"wp-block-embed is-type-video is-provider-youtube wp-block-embed-youtube wp-embed-aspect-16-9 wp-has-aspect-ratio\"><div class=\"wp-block-embed__wrapper\">\n<span class=\"embed-youtube\" style=\"text-align:center; display: block;\"><iframe loading=\"lazy\" class=\"youtube-player\" width=\"860\" height=\"484\" src=\"https:\/\/www.youtube.com\/embed\/7DW6V-_QJN0?version=3&#038;rel=1&#038;showsearch=0&#038;showinfo=1&#038;iv_load_policy=1&#038;fs=1&#038;hl=hr&#038;autohide=2&#038;wmode=transparent\" allowfullscreen=\"true\" style=\"border:0;\" sandbox=\"allow-scripts allow-same-origin allow-popups allow-presentation allow-popups-to-escape-sandbox\"><\/iframe><\/span>\n<\/div><\/figure>\n\n\n\n<hr class=\"wp-block-separator has-alpha-channel-opacity\"\/>\n","protected":false},"excerpt":{"rendered":"","protected":false},"author":2,"featured_media":44939,"comment_status":"open","ping_status":"open","sticky":false,"template":"","format":"standard","meta":{"_acf_changed":false,"jetpack_post_was_ever_published":false,"_jetpack_newsletter_access":"","_jetpack_dont_email_post_to_subs":false,"_jetpack_newsletter_tier_id":0,"_jetpack_memberships_contains_paywalled_content":false,"_jetpack_memberships_contains_paid_content":false,"footnotes":"","jetpack_publicize_message":"","jetpack_publicize_feature_enabled":true,"jetpack_social_post_already_shared":true,"jetpack_social_options":{"image_generator_settings":{"template":"highway","default_image_id":0,"font":"","enabled":false},"version":2}},"categories":[3,23],"tags":[],"class_list":["post-44936","post","type-post","status-publish","format-standard","has-post-thumbnail","hentry","category-novosti","category-podcasti"],"acf":{"facebook_opis":""},"jetpack_publicize_connections":[],"jetpack_featured_media_url":"https:\/\/i0.wp.com\/historiografija.hr\/wp-content\/uploads\/2025\/02\/Podcast-Ri.png?fit=1262%2C861&ssl=1","jetpack_sharing_enabled":true,"jetpack-related-posts":[],"_links":{"self":[{"href":"https:\/\/historiografija.hr\/index.php?rest_route=\/wp\/v2\/posts\/44936","targetHints":{"allow":["GET"]}}],"collection":[{"href":"https:\/\/historiografija.hr\/index.php?rest_route=\/wp\/v2\/posts"}],"about":[{"href":"https:\/\/historiografija.hr\/index.php?rest_route=\/wp\/v2\/types\/post"}],"author":[{"embeddable":true,"href":"https:\/\/historiografija.hr\/index.php?rest_route=\/wp\/v2\/users\/2"}],"replies":[{"embeddable":true,"href":"https:\/\/historiografija.hr\/index.php?rest_route=%2Fwp%2Fv2%2Fcomments&post=44936"}],"version-history":[{"count":1,"href":"https:\/\/historiografija.hr\/index.php?rest_route=\/wp\/v2\/posts\/44936\/revisions"}],"predecessor-version":[{"id":44938,"href":"https:\/\/historiografija.hr\/index.php?rest_route=\/wp\/v2\/posts\/44936\/revisions\/44938"}],"wp:featuredmedia":[{"embeddable":true,"href":"https:\/\/historiografija.hr\/index.php?rest_route=\/wp\/v2\/media\/44939"}],"wp:attachment":[{"href":"https:\/\/historiografija.hr\/index.php?rest_route=%2Fwp%2Fv2%2Fmedia&parent=44936"}],"wp:term":[{"taxonomy":"category","embeddable":true,"href":"https:\/\/historiografija.hr\/index.php?rest_route=%2Fwp%2Fv2%2Fcategories&post=44936"},{"taxonomy":"post_tag","embeddable":true,"href":"https:\/\/historiografija.hr\/index.php?rest_route=%2Fwp%2Fv2%2Ftags&post=44936"}],"curies":[{"name":"wp","href":"https:\/\/api.w.org\/{rel}","templated":true}]}}