{"id":44922,"date":"2025-02-20T23:15:09","date_gmt":"2025-02-20T23:15:09","guid":{"rendered":"https:\/\/historiografija.hr\/?p=44922"},"modified":"2025-02-28T21:32:00","modified_gmt":"2025-02-28T21:32:00","slug":"medijski-odjeci-tribine-thompson-uber-alles","status":"publish","type":"post","link":"https:\/\/historiografija.hr\/?p=44922","title":{"rendered":"Medijski odjeci tribine \u00a0\u201eThompson \u00fcber alles\u201c"},"content":{"rendered":"\n<p>Tribina \u201eThompson \u00fcber alles\u201c, odr\u017eana u utorak, 18. velja\u010de 2025. u Privrednikovom domu u Zagrebu \u2013 na kojoj su sudjelovali Zoran Pusi\u0107, Hrvoje Klasi\u0107 i Nino Raspudi\u0107 \u2013 izazvala je ne samo veliko zanimanje brojne prisutne publike nego i dijela medija.<\/p>\n\n\n\n<hr class=\"wp-block-separator has-alpha-channel-opacity\"\/>\n\n\n\n<p>Op\u0161irnije:<\/p>\n\n\n\n<figure class=\"wp-block-embed is-type-wp-embed is-provider-nacional-hr wp-block-embed-nacional-hr\"><div class=\"wp-block-embed__wrapper\">\n<blockquote class=\"wp-embedded-content\" data-secret=\"VJYo3vs1Dn\"><a href=\"https:\/\/www.nacional.hr\/prijepori-o-thompsonu-tuden-u-moje-novinarsko-doba-bilo-je-nezamislivo\/\">PRIJEPORI O THOMPSONU Tu\u0111en: &#8216;U moje novinarsko doba bilo je nezamislivo&#8230;&#8217;<\/a><\/blockquote><iframe loading=\"lazy\" class=\"wp-embedded-content\" sandbox=\"allow-scripts\" security=\"restricted\" style=\"position: absolute; visibility: hidden;\" title=\"&#8220;PRIJEPORI O THOMPSONU Tu\u0111en: &#8216;U moje novinarsko doba bilo je nezamislivo&#8230;&#8217;&#8221; &#8212; NACIONAL.HR\" src=\"https:\/\/www.nacional.hr\/prijepori-o-thompsonu-tuden-u-moje-novinarsko-doba-bilo-je-nezamislivo\/embed\/#?secret=BbimYVAJ8f#?secret=VJYo3vs1Dn\" data-secret=\"VJYo3vs1Dn\" width=\"600\" height=\"338\" frameborder=\"0\" marginwidth=\"0\" marginheight=\"0\" scrolling=\"no\"><\/iframe>\n<\/div><\/figure>\n\n\n\n<p><a href=\"https:\/\/historiografija.ba\/clanci-i-polemike\/verbalni-sukobi-u-zagrebu-izmedju-klasica-raspudica-i-srpske-veleposlanice-jelene-milic\">https:\/\/historiografija.ba\/clanci-i-polemike\/verbalni-sukobi-u-zagrebu-izmedju-klasica-raspudica-i-srpske-veleposlanice-jelene-milic<\/a><\/p>\n\n\n\n<p><a href=\"https:\/\/direktno.hr\/domovina\/srbi-u-hrvatskoj-organizirali-tribinu-o-thompsonu-verbalno-se-sukobili-klasic-i-raspudic-365365\">https:\/\/direktno.hr\/domovina\/srbi-u-hrvatskoj-organizirali-tribinu-o-thompsonu-verbalno-se-sukobili-klasic-i-raspudic-365365<\/a><\/p>\n\n\n\n<p><a href=\"https:\/\/www.index.hr\/magazin\/clanak\/bili-smo-na-tribini-o-thompsonu-na-kojoj-su-govorili-raspudic-i-pusic\/2644023.aspx\">https:\/\/www.index.hr\/magazin\/clanak\/bili-smo-na-tribini-o-thompsonu-na-kojoj-su-govorili-raspudic-i-pusic\/2644023.aspx<\/a><\/p>\n\n\n\n<p><a href=\"https:\/\/www.jutarnji.hr\/vijesti\/hrvatska\/sramna-izjava-o-srbiji-na-tribini-o-thompsonu-15555095\">https:\/\/www.jutarnji.hr\/vijesti\/hrvatska\/sramna-izjava-o-srbiji-na-tribini-o-thompsonu-15555095<\/a><\/p>\n\n\n\n<p><a href=\"https:\/\/narod.hr\/hrvatska\/srpska-veleposlanica-napala-thompsona-i-rh-odgovorili-joj-raspudic-ali-i-klasic\">https:\/\/narod.hr\/hrvatska\/srpska-veleposlanica-napala-thompsona-i-rh-odgovorili-joj-raspudic-ali-i-klasic<\/a><\/p>\n\n\n\n<figure class=\"wp-block-embed is-type-wp-embed is-provider-misao-hr wp-block-embed-misao-hr\"><div class=\"wp-block-embed__wrapper\">\n<blockquote class=\"wp-embedded-content\" data-secret=\"C2oYAFQKZe\"><a href=\"https:\/\/misao.hr\/2025\/02\/20\/diplomacija-i-diplomatska-profesija-kada-srpska-veleposlanica-u-hrvatskoj-urla-na-tribini\/\">Diplomacija i diplomatska profesija: kada srpska veleposlanica u Hrvatskoj urla na tribini<\/a><\/blockquote><iframe loading=\"lazy\" class=\"wp-embedded-content\" sandbox=\"allow-scripts\" security=\"restricted\" style=\"position: absolute; visibility: hidden;\" title=\"&#8220;Diplomacija i diplomatska profesija: kada srpska veleposlanica u Hrvatskoj urla na tribini&#8221; &#8212; Misao.hr\" src=\"https:\/\/misao.hr\/2025\/02\/20\/diplomacija-i-diplomatska-profesija-kada-srpska-veleposlanica-u-hrvatskoj-urla-na-tribini\/embed\/#?secret=5I4shu8JqW#?secret=C2oYAFQKZe\" data-secret=\"C2oYAFQKZe\" width=\"600\" height=\"338\" frameborder=\"0\" marginwidth=\"0\" marginheight=\"0\" scrolling=\"no\"><\/iframe>\n<\/div><\/figure>\n\n\n\n<p><a href=\"https:\/\/www.portalnovosti.com\/ustastvo-ne-smije-biti-primjer-hrvatskog-domoljublja\">https:\/\/www.portalnovosti.com\/ustastvo-ne-smije-biti-primjer-hrvatskog-domoljublja<\/a><\/p>\n\n\n\n<hr class=\"wp-block-separator has-alpha-channel-opacity\"\/>\n","protected":false},"excerpt":{"rendered":"","protected":false},"author":2,"featured_media":44923,"comment_status":"open","ping_status":"open","sticky":false,"template":"","format":"standard","meta":{"_acf_changed":false,"jetpack_post_was_ever_published":false,"_jetpack_newsletter_access":"","_jetpack_dont_email_post_to_subs":false,"_jetpack_newsletter_tier_id":0,"_jetpack_memberships_contains_paywalled_content":false,"_jetpack_memberships_contains_paid_content":false,"footnotes":"","jetpack_publicize_message":"","jetpack_publicize_feature_enabled":true,"jetpack_social_post_already_shared":true,"jetpack_social_options":{"image_generator_settings":{"template":"highway","default_image_id":0,"font":"","enabled":false},"version":2}},"categories":[3,17],"tags":[],"class_list":["post-44922","post","type-post","status-publish","format-standard","has-post-thumbnail","hentry","category-novosti","category-rasprave"],"acf":{"facebook_opis":""},"jetpack_publicize_connections":[],"jetpack_featured_media_url":"https:\/\/i0.wp.com\/historiografija.hr\/wp-content\/uploads\/2025\/02\/Tribina_Zagreb.jpg?fit=555%2C312&ssl=1","jetpack_sharing_enabled":true,"jetpack-related-posts":[],"_links":{"self":[{"href":"https:\/\/historiografija.hr\/index.php?rest_route=\/wp\/v2\/posts\/44922","targetHints":{"allow":["GET"]}}],"collection":[{"href":"https:\/\/historiografija.hr\/index.php?rest_route=\/wp\/v2\/posts"}],"about":[{"href":"https:\/\/historiografija.hr\/index.php?rest_route=\/wp\/v2\/types\/post"}],"author":[{"embeddable":true,"href":"https:\/\/historiografija.hr\/index.php?rest_route=\/wp\/v2\/users\/2"}],"replies":[{"embeddable":true,"href":"https:\/\/historiografija.hr\/index.php?rest_route=%2Fwp%2Fv2%2Fcomments&post=44922"}],"version-history":[{"count":3,"href":"https:\/\/historiografija.hr\/index.php?rest_route=\/wp\/v2\/posts\/44922\/revisions"}],"predecessor-version":[{"id":45067,"href":"https:\/\/historiografija.hr\/index.php?rest_route=\/wp\/v2\/posts\/44922\/revisions\/45067"}],"wp:featuredmedia":[{"embeddable":true,"href":"https:\/\/historiografija.hr\/index.php?rest_route=\/wp\/v2\/media\/44923"}],"wp:attachment":[{"href":"https:\/\/historiografija.hr\/index.php?rest_route=%2Fwp%2Fv2%2Fmedia&parent=44922"}],"wp:term":[{"taxonomy":"category","embeddable":true,"href":"https:\/\/historiografija.hr\/index.php?rest_route=%2Fwp%2Fv2%2Fcategories&post=44922"},{"taxonomy":"post_tag","embeddable":true,"href":"https:\/\/historiografija.hr\/index.php?rest_route=%2Fwp%2Fv2%2Ftags&post=44922"}],"curies":[{"name":"wp","href":"https:\/\/api.w.org\/{rel}","templated":true}]}}