{"id":44916,"date":"2025-02-20T22:38:13","date_gmt":"2025-02-20T22:38:13","guid":{"rendered":"https:\/\/historiografija.hr\/?p=44916"},"modified":"2025-02-20T22:38:13","modified_gmt":"2025-02-20T22:38:13","slug":"predstavljanje-knjige-formats-of-nonseeing","status":"publish","type":"post","link":"https:\/\/historiografija.hr\/?p=44916","title":{"rendered":"Predstavljanje knjige \u201eFormats of (Non)Seeing\u201c"},"content":{"rendered":"\n<p>Predstavljanje knjige <em>Formats of (Non)Seeing<\/em> odr\u017eat \u0107e se 24. velja\u010de 2025. u 18 sati u Oris Ku\u0107i arhitekture (Ulica kralja Dr\u017eislava 3, Zagreb) u okviru programa Ve\u010deri u Orisu.<\/p>\n\n\n\n<p>Publikaciju u izdanju Instituta za povijest umjetnosti uredili su dr. sc. Sandra Kri\u017ei\u0107 Roban, dr. sc. Leonida Kova\u010d, dr. sc. Ana \u0160eparovi\u0107 i dr. sc. Martin Kuhar, \u010dije je tiskano izdanje posljednja aktivnost znanstvenog projekta <em>Ekspozicija. Teme i aspekti hrvatske fotografije od 19. stolje\u0107a do danas<\/em> (2020.\u20132024.), provedenog uz financijsku podr\u0161ku Hrvatske zaklade za znanost.<\/p>\n\n\n\n<p>U predstavljanju publikacije sudjelovat \u0107e povjesni\u010darke umjetnosti dr. sc. Ivana Mance Cipek, dr. sc. Karla Lebhaft i nezavisna kustosica Jelena Pa\u0161i\u0107, te fotograf Bojan Mr\u0111enovi\u0107.<\/p>\n\n\n\n<p>Ovaj zbornik radova, nastao temeljem izlaganja na istoimenoj konferenciji odr\u017eanoj u organizaciji Instituta za povijest umjetnosti (Split, 27.\u201329. 10. 2022.), formiran je oko nekoliko teza kojima smo nastojali potaknuti nova kriti\u010dka tuma\u010denja medija kroz uklju\u010divanje znanstvenih, disciplinarnih diskursa, interdisciplinarnih istra\u017eivanja, te iz perspektive umjetni\u010dkog podru\u010dja. Razmatrali smo sekundarno znanje posredovano vernakularnim snimcima, \u010dija banalnost i \u201cbezna\u010dajnost\u201d uvode u raspravu svojstvo nepredvidljivosti ali i emancipacije medija, kao i fotografiju kao \u201cpedago\u0161ko oru\u0111e\u201d koje poma\u017ee u konstrukciji i transferu znanja. Zatim, fotografiju smo razmatrali kroz kustoske i muzeolo\u0161ke prakse koje su, zahvaljuju\u0107i promjeni u poimanju starih hijerarhija umjetni\u010dkih medija, \u201cprigrlile\u201d medij koji istovremeno postoji u nebrojenim kontekstima. Naposljetku, uo\u010dili smo fotografsku (de)teritorijalizaciju zaslu\u017enu za diskurzivne pomake, pra\u0107ene novim na\u010dinima razumijevanja fotografskog fenomena te smo fotografiju promatrali i kao strategiju i praksu anticipacijskog mi\u0161ljenja o dru\u0161tvu, zajednici i svijetu, o kojima se promi\u0161lja kroz dekonstrukciju i resemantizaciju medija te uz raspravu o dokumentacijskom aspektu fotografije kao sredstva kojim se dolazi do novih otkri\u0107a.<\/p>\n\n\n\n<p>Pozivamo vas da nam se pridru\u017eite i u razgovoru sa sudionicima i istra\u017eiva\u010dima upoznate razli\u010dite smjerove koji su autore doveli do specifi\u010dnih tuma\u010denja fotografije. Knjiga je u otvorenom pristupnu dostupna <a href=\"https:\/\/ipu.hr\/content\/knjige\/IPU_Formats_of_Non_Seeing_2024_ISBN_978-953-373-042-4.pdf\">ovdje<\/a>, a objavljena je uz financijsku podr\u0161ku Hrvatske zaklade za znanost, Ministarstva znanosti, obrazovanja i mladih, te Grada Zagreba.<\/p>\n\n\n\n<hr class=\"wp-block-separator has-alpha-channel-opacity\"\/>\n\n\n\n<p>Izvor:<\/p>\n\n\n\n<p><a href=\"https:\/\/www.ipu.hr\/article\/hr\/1887\/formats-of-nonseeing\">https:\/\/www.ipu.hr\/article\/hr\/1887\/formats-of-nonseeing<\/a><\/p>\n\n\n\n<hr class=\"wp-block-separator has-alpha-channel-opacity\"\/>\n","protected":false},"excerpt":{"rendered":"","protected":false},"author":2,"featured_media":44917,"comment_status":"open","ping_status":"open","sticky":false,"template":"","format":"standard","meta":{"_acf_changed":false,"jetpack_post_was_ever_published":false,"_jetpack_newsletter_access":"","_jetpack_dont_email_post_to_subs":false,"_jetpack_newsletter_tier_id":0,"_jetpack_memberships_contains_paywalled_content":false,"_jetpack_memberships_contains_paid_content":false,"footnotes":"","jetpack_publicize_message":"","jetpack_publicize_feature_enabled":true,"jetpack_social_post_already_shared":true,"jetpack_social_options":{"image_generator_settings":{"template":"highway","default_image_id":0,"font":"","enabled":false},"version":2}},"categories":[19,3],"tags":[],"class_list":["post-44916","post","type-post","status-publish","format-standard","has-post-thumbnail","hentry","category-e-knjige","category-novosti"],"acf":{"facebook_opis":""},"jetpack_publicize_connections":[],"jetpack_featured_media_url":"https:\/\/i0.wp.com\/historiografija.hr\/wp-content\/uploads\/2025\/02\/Formats-scaled.jpg?fit=2560%2C1340&ssl=1","jetpack_sharing_enabled":true,"jetpack-related-posts":[],"_links":{"self":[{"href":"https:\/\/historiografija.hr\/index.php?rest_route=\/wp\/v2\/posts\/44916","targetHints":{"allow":["GET"]}}],"collection":[{"href":"https:\/\/historiografija.hr\/index.php?rest_route=\/wp\/v2\/posts"}],"about":[{"href":"https:\/\/historiografija.hr\/index.php?rest_route=\/wp\/v2\/types\/post"}],"author":[{"embeddable":true,"href":"https:\/\/historiografija.hr\/index.php?rest_route=\/wp\/v2\/users\/2"}],"replies":[{"embeddable":true,"href":"https:\/\/historiografija.hr\/index.php?rest_route=%2Fwp%2Fv2%2Fcomments&post=44916"}],"version-history":[{"count":1,"href":"https:\/\/historiografija.hr\/index.php?rest_route=\/wp\/v2\/posts\/44916\/revisions"}],"predecessor-version":[{"id":44918,"href":"https:\/\/historiografija.hr\/index.php?rest_route=\/wp\/v2\/posts\/44916\/revisions\/44918"}],"wp:featuredmedia":[{"embeddable":true,"href":"https:\/\/historiografija.hr\/index.php?rest_route=\/wp\/v2\/media\/44917"}],"wp:attachment":[{"href":"https:\/\/historiografija.hr\/index.php?rest_route=%2Fwp%2Fv2%2Fmedia&parent=44916"}],"wp:term":[{"taxonomy":"category","embeddable":true,"href":"https:\/\/historiografija.hr\/index.php?rest_route=%2Fwp%2Fv2%2Fcategories&post=44916"},{"taxonomy":"post_tag","embeddable":true,"href":"https:\/\/historiografija.hr\/index.php?rest_route=%2Fwp%2Fv2%2Ftags&post=44916"}],"curies":[{"name":"wp","href":"https:\/\/api.w.org\/{rel}","templated":true}]}}