{"id":44893,"date":"2025-02-19T22:36:17","date_gmt":"2025-02-19T22:36:17","guid":{"rendered":"https:\/\/historiografija.hr\/?p=44893"},"modified":"2025-02-19T22:36:17","modified_gmt":"2025-02-19T22:36:17","slug":"sretan-rodendan-zagorka-152-godine-od-rodenja-marije-juric-zagorke","status":"publish","type":"post","link":"https:\/\/historiografija.hr\/?p=44893","title":{"rendered":"Sretan ro\u0111endan, Zagorka!: 152 godine od ro\u0111enja Marije Juri\u0107 Zagorke"},"content":{"rendered":"\n<p>Memorijalni stan Marije Juri\u0107 Zagorke, kojim upravlja Centar za \u017eenske studije, ove godine obilje\u017eava 152. obljetnicu ro\u0111enja na\u0161e Marije Juri\u0107 Zagorke bogatim i raznovrsnim programom.<\/p>\n\n\n\n<p><strong>Program traje od utorka, 25. velja\u010de do nedjelje 2. o\u017eujka 2025.<\/strong><\/p>\n\n\n\n<p><strong><u>Utorak, 25. velja\u010de 2025.<\/u><\/strong><strong><\/strong><\/p>\n\n\n\n<p><strong>19.00 h \u0160etnja \u201eZagorkine kavanske pri\u010de\u201c<\/strong><\/p>\n\n\n\n<p>Zagorki je publika vjerna ve\u0107 vi\u0161e od stolje\u0107a, a njezin novinarski i spisateljski rad izazivaju divljenje. No \u0161to je Zagorka pro\u017eivljavala kada je pisala svoja djela i \u010dlanke, \u0161to je mogla \u010duti \u0161uljaju\u0107i se gradskim ulicama ili pak pa\u017eljivo oslu\u0161kuju\u0107i \u017eamor kavanskih gostiju? Koje pri\u010de o njoj su se iz scenografije kavana pro\u0161irile u korpus gradskih pri\u010da? Koje likove smje\u0161ta u zagreba\u010dke lokale koji slu\u017ee kao ogledala dru\u0161tva? U \u0161etnji pod nazivom \u201eZagorkine kavanske pri\u010de\u201c Kelnerice vas vode na donjogradsku scenu Zagorkina \u017eivota, oslu\u0161kuju\u0107i ritam svakodnevice koji je vodio Zagorkino pero.<\/p>\n\n\n\n<p><strong>Za \u0161etnju je obavezna prijava zbog ograni\u010denog broja osoba!<\/strong><\/p>\n\n\n\n<p>Prilikom prijave saznat \u0107ete i mjesto polaska.<\/p>\n\n\n\n<p><strong>Prijaviti se mo\u017eete na mail <a href=\"mailto:kelnerice@gmail.com\">kelnerice@gmail.com<\/a> ili SMS-om na broj telefona 098 746 101. Kontakt osoba je \u0110ur\u0111ica Vitkovi\u0107.<\/strong> Molimo da po\u0161aljete svoje ime i prezime, kontakt broj te broj osoba koje idu s vama u \u0161etnju.<\/p>\n\n\n\n<p><strong><u>Srijeda, 26. velja\u010de 2025.<\/u><\/strong><strong><\/strong><\/p>\n\n\n\n<p><strong>19.00 h i 19.45 h Duhovi Zagorkinog stana<\/strong><\/p>\n\n\n\n<p>Dolac 8 posljednja adresa na kojoj je \u017eivjela i stvarala Marija Juri\u0107 Zagorka. Prostor koji je jo\u0161 uvijek ispunjen predmetima iz njenog \u017eivota i utiscima njenog stvarala\u0161tva. Na ro\u0111endan ove spisateljice i novinarke, prostor \u0107e o\u017eivjeti na poseban na\u010din. Svjetla \u0107e se ugasiti, a likovi o kojima je Zagorka pisala o\u017eivjet \u0107e u njenom stanu i na poseban na\u010din ispri\u010dati pri\u010du o njoj i njenom stvarala\u0161tvu. Pro\u0161e\u0107ite pod svjetlo\u0161\u0107u svije\u0107a Zagorkinim stanom i oslu\u0161kujte duhove pro\u0161losti.<\/p>\n\n\n\n<p>Performans se izvodi u suradnji s <a href=\"https:\/\/www.facebook.com\/gornjogradskecoprnice\">Gornjogradskim coprnicama<\/a>.<\/p>\n\n\n\n<p>Posjet izvedbi je besplatan. Broj posjetitelja je ograni\u010den na 25 po grupi, a izvedbe se odr\u017eavaju s po\u010detkom u 19.00h i 19.45 h.<\/p>\n\n\n\n<p><strong>Prijave isklju\u010divo na mail: <a href=\"mailto:martinafindrik@yahoo.com\">martinafindrik@yahoo.com<\/a>. Kontakt osoba je Martina Findrik.<\/strong><\/p>\n\n\n\n<p><strong>Prilikom prijave obavezno navesti \u017eeljeni termin.<\/strong><\/p>\n\n\n\n<p><strong><u>\u010cetvrtak, 27. velja\u010de 2025. <\/u><\/strong><strong><\/strong><\/p>\n\n\n\n<p><strong>11.00 \u2013 19.00 h Otvorena vrata Stalnog postava Memorijalnog stana Marije Juri\u0107 Zagorke<\/strong><\/p>\n\n\n\n<p>Uz stru\u010dno vodstvo kroz Stalni postav Memorijalnog stana Marije Juri\u0107 Zagorke posjetitelji_ce saznat \u0107e informacije o njezinom privatnom \u017eivotu, spisateljskoj karijeri, aktivisti\u010dkom i feministi\u010dkom radu, te svjetski priznatom anga\u017emanu u politi\u010dkom novinarstvu. Za posjet Stanu nije potrebna prijava.<\/p>\n\n\n\n<p><strong><u>Petak, 28. velja\u010de 2025. <\/u><\/strong><strong><\/strong><\/p>\n\n\n\n<p><strong>19.00 h Dramsko predavanje: <em>Glasna Zagorka<\/em> (za gra\u0111anstvo)<\/strong><\/p>\n\n\n\n<p>U suradnji s <a href=\"https:\/\/teatarpocoloco.hr\/\">Teatrom Poco Loco<\/a> u Memorijalnom stanu Marije Juri\u0107 Zagorke odr\u017eat \u0107e se dramsko predavanje pod nazivom \u201cGlasna Zagorka\u201c koje je spoj predavanja, predstave i diskusije. Njime se \u017eeli do\u010darati koliko je Zagorkino djelovanje bilo zna\u010dajno i va\u017eno i za na\u0161e \u017eivote danas te prenijeti pri\u010da o Zagorkinu \u017eivotu na na\u010din da je gledatelji zapamte, da se s njom pove\u017eu i o njoj razviju svoje mi\u0161ljenje.<\/p>\n\n\n\n<p>Nakon dramskog predavanja organizirano je vodstvo po Memorijalnom stanu Marije Juri\u0107 Zagorke. Trajanje programa 75 min<\/p>\n\n\n\n<p>Uzrast: za mlade od 11 do 18 godina<\/p>\n\n\n\n<p>Vi\u0161e od izvedbi: <a href=\"http:\/\/www.teatarpocoloco.hr\/category\/dramsko-predavanje\/\">www.teatarpocoloco.hr\/category\/dramsko-predavanje\/<\/a><\/p>\n\n\n\n<p><strong>Rezervacija ulaznica na <a href=\"https:\/\/docs.google.com\/forms\/d\/e\/1FAIpQLSdbzkuCXXJ9vRbS9mIykjiISgn2GpLh2joWw2BM8DYb8Ewjdw\/viewform\">poveznici<\/a><\/strong><\/p>\n\n\n\n<p><strong>Cijena ulaznice: 6 eura<\/strong><\/p>\n\n\n\n<p><strong><u>Subota, 1. o\u017eujka 2025.<\/u><\/strong><strong><\/strong><\/p>\n\n\n\n<p><strong>11.00 \u2013 19.00 h Otvorena vrata Stalnog postava Memorijalnog stana Marije Juri\u0107 Zagorke<\/strong><\/p>\n\n\n\n<p>Uz stru\u010dno vodstvo kroz Stalni postav Memorijalnog stana Marije Juri\u0107 Zagorke posjetitelji_ce saznat \u0107e informacije o njezinom privatnom \u017eivotu, spisateljskoj karijeri, aktivisti\u010dkom i feministi\u010dkom radu, te svjetski priznatom anga\u017emanu u politi\u010dkom novinarstvu. Za posjet Stanu nije potrebna prijava.<\/p>\n\n\n\n<p><strong>11.00 \u2013 17.00 h Misteriozno pismo<\/strong><\/p>\n\n\n\n<p>Vodimo vas u samostalan razgled grada! Uz pomo\u0107 misterioznog pisma, pretvaramo vas u vodi\u010d_kinju_a. Tragovi zapisani na papiru vode kroz grad i upoznaju vas s mjestima povezanim sa Zagorkinim \u017eivotom.<\/p>\n\n\n\n<p>Misteriozno pismo mo\u017eete <strong>preuzeti<\/strong> kod nas u Memorijalnom stanu Marije Juri\u0107 Zagorke, Dolac 8 <strong>od 11 h do 17 h<\/strong> i potom pohitati u potragu za mjestima iz pisma, fotografirati se na njima te se <strong>najkasnije do 19 h s \u2018\u2019dokazima\u2019\u2019 vratiti na Dolac<\/strong> i pokupiti skromnu nagradu za trud.<\/p>\n\n\n\n<p>U aktivnosti mo\u017eete sudjelovati sami ili u grupi, te nije potrebna prijava.<\/p>\n\n\n\n<p><strong><u>Nedjelja, 2. o\u017eujka 2025.<\/u><\/strong><strong><\/strong><\/p>\n\n\n\n<p><strong>16.00 h \u0160etnja <em>Od ideala revolucionarka<\/em><\/strong><\/p>\n\n\n\n<p>Iako je Zagorka jako puno pisala o Gornjem gradu, veliki je dio njezinog \u017eivota bio ipak vezan za Donji grad. Gdje se Zagorka \u0161kolovala i kakvo je bilo obrazovanje \u017eena u 19. stolje\u0107u? Gdje je \u017eivjela, a gdje radila? Gdje se dolazilo pro\u0161etati, vidjeti druge i biti vi\u0111en?<\/p>\n\n\n\n<p><a href=\"https:\/\/cuvaricevremena.eu\/\">\u010cuvarice vremena<\/a> vode vas u \u0161etnju po Donjem gradu, u svijet Zagorkinih ideala, ali i njezine stvarnosti, gdje \u0107ete \u010duti pone\u0161to i o Zagorkinim manje poznatim romanima, onima suvremene tematike u kojima vrlo otvoreno, vje\u0161to i kriti\u010dno opisuje svoje vlastito doba.<\/p>\n\n\n\n<p>\u0160etnja je besplatna. Prijave za \u0161etnju su obavezne jer je broj osoba ograni\u010den! Tada \u0107ete saznati i mjesto sastanka.<\/p>\n\n\n\n<p><strong>Prijave isklju\u010divo na mail: <a href=\"mailto:zagorka@zenstud.hr\">zagorka@zenstud.hr<\/a> te SMS na broj telefona 098 433 121. Kontakt osoba je Ana Zbiljski.<\/strong><\/p>\n\n\n\n<p><strong>Pratite nas na Facebook stranici <a href=\"https:\/\/web.facebook.com\/Memorijalni-stan-Marije-Juri%C4%87-Zagorke-692211777544143\/\">Memorijalni stan Marije Juri\u0107 Zagorke<\/a> i instagram stranici <a href=\"https:\/\/www.instagram.com\/zagorkin_stan\/\">zagorkin_stan<\/a><\/strong><\/p>\n\n\n\n<p>Program financijski podr\u017eava Grad Zagreb.<\/p>\n\n\n\n<hr class=\"wp-block-separator has-alpha-channel-opacity\"\/>\n\n\n\n<p>Izvor:<\/p>\n\n\n\n<figure class=\"wp-block-embed is-type-wp-embed is-provider-memorijalni-stan-marije-juri-zagorke wp-block-embed-memorijalni-stan-marije-juri-zagorke\"><div class=\"wp-block-embed__wrapper\">\n<blockquote class=\"wp-embedded-content\" data-secret=\"JSBPs9fjGa\"><a href=\"https:\/\/zagorka.net\/sretan-rodendan-zagorka-152-godine-od-rodenja-marije-juric-zagorke\/\">Sretan ro\u0111endan, Zagorka!: 152 godine od ro\u0111enja Marije Juri\u0107 Zagorke<\/a><\/blockquote><iframe loading=\"lazy\" class=\"wp-embedded-content\" sandbox=\"allow-scripts\" security=\"restricted\" style=\"position: absolute; visibility: hidden;\" title=\"&#8220;Sretan ro\u0111endan, Zagorka!: 152 godine od ro\u0111enja Marije Juri\u0107 Zagorke&#8221; &#8212; Memorijalni stan Marije Juri\u0107 Zagorke\" src=\"https:\/\/zagorka.net\/sretan-rodendan-zagorka-152-godine-od-rodenja-marije-juric-zagorke\/embed\/#?secret=JSBPs9fjGa\" data-secret=\"JSBPs9fjGa\" width=\"600\" height=\"338\" frameborder=\"0\" marginwidth=\"0\" marginheight=\"0\" scrolling=\"no\"><\/iframe>\n<\/div><\/figure>\n\n\n\n<hr class=\"wp-block-separator has-alpha-channel-opacity\"\/>\n","protected":false},"excerpt":{"rendered":"","protected":false},"author":2,"featured_media":44894,"comment_status":"open","ping_status":"open","sticky":false,"template":"","format":"standard","meta":{"_acf_changed":false,"jetpack_post_was_ever_published":false,"_jetpack_newsletter_access":"","_jetpack_dont_email_post_to_subs":false,"_jetpack_newsletter_tier_id":0,"_jetpack_memberships_contains_paywalled_content":false,"_jetpack_memberships_contains_paid_content":false,"footnotes":"","jetpack_publicize_message":"","jetpack_publicize_feature_enabled":true,"jetpack_social_post_already_shared":true,"jetpack_social_options":{"image_generator_settings":{"template":"highway","default_image_id":0,"font":"","enabled":false},"version":2}},"categories":[3],"tags":[],"class_list":["post-44893","post","type-post","status-publish","format-standard","has-post-thumbnail","hentry","category-novosti"],"acf":{"facebook_opis":""},"jetpack_publicize_connections":[],"jetpack_featured_media_url":"https:\/\/i0.wp.com\/historiografija.hr\/wp-content\/uploads\/2025\/02\/Zagorka_web.png?fit=768%2C382&ssl=1","jetpack_sharing_enabled":true,"jetpack-related-posts":[],"_links":{"self":[{"href":"https:\/\/historiografija.hr\/index.php?rest_route=\/wp\/v2\/posts\/44893","targetHints":{"allow":["GET"]}}],"collection":[{"href":"https:\/\/historiografija.hr\/index.php?rest_route=\/wp\/v2\/posts"}],"about":[{"href":"https:\/\/historiografija.hr\/index.php?rest_route=\/wp\/v2\/types\/post"}],"author":[{"embeddable":true,"href":"https:\/\/historiografija.hr\/index.php?rest_route=\/wp\/v2\/users\/2"}],"replies":[{"embeddable":true,"href":"https:\/\/historiografija.hr\/index.php?rest_route=%2Fwp%2Fv2%2Fcomments&post=44893"}],"version-history":[{"count":1,"href":"https:\/\/historiografija.hr\/index.php?rest_route=\/wp\/v2\/posts\/44893\/revisions"}],"predecessor-version":[{"id":44895,"href":"https:\/\/historiografija.hr\/index.php?rest_route=\/wp\/v2\/posts\/44893\/revisions\/44895"}],"wp:featuredmedia":[{"embeddable":true,"href":"https:\/\/historiografija.hr\/index.php?rest_route=\/wp\/v2\/media\/44894"}],"wp:attachment":[{"href":"https:\/\/historiografija.hr\/index.php?rest_route=%2Fwp%2Fv2%2Fmedia&parent=44893"}],"wp:term":[{"taxonomy":"category","embeddable":true,"href":"https:\/\/historiografija.hr\/index.php?rest_route=%2Fwp%2Fv2%2Fcategories&post=44893"},{"taxonomy":"post_tag","embeddable":true,"href":"https:\/\/historiografija.hr\/index.php?rest_route=%2Fwp%2Fv2%2Ftags&post=44893"}],"curies":[{"name":"wp","href":"https:\/\/api.w.org\/{rel}","templated":true}]}}