{"id":44890,"date":"2025-02-18T22:46:04","date_gmt":"2025-02-18T22:46:04","guid":{"rendered":"https:\/\/historiografija.hr\/?p=44890"},"modified":"2025-02-18T22:46:04","modified_gmt":"2025-02-18T22:46:04","slug":"9-susret-istrazivacke-grupe-za-proucavanje-18-stoljeca-igos","status":"publish","type":"post","link":"https:\/\/historiografija.hr\/?p=44890","title":{"rendered":"9. susret Istra\u017eiva\u010dke grupe za prou\u010davanje 18. stolje\u0107a (IGOS)"},"content":{"rendered":"\n<p>9. susret grupe IGOS bit \u0107e u subotu 22. 2. 2025. u 10h u\u017eivo u Vite\u0161koj dvorani Dru\u017ebe \u201eBra\u0107a Hrvatskoga Zmaja\u201c, Kamenita vrata 3, Zagreb i preno\u0161en u\u017eivo na Facebooku za gledatelje izvan Zagreba.<\/p>\n\n\n\n<hr class=\"wp-block-separator has-alpha-channel-opacity\"\/>\n\n\n\n<p>Imamo raznolike teme uz dvije go\u0161\u0107e koje \u0107e samo zbog susreta do\u0107i iz Dubrovnika. Najprije \u0107e dr. sc. Teodora Shek Brnardi\u0107 i mag. Marta Jurkovi\u0107 predstaviti tek pokrenuti HRZZ projekt &#8220;Izme\u0111u znanja i neznanja: ideje, prakse i naslje\u0111e prosvjetiteljstva u hrvatskim zemljama (LIGHT)&#8221;. Nakon toga, doc. dr. sc. Jadranka Bagari\u0107 interpretirat \u0107e opus dubrova\u010dkog latinista i lije\u010dnika \u0110ure Hid\u017ee. Na kraju \u0107e nas dr. sc. Jelena Obradovi\u0107 Moja\u0161 zabaviti no\u0107nim prizorima s dubrova\u010dkih ulica u 18. stolje\u0107u.<\/p>\n\n\n\n<hr class=\"wp-block-separator has-alpha-channel-opacity\"\/>\n\n\n\n<p>Izvori i op\u0161irnije:<\/p>\n\n\n\n<p><a href=\"https:\/\/www.facebook.com\/igos18\">https:\/\/www.facebook.com\/igos18<\/a><\/p>\n\n\n\n<p><a href=\"https:\/\/www.facebook.com\/events\/964967872256549\">https:\/\/www.facebook.com\/events\/964967872256549<\/a><\/p>\n\n\n\n<hr class=\"wp-block-separator has-alpha-channel-opacity\"\/>\n","protected":false},"excerpt":{"rendered":"","protected":false},"author":2,"featured_media":44891,"comment_status":"open","ping_status":"open","sticky":false,"template":"","format":"standard","meta":{"_acf_changed":false,"jetpack_post_was_ever_published":false,"_jetpack_newsletter_access":"","_jetpack_dont_email_post_to_subs":false,"_jetpack_newsletter_tier_id":0,"_jetpack_memberships_contains_paywalled_content":false,"_jetpack_memberships_contains_paid_content":false,"footnotes":"","jetpack_publicize_message":"","jetpack_publicize_feature_enabled":true,"jetpack_social_post_already_shared":true,"jetpack_social_options":{"image_generator_settings":{"template":"highway","default_image_id":0,"font":"","enabled":false},"version":2}},"categories":[3],"tags":[],"class_list":["post-44890","post","type-post","status-publish","format-standard","has-post-thumbnail","hentry","category-novosti"],"acf":{"facebook_opis":""},"jetpack_publicize_connections":[],"jetpack_featured_media_url":"https:\/\/i0.wp.com\/historiografija.hr\/wp-content\/uploads\/2025\/02\/IGOS_9.jpg?fit=1640%2C924&ssl=1","jetpack_sharing_enabled":true,"jetpack-related-posts":[],"_links":{"self":[{"href":"https:\/\/historiografija.hr\/index.php?rest_route=\/wp\/v2\/posts\/44890","targetHints":{"allow":["GET"]}}],"collection":[{"href":"https:\/\/historiografija.hr\/index.php?rest_route=\/wp\/v2\/posts"}],"about":[{"href":"https:\/\/historiografija.hr\/index.php?rest_route=\/wp\/v2\/types\/post"}],"author":[{"embeddable":true,"href":"https:\/\/historiografija.hr\/index.php?rest_route=\/wp\/v2\/users\/2"}],"replies":[{"embeddable":true,"href":"https:\/\/historiografija.hr\/index.php?rest_route=%2Fwp%2Fv2%2Fcomments&post=44890"}],"version-history":[{"count":1,"href":"https:\/\/historiografija.hr\/index.php?rest_route=\/wp\/v2\/posts\/44890\/revisions"}],"predecessor-version":[{"id":44892,"href":"https:\/\/historiografija.hr\/index.php?rest_route=\/wp\/v2\/posts\/44890\/revisions\/44892"}],"wp:featuredmedia":[{"embeddable":true,"href":"https:\/\/historiografija.hr\/index.php?rest_route=\/wp\/v2\/media\/44891"}],"wp:attachment":[{"href":"https:\/\/historiografija.hr\/index.php?rest_route=%2Fwp%2Fv2%2Fmedia&parent=44890"}],"wp:term":[{"taxonomy":"category","embeddable":true,"href":"https:\/\/historiografija.hr\/index.php?rest_route=%2Fwp%2Fv2%2Fcategories&post=44890"},{"taxonomy":"post_tag","embeddable":true,"href":"https:\/\/historiografija.hr\/index.php?rest_route=%2Fwp%2Fv2%2Ftags&post=44890"}],"curies":[{"name":"wp","href":"https:\/\/api.w.org\/{rel}","templated":true}]}}