{"id":44888,"date":"2025-02-18T22:36:53","date_gmt":"2025-02-18T22:36:53","guid":{"rendered":"https:\/\/historiografija.hr\/?p=44888"},"modified":"2025-02-18T22:36:53","modified_gmt":"2025-02-18T22:36:53","slug":"predavanje-marije-tonkovic-fotografsko-putovanje-habsburskom-monarhijom","status":"publish","type":"post","link":"https:\/\/historiografija.hr\/?p=44888","title":{"rendered":"Predavanje Marije Tonkovi\u0107 \u201eFotografsko putovanje Habsbur\u0161kom monarhijom\u201c"},"content":{"rendered":"\n<p>Popratni program izlo\u017ebe<\/p>\n\n\n\n<p>\u201eIdeal i stvarnost: Prvo zlatno doba ma\u0111arskog slikarstva i za\u010deci hrvatske moderne umjetnosti\u201c<\/p>\n\n\n\n<p>20. velja\u010de u 18:00 sati u Galeriji Klovi\u0107evi dvori<\/p>\n\n\n\n<hr class=\"wp-block-separator has-alpha-channel-opacity\"\/>\n\n\n\n<p>Popularnost i odjek uzastopnih kompleksnih izlo\u017ebi pripremljenih posljednjih godina s razli\u010dito strukturiranom tematikom XIX. stolje\u0107a do 1918. godine, kada je i Hrvatska politi\u010dki i kulturno u prostoru Srednje Europe, izo\u0161trile su nam senzibilnost za vrijednosti vlastitog materijala i njegovu mogu\u0107u konkurentnost. Posljednji izlo\u017ebeni projekt u Galeriji Klovi\u0107evi dvori pod naslovom \u201eIdeal i stvarnost: Prvo zlatno doba ma\u0111arskog slikarstva i za\u010deci hrvatske moderne umjetnosti\u201c name\u0107e i promi\u0161ljanja o poveznicama u umjetnosti fotografije na tim prostorima. Mnogi su profesionalni fotografi djelovali paralelno u raznim gradovima Habsbur\u0161ke monarhije. Dugogodi\u0161njim istra\u017eivanjima ponovno je uspostavljeno jedinstvo hrvatskog doprinosa i restauriran njegov prvobitni okoli\u0161. Posebice je zanimljiv doprinos amatera iz aristokratskih krugova. Njihova nadnacionalna socijalna umre\u017eenost otvara mnoge paralele. Samo na primjerima obiteljskih i prijateljskih veza grofovskih obitelji Dra\u0161kovi\u0107 i Erd\u00f6dy s fotografima iz porodice Esterhazy, Karolyi i Sz\u00e9chenyi mogu\u0107e je uspostaviti jedan od krugova Be\u010d \u2013 Budimpe\u0161ta \u2013 Bratislava \u2013 Zagreb. Sli\u010dno knji\u017eevnim postupcima, fotografije postavljene u me\u0111usobne dijaloge sekvencijalno otvaraju pripovjeda\u010dku strukturu i mogu\u0107nost prepu\u0161tanja ozra\u010dju i privla\u010dnosti pro\u0161lih vremena.<\/p>\n\n\n\n<p>O predava\u010dici:<\/p>\n\n\n\n<p>dr. sc. Marija Tonkovi\u0107, povjesni\u010darka umjetnosti, kriti\u010darka i muzejska savjetnica od 1978. do 2014. godine radila je u Muzeju za umjetnost i obrt u Zagrebu kao dugogodi\u0161nja voditeljica Zbirke starije fotografije i voditeljica Odjela zbirki. Priredila je samostalno vi\u0161e izlo\u017ebi s fotografskom tematikom te sudjelovala u pripremi i postavu kompleksnih projekata. Dugogodi\u0161nja je stalna suradnica Hrvatske radiotelevizije, s naglaskom na povijest fotografije. Za HTV inicirala je snimanje serijala \u201eFotografija u Hrvatskoj\u201c. Sura\u0111uje na znanstvenim projektima Instituta za povijest umjetnosti i Filozofskog fakulteta u Zagrebu. Autorica je priloga o fotografiji u izdanjima Hrvatske akademije znanosti i umjetnosti pod skupnim naslovom Hrvatska i Europa. Na Sveu\u010dili\u0161tu u Zagrebu na Akademiji dramske umjetnosti pokrenula je kolegij \u201ePovijest fotografije\u201c gdje je predavala 25 godina. \u010clanica je Hrvatske sekcije AICA-e (Me\u0111unarodnoga udru\u017eenja likovnih kriti\u010dara), Dru\u0161tva povjesni\u010dara umjetnosti, Hrvatskoga muzejskog dru\u0161tva i Matice hrvatske. Dobitnica je Nagrade za \u017eivotno djelo \u201ePavao Ritter Vitezovi\u0107\u201c Hrvatskoga muzejskog dru\u0161tva za 2014. godinu.<\/p>\n\n\n\n<hr class=\"wp-block-separator has-alpha-channel-opacity\"\/>\n","protected":false},"excerpt":{"rendered":"","protected":false},"author":2,"featured_media":43946,"comment_status":"open","ping_status":"open","sticky":false,"template":"","format":"standard","meta":{"_acf_changed":false,"jetpack_post_was_ever_published":false,"_jetpack_newsletter_access":"","_jetpack_dont_email_post_to_subs":false,"_jetpack_newsletter_tier_id":0,"_jetpack_memberships_contains_paywalled_content":false,"_jetpack_memberships_contains_paid_content":false,"footnotes":"","jetpack_publicize_message":"","jetpack_publicize_feature_enabled":true,"jetpack_social_post_already_shared":true,"jetpack_social_options":{"image_generator_settings":{"template":"highway","default_image_id":0,"font":"","enabled":false},"version":2}},"categories":[3],"tags":[],"class_list":["post-44888","post","type-post","status-publish","format-standard","has-post-thumbnail","hentry","category-novosti"],"acf":{"facebook_opis":""},"jetpack_publicize_connections":[],"jetpack_featured_media_url":"https:\/\/i0.wp.com\/historiografija.hr\/wp-content\/uploads\/2024\/12\/Ideal-i-stvarnost-1.jpg?fit=900%2C318&ssl=1","jetpack_sharing_enabled":true,"jetpack-related-posts":[],"_links":{"self":[{"href":"https:\/\/historiografija.hr\/index.php?rest_route=\/wp\/v2\/posts\/44888","targetHints":{"allow":["GET"]}}],"collection":[{"href":"https:\/\/historiografija.hr\/index.php?rest_route=\/wp\/v2\/posts"}],"about":[{"href":"https:\/\/historiografija.hr\/index.php?rest_route=\/wp\/v2\/types\/post"}],"author":[{"embeddable":true,"href":"https:\/\/historiografija.hr\/index.php?rest_route=\/wp\/v2\/users\/2"}],"replies":[{"embeddable":true,"href":"https:\/\/historiografija.hr\/index.php?rest_route=%2Fwp%2Fv2%2Fcomments&post=44888"}],"version-history":[{"count":1,"href":"https:\/\/historiografija.hr\/index.php?rest_route=\/wp\/v2\/posts\/44888\/revisions"}],"predecessor-version":[{"id":44889,"href":"https:\/\/historiografija.hr\/index.php?rest_route=\/wp\/v2\/posts\/44888\/revisions\/44889"}],"wp:featuredmedia":[{"embeddable":true,"href":"https:\/\/historiografija.hr\/index.php?rest_route=\/wp\/v2\/media\/43946"}],"wp:attachment":[{"href":"https:\/\/historiografija.hr\/index.php?rest_route=%2Fwp%2Fv2%2Fmedia&parent=44888"}],"wp:term":[{"taxonomy":"category","embeddable":true,"href":"https:\/\/historiografija.hr\/index.php?rest_route=%2Fwp%2Fv2%2Fcategories&post=44888"},{"taxonomy":"post_tag","embeddable":true,"href":"https:\/\/historiografija.hr\/index.php?rest_route=%2Fwp%2Fv2%2Ftags&post=44888"}],"curies":[{"name":"wp","href":"https:\/\/api.w.org\/{rel}","templated":true}]}}