{"id":44876,"date":"2025-02-18T21:11:50","date_gmt":"2025-02-18T21:11:50","guid":{"rendered":"https:\/\/historiografija.hr\/?p=44876"},"modified":"2025-02-18T21:13:00","modified_gmt":"2025-02-18T21:13:00","slug":"odrzan-projektni-sastanak-istrazivackog-tima-na-projektu-logor-slana-na-otoku-pagu","status":"publish","type":"post","link":"https:\/\/historiografija.hr\/?p=44876","title":{"rendered":"Odr\u017ean projektni sastanak istra\u017eiva\u010dkog tima na projektu \u201cLogor Slana na otoku Pagu\u201d"},"content":{"rendered":"\n<p><strong>U Institutu dru\u0161tvenih znanosti Ivo Pilar odr\u017ean je 5. velja\u010de 2025. radni sastanak \u010dlanova istra\u017eiva\u010dkog tima koji radi na realizaciji znanstvenoistra\u017eiva\u010dkog projekta \u201cLogor Slana na otoku Pagu\u201d. Cilj projekta je multiperspektivno istra\u017eivanje povijesti logora Slana 1941. Naru\u010ditelj je Grad Novalja, a projekt se provodi u Institutu Pilar od 1. listopada 2023. do 30. rujna 2025. pod vodstvom dr. sc. \u017deljka Holjevca, ravnatelja Instituta<\/strong><\/p>\n\n\n\n<hr class=\"wp-block-separator has-alpha-channel-opacity\"\/>\n\n\n\n<p>Na projektu rade znanstvenici Instituta Pilar i vanjski suradnici, koji istra\u017euju izvorno gradivo u arhivima i knji\u017enicama u Hrvatskoj i inozemstvu. Osim toga, provedeno je i terensko istra\u017eivanje na otoku Pagu za potrebe analize kulture sje\u0107anja. Budu\u0107i da je projekt u\u0161ao u zavr\u0161nu fazu, odr\u017eani sastanak, peti po redu, bio je posve\u0107en dovr\u0161avanju pisanja znanstvenih radova suradnika na projektu i definiranju koncepcije zbornika kao glavnog rezultata projekta.\u201d<\/p>\n\n\n\n<hr class=\"wp-block-separator has-alpha-channel-opacity\"\/>\n\n\n\n<p>Izvor i dodatne obavijesti:<\/p>\n\n\n\n<figure class=\"wp-block-embed is-type-wp-embed is-provider-institut-dru-tvenih-znanosti-ivo-pilar wp-block-embed-institut-dru-tvenih-znanosti-ivo-pilar\"><div class=\"wp-block-embed__wrapper\">\n<blockquote class=\"wp-embedded-content\" data-secret=\"BSFHXFvz0F\"><a href=\"https:\/\/www.pilar.hr\/2025\/02\/odrzan-projektni-sastanak-istrazivackog-tima-na-projektu-logor-slana-na-otoku-pagu-zagreb-5-2-2025\/\">Odr\u017ean projektni sastanak istra\u017eiva\u010dkog tima na projektu &#8220;Logor Slana na otoku Pagu&#8221;; Zagreb, 5. 2. 2025.<\/a><\/blockquote><iframe loading=\"lazy\" class=\"wp-embedded-content\" sandbox=\"allow-scripts\" security=\"restricted\" style=\"position: absolute; visibility: hidden;\" title=\"&#8220;Odr\u017ean projektni sastanak istra\u017eiva\u010dkog tima na projektu &#8220;Logor Slana na otoku Pagu&#8221;; Zagreb, 5. 2. 2025.&#8221; &#8212; Institut dru\u0161tvenih znanosti Ivo Pilar\" src=\"https:\/\/www.pilar.hr\/2025\/02\/odrzan-projektni-sastanak-istrazivackog-tima-na-projektu-logor-slana-na-otoku-pagu-zagreb-5-2-2025\/embed\/#?secret=HRl0wSo27H#?secret=BSFHXFvz0F\" data-secret=\"BSFHXFvz0F\" width=\"600\" height=\"338\" frameborder=\"0\" marginwidth=\"0\" marginheight=\"0\" scrolling=\"no\"><\/iframe>\n<\/div><\/figure>\n\n\n\n<p><a href=\"https:\/\/www.croris.hr\/projekti\/projekt\/10151\">https:\/\/www.croris.hr\/projekti\/projekt\/10151<\/a><\/p>\n\n\n\n<hr class=\"wp-block-separator has-alpha-channel-opacity\"\/>\n\n\n\n<p><\/p>\n","protected":false},"excerpt":{"rendered":"","protected":false},"author":2,"featured_media":44877,"comment_status":"open","ping_status":"open","sticky":false,"template":"","format":"standard","meta":{"_acf_changed":false,"jetpack_post_was_ever_published":false,"_jetpack_newsletter_access":"","_jetpack_dont_email_post_to_subs":false,"_jetpack_newsletter_tier_id":0,"_jetpack_memberships_contains_paywalled_content":false,"_jetpack_memberships_contains_paid_content":false,"footnotes":"","jetpack_publicize_message":"","jetpack_publicize_feature_enabled":true,"jetpack_social_post_already_shared":true,"jetpack_social_options":{"image_generator_settings":{"template":"highway","default_image_id":0,"font":"","enabled":false},"version":2}},"categories":[3],"tags":[],"class_list":["post-44876","post","type-post","status-publish","format-standard","has-post-thumbnail","hentry","category-novosti"],"acf":{"facebook_opis":""},"jetpack_publicize_connections":[],"jetpack_featured_media_url":"https:\/\/i0.wp.com\/historiografija.hr\/wp-content\/uploads\/2025\/02\/Projektni-sastanak.jpg?fit=620%2C369&ssl=1","jetpack_sharing_enabled":true,"jetpack-related-posts":[],"_links":{"self":[{"href":"https:\/\/historiografija.hr\/index.php?rest_route=\/wp\/v2\/posts\/44876","targetHints":{"allow":["GET"]}}],"collection":[{"href":"https:\/\/historiografija.hr\/index.php?rest_route=\/wp\/v2\/posts"}],"about":[{"href":"https:\/\/historiografija.hr\/index.php?rest_route=\/wp\/v2\/types\/post"}],"author":[{"embeddable":true,"href":"https:\/\/historiografija.hr\/index.php?rest_route=\/wp\/v2\/users\/2"}],"replies":[{"embeddable":true,"href":"https:\/\/historiografija.hr\/index.php?rest_route=%2Fwp%2Fv2%2Fcomments&post=44876"}],"version-history":[{"count":2,"href":"https:\/\/historiografija.hr\/index.php?rest_route=\/wp\/v2\/posts\/44876\/revisions"}],"predecessor-version":[{"id":44879,"href":"https:\/\/historiografija.hr\/index.php?rest_route=\/wp\/v2\/posts\/44876\/revisions\/44879"}],"wp:featuredmedia":[{"embeddable":true,"href":"https:\/\/historiografija.hr\/index.php?rest_route=\/wp\/v2\/media\/44877"}],"wp:attachment":[{"href":"https:\/\/historiografija.hr\/index.php?rest_route=%2Fwp%2Fv2%2Fmedia&parent=44876"}],"wp:term":[{"taxonomy":"category","embeddable":true,"href":"https:\/\/historiografija.hr\/index.php?rest_route=%2Fwp%2Fv2%2Fcategories&post=44876"},{"taxonomy":"post_tag","embeddable":true,"href":"https:\/\/historiografija.hr\/index.php?rest_route=%2Fwp%2Fv2%2Ftags&post=44876"}],"curies":[{"name":"wp","href":"https:\/\/api.w.org\/{rel}","templated":true}]}}