{"id":44873,"date":"2025-02-18T20:43:56","date_gmt":"2025-02-18T20:43:56","guid":{"rendered":"https:\/\/historiografija.hr\/?p=44873"},"modified":"2025-02-18T20:43:56","modified_gmt":"2025-02-18T20:43:56","slug":"izlozba-jablani-sapcu-elegiju-sibinjske-vrbske-i-ruscicke-zrtve-1935-2025","status":"publish","type":"post","link":"https:\/\/historiografija.hr\/?p=44873","title":{"rendered":"Izlo\u017eba \u201e\u2019Jablani \u0161ap\u0107u elegiju\u2019. Sibinjske, vrbske i ru\u0161\u010di\u010dke \u017ertve 1935. \u2013 2025.\u201c"},"content":{"rendered":"\n<p>Povodom 90. obljetnice doga\u0111aja, Hrvatski institut za povijest \u2013 Podru\u017enica za povijest Slavonije, Srijema i Baranje i op\u0107ina Klakar pozivaju Vas na otvorenje izlo\u017ebe autora dr. sc. Ivana Mileca \u201e\u2019Jablani \u0161ap\u0107u elegiju\u2019. Sibinjske, vrbske i ru\u0161\u010di\u010dke \u017ertve 1935. \u2013 2025.\u201c. Otvorenje izlo\u017ebe bit \u0107e u \u010detvrtak, 20. velja\u010de 2025. u 18 sati u Podru\u010dnoj \u0161koli \u201eVladimir Nazor\u201c u Ru\u0161\u010dici.<\/p>\n\n\n\n<hr class=\"wp-block-separator has-alpha-channel-opacity\"\/>\n\n\n\n<p>Izvor i pozivnica:<\/p>\n\n\n\n<figure class=\"wp-block-embed is-type-wp-embed is-provider-hrvatski-institut-za-povijest wp-block-embed-hrvatski-institut-za-povijest\"><div class=\"wp-block-embed__wrapper\">\n<blockquote class=\"wp-embedded-content\" data-secret=\"GuFZc7hdRl\"><a href=\"https:\/\/hipsb.hr\/izlozba-jablani-sapcu-elegiju-sibinjske-vrbske-i-ruscicke-zrtve-1935-2025\/\">Izlo\u017eba \u201e&#8217;Jablani \u0161ap\u0107u elegiju&#8217;. Sibinjske, vrbske i ru\u0161\u010di\u010dke \u017ertve 1935. &#8211; 2025.\u201c<\/a><\/blockquote><iframe loading=\"lazy\" class=\"wp-embedded-content\" sandbox=\"allow-scripts\" security=\"restricted\" style=\"position: absolute; visibility: hidden;\" title=\"&#8220;Izlo\u017eba \u201e&#8217;Jablani \u0161ap\u0107u elegiju&#8217;. Sibinjske, vrbske i ru\u0161\u010di\u010dke \u017ertve 1935. &#8211; 2025.\u201c&#8221; &#8212; Hrvatski institut za povijest\" src=\"https:\/\/hipsb.hr\/izlozba-jablani-sapcu-elegiju-sibinjske-vrbske-i-ruscicke-zrtve-1935-2025\/embed\/#?secret=GuFZc7hdRl\" data-secret=\"GuFZc7hdRl\" width=\"600\" height=\"338\" frameborder=\"0\" marginwidth=\"0\" marginheight=\"0\" scrolling=\"no\"><\/iframe>\n<\/div><\/figure>\n\n\n\n<hr class=\"wp-block-separator has-alpha-channel-opacity\"\/>\n","protected":false},"excerpt":{"rendered":"","protected":false},"author":2,"featured_media":44874,"comment_status":"open","ping_status":"open","sticky":false,"template":"","format":"standard","meta":{"_acf_changed":false,"jetpack_post_was_ever_published":false,"_jetpack_newsletter_access":"","_jetpack_dont_email_post_to_subs":false,"_jetpack_newsletter_tier_id":0,"_jetpack_memberships_contains_paywalled_content":false,"_jetpack_memberships_contains_paid_content":false,"footnotes":"","jetpack_publicize_message":"","jetpack_publicize_feature_enabled":true,"jetpack_social_post_already_shared":true,"jetpack_social_options":{"image_generator_settings":{"template":"highway","default_image_id":0,"font":"","enabled":false},"version":2}},"categories":[10,3],"tags":[],"class_list":["post-44873","post","type-post","status-publish","format-standard","has-post-thumbnail","hentry","category-izlozbe","category-novosti"],"acf":{"facebook_opis":""},"jetpack_publicize_connections":[],"jetpack_featured_media_url":"https:\/\/i0.wp.com\/historiografija.hr\/wp-content\/uploads\/2025\/02\/Jablani-sapcu-elegiju.png?fit=500%2C1000&ssl=1","jetpack_sharing_enabled":true,"jetpack-related-posts":[],"_links":{"self":[{"href":"https:\/\/historiografija.hr\/index.php?rest_route=\/wp\/v2\/posts\/44873","targetHints":{"allow":["GET"]}}],"collection":[{"href":"https:\/\/historiografija.hr\/index.php?rest_route=\/wp\/v2\/posts"}],"about":[{"href":"https:\/\/historiografija.hr\/index.php?rest_route=\/wp\/v2\/types\/post"}],"author":[{"embeddable":true,"href":"https:\/\/historiografija.hr\/index.php?rest_route=\/wp\/v2\/users\/2"}],"replies":[{"embeddable":true,"href":"https:\/\/historiografija.hr\/index.php?rest_route=%2Fwp%2Fv2%2Fcomments&post=44873"}],"version-history":[{"count":1,"href":"https:\/\/historiografija.hr\/index.php?rest_route=\/wp\/v2\/posts\/44873\/revisions"}],"predecessor-version":[{"id":44875,"href":"https:\/\/historiografija.hr\/index.php?rest_route=\/wp\/v2\/posts\/44873\/revisions\/44875"}],"wp:featuredmedia":[{"embeddable":true,"href":"https:\/\/historiografija.hr\/index.php?rest_route=\/wp\/v2\/media\/44874"}],"wp:attachment":[{"href":"https:\/\/historiografija.hr\/index.php?rest_route=%2Fwp%2Fv2%2Fmedia&parent=44873"}],"wp:term":[{"taxonomy":"category","embeddable":true,"href":"https:\/\/historiografija.hr\/index.php?rest_route=%2Fwp%2Fv2%2Fcategories&post=44873"},{"taxonomy":"post_tag","embeddable":true,"href":"https:\/\/historiografija.hr\/index.php?rest_route=%2Fwp%2Fv2%2Ftags&post=44873"}],"curies":[{"name":"wp","href":"https:\/\/api.w.org\/{rel}","templated":true}]}}