{"id":44864,"date":"2025-02-17T23:03:50","date_gmt":"2025-02-17T23:03:50","guid":{"rendered":"https:\/\/historiografija.hr\/?p=44864"},"modified":"2025-02-17T23:03:50","modified_gmt":"2025-02-17T23:03:50","slug":"izlozba-fotografija-riznica-duha-jugoistocnog-jadrana","status":"publish","type":"post","link":"https:\/\/historiografija.hr\/?p=44864","title":{"rendered":"Izlo\u017eba fotografija RIZNICA DUHA JUGOISTO\u010cNOG JADRANA"},"content":{"rendered":"\n<p>Hrvatski pomorski muzej Split,<\/p>\n\n\n\n<p>Hrvatska bratov\u0161tina \u201cBokeljska mornarica 809\u201d Split<\/p>\n\n\n\n<p>i<\/p>\n\n\n\n<p>Hrvatska matica iseljenika \u2013 podru\u017enica Split<\/p>\n\n\n\n<p>sa zadovoljstvom Vas pozivaju na otvorenje izlo\u017ebe fotografija<\/p>\n\n\n\n<p><strong>RIZNICA DUHA JUGOISTO\u010cNOG JADRANA<\/strong><\/p>\n\n\n\n<p><strong>autora<\/strong> <strong>Dra\u017eena Zeti\u0107a<\/strong><\/p>\n\n\n\n<p>u&nbsp;<strong>petak, 21. velja\u010de<\/strong>&nbsp;2025. godine u&nbsp;<strong>19:00 sati<\/strong><\/p>\n\n\n\n<p><strong>u Hrvatskom pomorskom muzeju Split<\/strong>, Tvr\u0111ava Gripe<\/p>\n\n\n\n<p>Prigodnu rije\u010d na otvorenju odr\u017eati \u0107e&nbsp;<strong>prof. dr. sc. Roko Mi\u0161eti\u0107<\/strong><\/p>\n\n\n\n<p>Izlo\u017eba je dio manifestacije\u00a0<strong><em>Dani Boke u Splitu<\/em><\/strong>, a u glazbenom dijelu programa nastupiti \u0107e mu\u0161ka klapa\u00a0<strong><em>Filip Devi\u0107<\/em><\/strong><\/p>\n\n\n\n<p><strong><em>Radujemo se Va\u0161em dolasku!<\/em><\/strong><\/p>\n\n\n\n<hr class=\"wp-block-separator has-alpha-channel-opacity\"\/>\n","protected":false},"excerpt":{"rendered":"","protected":false},"author":2,"featured_media":44865,"comment_status":"open","ping_status":"open","sticky":false,"template":"","format":"standard","meta":{"_acf_changed":false,"jetpack_post_was_ever_published":false,"_jetpack_newsletter_access":"","_jetpack_dont_email_post_to_subs":false,"_jetpack_newsletter_tier_id":0,"_jetpack_memberships_contains_paywalled_content":false,"_jetpack_memberships_contains_paid_content":false,"footnotes":"","jetpack_publicize_message":"","jetpack_publicize_feature_enabled":true,"jetpack_social_post_already_shared":true,"jetpack_social_options":{"image_generator_settings":{"template":"highway","default_image_id":0,"font":"","enabled":false},"version":2}},"categories":[10,3],"tags":[],"class_list":["post-44864","post","type-post","status-publish","format-standard","has-post-thumbnail","hentry","category-izlozbe","category-novosti"],"acf":{"facebook_opis":""},"jetpack_publicize_connections":[],"jetpack_featured_media_url":"https:\/\/i0.wp.com\/historiografija.hr\/wp-content\/uploads\/2025\/02\/Izlozba-Zetic-pozivnica.jpg?fit=283%2C567&ssl=1","jetpack_sharing_enabled":true,"jetpack-related-posts":[],"_links":{"self":[{"href":"https:\/\/historiografija.hr\/index.php?rest_route=\/wp\/v2\/posts\/44864","targetHints":{"allow":["GET"]}}],"collection":[{"href":"https:\/\/historiografija.hr\/index.php?rest_route=\/wp\/v2\/posts"}],"about":[{"href":"https:\/\/historiografija.hr\/index.php?rest_route=\/wp\/v2\/types\/post"}],"author":[{"embeddable":true,"href":"https:\/\/historiografija.hr\/index.php?rest_route=\/wp\/v2\/users\/2"}],"replies":[{"embeddable":true,"href":"https:\/\/historiografija.hr\/index.php?rest_route=%2Fwp%2Fv2%2Fcomments&post=44864"}],"version-history":[{"count":1,"href":"https:\/\/historiografija.hr\/index.php?rest_route=\/wp\/v2\/posts\/44864\/revisions"}],"predecessor-version":[{"id":44866,"href":"https:\/\/historiografija.hr\/index.php?rest_route=\/wp\/v2\/posts\/44864\/revisions\/44866"}],"wp:featuredmedia":[{"embeddable":true,"href":"https:\/\/historiografija.hr\/index.php?rest_route=\/wp\/v2\/media\/44865"}],"wp:attachment":[{"href":"https:\/\/historiografija.hr\/index.php?rest_route=%2Fwp%2Fv2%2Fmedia&parent=44864"}],"wp:term":[{"taxonomy":"category","embeddable":true,"href":"https:\/\/historiografija.hr\/index.php?rest_route=%2Fwp%2Fv2%2Fcategories&post=44864"},{"taxonomy":"post_tag","embeddable":true,"href":"https:\/\/historiografija.hr\/index.php?rest_route=%2Fwp%2Fv2%2Ftags&post=44864"}],"curies":[{"name":"wp","href":"https:\/\/api.w.org\/{rel}","templated":true}]}}