{"id":44860,"date":"2025-02-17T22:58:38","date_gmt":"2025-02-17T22:58:38","guid":{"rendered":"https:\/\/historiografija.hr\/?p=44860"},"modified":"2025-02-17T22:59:56","modified_gmt":"2025-02-17T22:59:56","slug":"predavanje-junaci-glagoljaskog-doba-povodom-dana-hrvatske-glagoljice-i-glagoljastva","status":"publish","type":"post","link":"https:\/\/historiografija.hr\/?p=44860","title":{"rendered":"Predavanje &#8220;Junaci glagolja\u0161kog doba&#8221; povodom Dana hrvatske glagoljice i glagolja\u0161tva"},"content":{"rendered":"\n<p>Povodom Dana hrvatske glagoljice i glagolja\u0161tva 2025. u \u010detvrtak, 20. velja\u010de 2025. u 18.00 sati, u dvorani izlo\u017ebe Glagoljica (Dolac 1) u Sveu\u010dili\u0161noj knji\u017enici u Rijeci znanstvenica iz Staroslavenskog instituta u Zagrebu dr. sc. Ana \u0160imi\u0107 odr\u017eat \u0107e predavanje JUNACI GLAGOLJA\u0160KOG DOBA.<\/p>\n\n\n\n<p>U ovom \u0107e se popularnoznanstvenom izlaganju pozornost usmjeriti na pojedince koji su stvarali vi\u0161e od tisu\u0107lje\u0107a dugu povijest hrvatskoga glagolja\u0161tva.<\/p>\n\n\n\n<p>Predstavit \u0107e se najve\u0107i dometi, izazovi i zanimljivosti glagolja\u0161ke povijesti, a spomenut \u0107e se i neki netipi\u010dni glagolja\u0161i, tj. pojedinci koji nisu glagolja\u0161i u temeljnom zna\u010denju te rije\u010di, ali jesu zastupnici glagolja\u0161kih vrijednosti i nositelji glagolja\u0161koga duha.<\/p>\n\n\n\n<p>Ovogodi\u0161nji se dan obilje\u017eava u godini velike obljetnice hrvatskoga glagolja\u0161tva &#8211; 11. stolje\u0107a hrvatskog glagolja\u0161tva 925.-2025.<\/p>\n\n\n\n<p>Dan hrvatske glagoljice i glagolja\u0161tva&nbsp;proglasio&nbsp;je Hrvatski sabor&nbsp;na inicijativu&nbsp;Instituta za hrvatski jezik i jezikoslovlje, koji je 22. velja\u010de odabrao kao spomen na dan kada je&nbsp;1483.&nbsp;godine tiskana prva hrvatska knjiga \u2013&nbsp;Misal po zakonu rimskoga dvora.&nbsp;Dan&nbsp;hrvatske glagoljice&nbsp;i glagolja\u0161tva obilje\u017eava se od 2019. godine.<\/p>\n\n\n\n<hr class=\"wp-block-separator has-alpha-channel-opacity\"\/>\n\n\n\n<p>Izvor i dodatne obavijesti:<\/p>\n\n\n\n<figure class=\"wp-block-embed is-type-wp-embed is-provider-uniri wp-block-embed-uniri\"><div class=\"wp-block-embed__wrapper\">\n<blockquote class=\"wp-embedded-content\" data-secret=\"NlLwoyhJ6C\"><a href=\"https:\/\/uniri.hr\/dogadaj\/predavanje-junaci-glagoljaskog-doba\/\">Predavanje &#8221;Junaci glagolja\u0161kog doba&#8221;<\/a><\/blockquote><iframe loading=\"lazy\" class=\"wp-embedded-content\" sandbox=\"allow-scripts\" security=\"restricted\" style=\"position: absolute; visibility: hidden;\" title=\"&#8220;Predavanje &#8221;Junaci glagolja\u0161kog doba&#8221;&#8221; &#8212; UNIRI\" src=\"https:\/\/uniri.hr\/dogadaj\/predavanje-junaci-glagoljaskog-doba\/embed\/#?secret=8UPwvcZfPj#?secret=NlLwoyhJ6C\" data-secret=\"NlLwoyhJ6C\" width=\"600\" height=\"338\" frameborder=\"0\" marginwidth=\"0\" marginheight=\"0\" scrolling=\"no\"><\/iframe>\n<\/div><\/figure>\n\n\n\n<hr class=\"wp-block-separator has-alpha-channel-opacity\"\/>\n","protected":false},"excerpt":{"rendered":"","protected":false},"author":2,"featured_media":44861,"comment_status":"open","ping_status":"open","sticky":false,"template":"","format":"standard","meta":{"_acf_changed":false,"jetpack_post_was_ever_published":false,"_jetpack_newsletter_access":"","_jetpack_dont_email_post_to_subs":false,"_jetpack_newsletter_tier_id":0,"_jetpack_memberships_contains_paywalled_content":false,"_jetpack_memberships_contains_paid_content":false,"footnotes":"","jetpack_publicize_message":"","jetpack_publicize_feature_enabled":true,"jetpack_social_post_already_shared":true,"jetpack_social_options":{"image_generator_settings":{"template":"highway","default_image_id":0,"font":"","enabled":false},"version":2}},"categories":[3],"tags":[],"class_list":["post-44860","post","type-post","status-publish","format-standard","has-post-thumbnail","hentry","category-novosti"],"acf":{"facebook_opis":""},"jetpack_publicize_connections":[],"jetpack_featured_media_url":"https:\/\/i0.wp.com\/historiografija.hr\/wp-content\/uploads\/2025\/02\/Pozivnica.png?fit=1080%2C1080&ssl=1","jetpack_sharing_enabled":true,"jetpack-related-posts":[],"_links":{"self":[{"href":"https:\/\/historiografija.hr\/index.php?rest_route=\/wp\/v2\/posts\/44860","targetHints":{"allow":["GET"]}}],"collection":[{"href":"https:\/\/historiografija.hr\/index.php?rest_route=\/wp\/v2\/posts"}],"about":[{"href":"https:\/\/historiografija.hr\/index.php?rest_route=\/wp\/v2\/types\/post"}],"author":[{"embeddable":true,"href":"https:\/\/historiografija.hr\/index.php?rest_route=\/wp\/v2\/users\/2"}],"replies":[{"embeddable":true,"href":"https:\/\/historiografija.hr\/index.php?rest_route=%2Fwp%2Fv2%2Fcomments&post=44860"}],"version-history":[{"count":2,"href":"https:\/\/historiografija.hr\/index.php?rest_route=\/wp\/v2\/posts\/44860\/revisions"}],"predecessor-version":[{"id":44863,"href":"https:\/\/historiografija.hr\/index.php?rest_route=\/wp\/v2\/posts\/44860\/revisions\/44863"}],"wp:featuredmedia":[{"embeddable":true,"href":"https:\/\/historiografija.hr\/index.php?rest_route=\/wp\/v2\/media\/44861"}],"wp:attachment":[{"href":"https:\/\/historiografija.hr\/index.php?rest_route=%2Fwp%2Fv2%2Fmedia&parent=44860"}],"wp:term":[{"taxonomy":"category","embeddable":true,"href":"https:\/\/historiografija.hr\/index.php?rest_route=%2Fwp%2Fv2%2Fcategories&post=44860"},{"taxonomy":"post_tag","embeddable":true,"href":"https:\/\/historiografija.hr\/index.php?rest_route=%2Fwp%2Fv2%2Ftags&post=44860"}],"curies":[{"name":"wp","href":"https:\/\/api.w.org\/{rel}","templated":true}]}}