{"id":44852,"date":"2025-02-14T23:55:02","date_gmt":"2025-02-14T23:55:02","guid":{"rendered":"https:\/\/historiografija.hr\/?p=44852"},"modified":"2025-02-14T23:55:02","modified_gmt":"2025-02-14T23:55:02","slug":"tribina-thompson-uber-alles","status":"publish","type":"post","link":"https:\/\/historiografija.hr\/?p=44852","title":{"rendered":"Tribina \u201eThompson \u00fcber alles\u201c"},"content":{"rendered":"\n<p>Tribina u organizaciji Srpskog privrednog dru\u0161tva Privrednik i Vije\u0107a srpske nacionalne manjine Grada Zagreba pod nazivom \u201eThompson uber alles\u201c odr\u017eat \u0107e se u utorak, 18. februara s po\u010detkom u 18 sati na prvom katu Privrednikovog doma<\/p>\n\n\n\n<p>Borac za ljudska prava<strong> Zoran Pusi\u0107<\/strong> usprotivio se gostovanju pjeva\u010da <strong>Marka Perkovi\u0107a Thompsona<\/strong> na do\u010deku svjetskih rukometnih doprvaka, a pjeva\u010dica <strong>Remi Priselac<\/strong> pozvala je na bojkot glazbene nagrade Porin, jer je Thompsonov hit \u201eAko ne zna\u0161 \u0161to je bilo\u201d nominirana za hit godine. Koli\u010dina prijetnji i uvreda ljubitelja Thompsona koja je nakon toga usmjerena prema Pusi\u0107 i Priselac dovela je do toga da je pjeva\u010dica prijetnje prijavila policiji i do okon\u010danja istrage ne\u0107e javno istupati. Istovremeno je povjesni\u010daru <strong>Hrvoju Klasi\u0107u<\/strong> otkazan nastup na promociji knjige o partizanima u Vodicama. Ako vas zanima je li u Hrvatskoj dozvoljeno ne voljeti muzi\u010dka ostvarenja Marka Perkovi\u0107a, je li dozvoljeno protiviti se nastupima pjeva\u010da koji jednu od najpoznatijih uspje\u0161nica po\u010dinje usta\u0161kim pozdravom, je li dozvoljeno javno govoriti o partizanima i je li zaista \u201elo\u0161a bila 45.\u201d, do\u0111ite na novu Privrednikovu tribinu.<\/p>\n\n\n\n<p>Osim Thompsona i partizana, govorit \u0107emo i o protestima u Srbiji, a osvrnut \u0107emo se i na <strong>Donalda Trampa<\/strong>. Na tribini \u0107e govoriti: Hrvoje Klasi\u0107, povjesni\u010dar, <strong>Nino Raspudi\u0107<\/strong>, saborski zastupnik i Zoran Pusi\u0107, gra\u0111anski aktivist. Razgovor \u0107e moderirati novinar <strong>Sa\u0161a Kosanovi\u0107<\/strong>.<\/p>\n\n\n\n<p>Tribina u organizaciji Srpskog privrednog dru\u0161tva Privrednik i Vije\u0107a srpske nacionalne manjine Grada Zagreba pod nazivom \u201eThompson \u00fcber alles\u201c odr\u017eat \u0107e se u utorak, 18. februara s po\u010detkom u 18 sati na prvom katu Privrednikovog doma (Preradovi\u0107eva 18, Zagreb).<\/p>\n\n\n\n<hr class=\"wp-block-separator has-alpha-channel-opacity\"\/>\n\n\n\n<p>Izvor:<\/p>\n\n\n\n<figure class=\"wp-block-embed is-type-wp-embed is-provider-p-portal wp-block-embed-p-portal\"><div class=\"wp-block-embed__wrapper\">\n<blockquote class=\"wp-embedded-content\" data-secret=\"pEHSRIrNBp\"><a href=\"https:\/\/p-portal.net\/tribina-thompson-uber-alles\">Tribina: Thompson \u00fcber alles<\/a><\/blockquote><iframe loading=\"lazy\" class=\"wp-embedded-content\" sandbox=\"allow-scripts\" security=\"restricted\" style=\"position: absolute; visibility: hidden;\" title=\"&#8220;Tribina: Thompson \u00fcber alles&#8221; &#8212; P-portal\" src=\"https:\/\/p-portal.net\/tribina-thompson-uber-alles\/embed#?secret=kaCkCWYTYj#?secret=pEHSRIrNBp\" data-secret=\"pEHSRIrNBp\" width=\"600\" height=\"338\" frameborder=\"0\" marginwidth=\"0\" marginheight=\"0\" scrolling=\"no\"><\/iframe>\n<\/div><\/figure>\n\n\n\n<hr class=\"wp-block-separator has-alpha-channel-opacity\"\/>\n\n\n\n<p><strong>Prethodni komentari povjesni\u010dara i povjesni\u010darki:<\/strong><\/p>\n\n\n\n<p><a href=\"https:\/\/www.jutarnji.hr\/vijesti\/hrvatska\/zbog-vucica-i-dodika-hrvatskoj-prijeti-katastrofa-thompson-na-hipodromu-moze-ali-pod-jednim-uvjetom-15552633\">https:\/\/www.jutarnji.hr\/vijesti\/hrvatska\/zbog-vucica-i-dodika-hrvatskoj-prijeti-katastrofa-thompson-na-hipodromu-moze-ali-pod-jednim-uvjetom-15552633<\/a><\/p>\n\n\n\n<p><a href=\"https:\/\/direktno.hr\/domovina\/klasic-o-thompsonovu-nastupu-na-hipodromu-dopustio-bih-mu-to-ali-mora-snositi-posljedice-364933\">https:\/\/direktno.hr\/domovina\/klasic-o-thompsonovu-nastupu-na-hipodromu-dopustio-bih-mu-to-ali-mora-snositi-posljedice-364933<\/a><\/p>\n\n\n\n<p><a href=\"https:\/\/www.yihr.hr\/hr\/generacija-sada-ako-ne-znas-sto-je-bilo-ili-o-ne-suocavanju-s-prosloscu\">https:\/\/www.yihr.hr\/hr\/generacija-sada-ako-ne-znas-sto-je-bilo-ili-o-ne-suocavanju-s-prosloscu<\/a><\/p>\n\n\n\n<p><a href=\"https:\/\/narod.hr\/hrvatska\/povjesnicarka-vukelic-thompson-je-simbol-otpora-ljudima-poput-antifasiste-pusica\">https:\/\/narod.hr\/hrvatska\/povjesnicarka-vukelic-thompson-je-simbol-otpora-ljudima-poput-antifasiste-pusica<\/a><\/p>\n\n\n\n<p><a href=\"https:\/\/direktno.hr\/domovina\/povjesnicarka-kritizirala-hrt-skandalozno-je-da-daju-prostor-antihrvatskim-stavovima-364727\">https:\/\/direktno.hr\/domovina\/povjesnicarka-kritizirala-hrt-skandalozno-je-da-daju-prostor-antihrvatskim-stavovima-364727<\/a><\/p>\n\n\n\n<p><a href=\"https:\/\/direktno.hr\/domovina\/povjesnicarka-odgovorila-pusicu-cinjenica-jest-da-thompson-simbol-ne-ustastva-364408\">https:\/\/direktno.hr\/domovina\/povjesnicarka-odgovorila-pusicu-cinjenica-jest-da-thompson-simbol-ne-ustastva-364408<\/a><\/p>\n\n\n\n<p><a href=\"https:\/\/narod.hr\/vjera-i-kultura\/povjesnicar-dr-ivan-mance-hvala-thompsonu-za-promociju-teske-i-ponosne-hrvatske-povijesti\">https:\/\/narod.hr\/vjera-i-kultura\/povjesnicar-dr-ivan-mance-hvala-thompsonu-za-promociju-teske-i-ponosne-hrvatske-povijesti<\/a><\/p>\n\n\n\n<hr class=\"wp-block-separator has-alpha-channel-opacity\"\/>\n","protected":false},"excerpt":{"rendered":"","protected":false},"author":2,"featured_media":4918,"comment_status":"open","ping_status":"open","sticky":false,"template":"","format":"standard","meta":{"_acf_changed":false,"jetpack_post_was_ever_published":false,"_jetpack_newsletter_access":"","_jetpack_dont_email_post_to_subs":false,"_jetpack_newsletter_tier_id":0,"_jetpack_memberships_contains_paywalled_content":false,"_jetpack_memberships_contains_paid_content":false,"footnotes":"","jetpack_publicize_message":"","jetpack_publicize_feature_enabled":true,"jetpack_social_post_already_shared":true,"jetpack_social_options":{"image_generator_settings":{"template":"highway","default_image_id":0,"font":"","enabled":false},"version":2}},"categories":[3,17],"tags":[],"class_list":["post-44852","post","type-post","status-publish","format-standard","has-post-thumbnail","hentry","category-novosti","category-rasprave"],"acf":{"facebook_opis":""},"jetpack_publicize_connections":[],"jetpack_featured_media_url":"https:\/\/i0.wp.com\/historiografija.hr\/wp-content\/uploads\/2017\/06\/Privrednik-antifa.jpg?fit=671%2C400&ssl=1","jetpack_sharing_enabled":true,"jetpack-related-posts":[],"_links":{"self":[{"href":"https:\/\/historiografija.hr\/index.php?rest_route=\/wp\/v2\/posts\/44852","targetHints":{"allow":["GET"]}}],"collection":[{"href":"https:\/\/historiografija.hr\/index.php?rest_route=\/wp\/v2\/posts"}],"about":[{"href":"https:\/\/historiografija.hr\/index.php?rest_route=\/wp\/v2\/types\/post"}],"author":[{"embeddable":true,"href":"https:\/\/historiografija.hr\/index.php?rest_route=\/wp\/v2\/users\/2"}],"replies":[{"embeddable":true,"href":"https:\/\/historiografija.hr\/index.php?rest_route=%2Fwp%2Fv2%2Fcomments&post=44852"}],"version-history":[{"count":1,"href":"https:\/\/historiografija.hr\/index.php?rest_route=\/wp\/v2\/posts\/44852\/revisions"}],"predecessor-version":[{"id":44853,"href":"https:\/\/historiografija.hr\/index.php?rest_route=\/wp\/v2\/posts\/44852\/revisions\/44853"}],"wp:featuredmedia":[{"embeddable":true,"href":"https:\/\/historiografija.hr\/index.php?rest_route=\/wp\/v2\/media\/4918"}],"wp:attachment":[{"href":"https:\/\/historiografija.hr\/index.php?rest_route=%2Fwp%2Fv2%2Fmedia&parent=44852"}],"wp:term":[{"taxonomy":"category","embeddable":true,"href":"https:\/\/historiografija.hr\/index.php?rest_route=%2Fwp%2Fv2%2Fcategories&post=44852"},{"taxonomy":"post_tag","embeddable":true,"href":"https:\/\/historiografija.hr\/index.php?rest_route=%2Fwp%2Fv2%2Ftags&post=44852"}],"curies":[{"name":"wp","href":"https:\/\/api.w.org\/{rel}","templated":true}]}}