{"id":44847,"date":"2025-02-14T23:43:14","date_gmt":"2025-02-14T23:43:14","guid":{"rendered":"https:\/\/historiografija.hr\/?p=44847"},"modified":"2025-02-14T23:45:51","modified_gmt":"2025-02-14T23:45:51","slug":"medijski-odjeci-otkazivanja-sudjelovanja-hrvoja-klasica-na-promociji-knjige-u-vodicama","status":"publish","type":"post","link":"https:\/\/historiografija.hr\/?p=44847","title":{"rendered":"Medijski odjeci otkazivanja sudjelovanja Hrvoja Klasi\u0107a na promociji knjige u Vodicama"},"content":{"rendered":"\n<p>U nastavku donosimo medijske odjeke slu\u010daja otkazivanja sudjelovanja povjesni\u010dara Hrvoja Klasi\u0107a na promociji knjige Vitomira Gradi\u0161ke \u201ePrimorska \u010deta\u201c odr\u017eane 6. velja\u010de 2025. u Kulturnom centru Vodice.<\/p>\n\n\n\n<hr class=\"wp-block-separator has-alpha-channel-opacity\"\/>\n\n\n\n<p>Op\u0161irnije:<\/p>\n\n\n\n<p><a href=\"https:\/\/www.grad-vodice.hr\/dogadanja\/2025\/predstavljanje-knjige-primorska-ceta-i-otvorenje-izlozbe-vodice-u-ii-svjetkom-ratu\">https:\/\/www.grad-vodice.hr\/dogadanja\/2025\/predstavljanje-knjige-primorska-ceta-i-otvorenje-izlozbe-vodice-u-ii-svjetkom-ratu<\/a><\/p>\n\n\n\n<p><a href=\"https:\/\/sibenski.slobodnadalmacija.hr\/sibenik\/vijesti\/zupanija\/povjesnicaru-hrvoju-klasicu-otkazano-gostovanje-u-vodicama-zbog-negodovanja-branitelja-ovo-je-kukavicki-1452466\">https:\/\/sibenski.slobodnadalmacija.hr\/sibenik\/vijesti\/zupanija\/povjesnicaru-hrvoju-klasicu-otkazano-gostovanje-u-vodicama-zbog-negodovanja-branitelja-ovo-je-kukavicki-1452466<\/a><\/p>\n\n\n\n<figure class=\"wp-block-embed is-type-wp-embed is-provider-nacional-hr wp-block-embed-nacional-hr\"><div class=\"wp-block-embed__wrapper\">\n<blockquote class=\"wp-embedded-content\" data-secret=\"w1mhlbMtV2\"><a href=\"https:\/\/www.nacional.hr\/knjiga-o-partizanima-klasicu-zbog-komentara-na-fejsu-otkazali-gostovanje-u-vodicama-nevjerojatno-zaprepasten-sam\/\">KNJIGA O PARTIZANIMA Klasi\u0107u, zbog komentara na Fejsu, otkazali gostovanje u Vodicama: &#8216;Nevjerojatno, zaprepa\u0161ten sam&#8217;<\/a><\/blockquote><iframe loading=\"lazy\" class=\"wp-embedded-content\" sandbox=\"allow-scripts\" security=\"restricted\" style=\"position: absolute; visibility: hidden;\" title=\"&#8220;KNJIGA O PARTIZANIMA Klasi\u0107u, zbog komentara na Fejsu, otkazali gostovanje u Vodicama: &#8216;Nevjerojatno, zaprepa\u0161ten sam&#8217;&#8221; &#8212; NACIONAL.HR\" src=\"https:\/\/www.nacional.hr\/knjiga-o-partizanima-klasicu-zbog-komentara-na-fejsu-otkazali-gostovanje-u-vodicama-nevjerojatno-zaprepasten-sam\/embed\/#?secret=TAyR6jnYDd#?secret=w1mhlbMtV2\" data-secret=\"w1mhlbMtV2\" width=\"600\" height=\"338\" frameborder=\"0\" marginwidth=\"0\" marginheight=\"0\" scrolling=\"no\"><\/iframe>\n<\/div><\/figure>\n\n\n\n<p><a href=\"https:\/\/www.24sata.hr\/news\/povjesnicaru-hrvoju-klasicu-su-zabranili-dolazak-na-promociju-knjige-o-partizanima-iz-vodica-1031830\">https:\/\/www.24sata.hr\/news\/povjesnicaru-hrvoju-klasicu-su-zabranili-dolazak-na-promociju-knjige-o-partizanima-iz-vodica-1031830<\/a><\/p>\n\n\n\n<p><a href=\"https:\/\/www.index.hr\/vijesti\/clanak\/klasic-trebao-govoriti-o-partizanima-otkazali-mu-antifasisti-zbog-komentara-na-fejsu\/2639895.aspx\">https:\/\/www.index.hr\/vijesti\/clanak\/klasic-trebao-govoriti-o-partizanima-otkazali-mu-antifasisti-zbog-komentara-na-fejsu\/2639895.aspx<\/a><\/p>\n\n\n\n<p><a href=\"https:\/\/balkans.aljazeera.net\/teme\/2025\/2\/8\/nepozeljni-klasic-nije-problem-knjiga-nego-moji-stavovi-o-proslosti\">https:\/\/balkans.aljazeera.net\/teme\/2025\/2\/8\/nepozeljni-klasic-nije-problem-knjiga-nego-moji-stavovi-o-proslosti<\/a><\/p>\n\n\n\n<figure class=\"wp-block-embed is-type-wp-embed is-provider-tris-portal-ibenik wp-block-embed-tris-portal-ibenik\"><div class=\"wp-block-embed__wrapper\">\n<blockquote class=\"wp-embedded-content\" data-secret=\"hzK7EDERwc\"><a href=\"https:\/\/tris.com.hr\/2025\/02\/zasto-je-prof-hrvoje-klasic-zabranjen-u-vodicama-zbog-oportunizma-i-straha-pred-onima-koji-se-iz-primitivizma-i-neznanja-odricu-i-vlastitih-predaka\/\">Za\u0161to je prof.Hrvoje Klasi\u0107 &#8220;zabranjen&#8221; u Vodicama? Zbog oportunizma i straha pred onima koji se iz primitivizma i neznanja odri\u010du i vlastitih predaka&#8230;<\/a><\/blockquote><iframe loading=\"lazy\" class=\"wp-embedded-content\" sandbox=\"allow-scripts\" security=\"restricted\" style=\"position: absolute; visibility: hidden;\" title=\"&#8220;Za\u0161to je prof.Hrvoje Klasi\u0107 &#8220;zabranjen&#8221; u Vodicama? Zbog oportunizma i straha pred onima koji se iz primitivizma i neznanja odri\u010du i vlastitih predaka&#8230;&#8221; &#8212; TRIS portal - \u0160ibenik\" src=\"https:\/\/tris.com.hr\/2025\/02\/zasto-je-prof-hrvoje-klasic-zabranjen-u-vodicama-zbog-oportunizma-i-straha-pred-onima-koji-se-iz-primitivizma-i-neznanja-odricu-i-vlastitih-predaka\/embed\/#?secret=43XJGnKfd2#?secret=hzK7EDERwc\" data-secret=\"hzK7EDERwc\" width=\"600\" height=\"338\" frameborder=\"0\" marginwidth=\"0\" marginheight=\"0\" scrolling=\"no\"><\/iframe>\n<\/div><\/figure>\n\n\n\n<p><a href=\"https:\/\/historiografija.ba\/clanci-i-polemike\/pozdrav-hrvoju-klasicu\">https:\/\/historiografija.ba\/clanci-i-polemike\/pozdrav-hrvoju-klasicu<\/a><\/p>\n\n\n\n<p><a href=\"https:\/\/www.morski.hr\/marko-vmarko-vucetic-na-predstavljanju-knjige-u-vodicama-nakon-incidenta-svi-oni-koji-kazu-da-je-partizanski-pokret-sramotan-nisu-nista-drugo-nego-svodnici-vlastitih-predaka\">https:\/\/www.morski.hr\/marko-vmarko-vucetic-na-predstavljanju-knjige-u-vodicama-nakon-incidenta-svi-oni-koji-kazu-da-je-partizanski-pokret-sramotan-nisu-nista-drugo-nego-svodnici-vlastitih-predaka<\/a><\/p>\n\n\n\n<p><a href=\"https:\/\/sibenski.slobodnadalmacija.hr\/sibenik\/vijesti\/hrvatska-i-svijet\/pripametni-branitelji-koji-su-zalupili-vrata-povjesnicaru-klasicu-vracaju-hrvatsku-u-komunisticki-mrak-1452969\">https:\/\/sibenski.slobodnadalmacija.hr\/sibenik\/vijesti\/hrvatska-i-svijet\/pripametni-branitelji-koji-su-zalupili-vrata-povjesnicaru-klasicu-vracaju-hrvatsku-u-komunisticki-mrak-1452969<\/a><\/p>\n\n\n\n<p><a href=\"https:\/\/www.telegram.hr\/komentari\/nekoc-ponosno-antifasisticka-dalmacija-popusta-crnoj-desnici-pristojan-svijet-se-povlaci-dok-atmosfera-straha-raste-kao-90-ih\">https:\/\/www.telegram.hr\/komentari\/nekoc-ponosno-antifasisticka-dalmacija-popusta-crnoj-desnici-pristojan-svijet-se-povlaci-dok-atmosfera-straha-raste-kao-90-ih<\/a><\/p>\n\n\n\n<p><a href=\"https:\/\/www.vecernji.hr\/vijesti\/kakva-je-razlika-izmedu-remi-koja-bi-zabranila-thompsona-i-branitelja-koji-brane-klasica-nikakva-propagatori-su-jednoumlja-1836589\">https:\/\/www.vecernji.hr\/vijesti\/kakva-je-razlika-izmedu-remi-koja-bi-zabranila-thompsona-i-branitelja-koji-brane-klasica-nikakva-propagatori-su-jednoumlja-1836589<\/a><\/p>\n\n\n\n<p><a href=\"https:\/\/www.jutarnji.hr\/vijesti\/hrvatska\/zbog-vucica-i-dodika-hrvatskoj-prijeti-katastrofa-thompson-na-hipodromu-moze-ali-pod-jednim-uvjetom-15552633\">https:\/\/www.jutarnji.hr\/vijesti\/hrvatska\/zbog-vucica-i-dodika-hrvatskoj-prijeti-katastrofa-thompson-na-hipodromu-moze-ali-pod-jednim-uvjetom-15552633<\/a><\/p>\n\n\n\n<figure class=\"wp-block-embed is-type-video is-provider-youtube wp-block-embed-youtube wp-embed-aspect-16-9 wp-has-aspect-ratio\"><div class=\"wp-block-embed__wrapper\">\n<span class=\"embed-youtube\" style=\"text-align:center; display: block;\"><iframe loading=\"lazy\" class=\"youtube-player\" width=\"860\" height=\"484\" src=\"https:\/\/www.youtube.com\/embed\/dqBc3iT0dHg?version=3&#038;rel=1&#038;showsearch=0&#038;showinfo=1&#038;iv_load_policy=1&#038;fs=1&#038;hl=hr&#038;autohide=2&#038;wmode=transparent\" allowfullscreen=\"true\" style=\"border:0;\" sandbox=\"allow-scripts allow-same-origin allow-popups allow-presentation allow-popups-to-escape-sandbox\"><\/iframe><\/span>\n<\/div><\/figure>\n\n\n\n<hr class=\"wp-block-separator has-alpha-channel-opacity\"\/>\n","protected":false},"excerpt":{"rendered":"","protected":false},"author":2,"featured_media":44848,"comment_status":"open","ping_status":"open","sticky":false,"template":"","format":"standard","meta":{"_acf_changed":false,"jetpack_post_was_ever_published":false,"_jetpack_newsletter_access":"","_jetpack_dont_email_post_to_subs":false,"_jetpack_newsletter_tier_id":0,"_jetpack_memberships_contains_paywalled_content":false,"_jetpack_memberships_contains_paid_content":false,"footnotes":"","jetpack_publicize_message":"","jetpack_publicize_feature_enabled":true,"jetpack_social_post_already_shared":true,"jetpack_social_options":{"image_generator_settings":{"template":"highway","default_image_id":0,"font":"","enabled":false},"version":2}},"categories":[3,17],"tags":[],"class_list":["post-44847","post","type-post","status-publish","format-standard","has-post-thumbnail","hentry","category-novosti","category-rasprave"],"acf":{"facebook_opis":""},"jetpack_publicize_connections":[],"jetpack_featured_media_url":"https:\/\/i0.wp.com\/historiografija.hr\/wp-content\/uploads\/2025\/02\/primorska-ceta-plakat.jpg?fit=846%2C1197&ssl=1","jetpack_sharing_enabled":true,"jetpack-related-posts":[],"_links":{"self":[{"href":"https:\/\/historiografija.hr\/index.php?rest_route=\/wp\/v2\/posts\/44847","targetHints":{"allow":["GET"]}}],"collection":[{"href":"https:\/\/historiografija.hr\/index.php?rest_route=\/wp\/v2\/posts"}],"about":[{"href":"https:\/\/historiografija.hr\/index.php?rest_route=\/wp\/v2\/types\/post"}],"author":[{"embeddable":true,"href":"https:\/\/historiografija.hr\/index.php?rest_route=\/wp\/v2\/users\/2"}],"replies":[{"embeddable":true,"href":"https:\/\/historiografija.hr\/index.php?rest_route=%2Fwp%2Fv2%2Fcomments&post=44847"}],"version-history":[{"count":3,"href":"https:\/\/historiografija.hr\/index.php?rest_route=\/wp\/v2\/posts\/44847\/revisions"}],"predecessor-version":[{"id":44851,"href":"https:\/\/historiografija.hr\/index.php?rest_route=\/wp\/v2\/posts\/44847\/revisions\/44851"}],"wp:featuredmedia":[{"embeddable":true,"href":"https:\/\/historiografija.hr\/index.php?rest_route=\/wp\/v2\/media\/44848"}],"wp:attachment":[{"href":"https:\/\/historiografija.hr\/index.php?rest_route=%2Fwp%2Fv2%2Fmedia&parent=44847"}],"wp:term":[{"taxonomy":"category","embeddable":true,"href":"https:\/\/historiografija.hr\/index.php?rest_route=%2Fwp%2Fv2%2Fcategories&post=44847"},{"taxonomy":"post_tag","embeddable":true,"href":"https:\/\/historiografija.hr\/index.php?rest_route=%2Fwp%2Fv2%2Ftags&post=44847"}],"curies":[{"name":"wp","href":"https:\/\/api.w.org\/{rel}","templated":true}]}}