{"id":44841,"date":"2025-02-14T23:01:03","date_gmt":"2025-02-14T23:01:03","guid":{"rendered":"https:\/\/historiografija.hr\/?p=44841"},"modified":"2025-02-14T23:01:03","modified_gmt":"2025-02-14T23:01:03","slug":"predstavljanje-zbornika-oratio-pro-croatia-govor-za-hrvatsku-500-obljetnica-1522-2022","status":"publish","type":"post","link":"https:\/\/historiografija.hr\/?p=44841","title":{"rendered":"Predstavljanje zbornika &#8220;Oratio pro Croatia \u2013 Govor za Hrvatsku: 500. obljetnica (1522. \u2013 2022.)&#8221;"},"content":{"rendered":"\n<p>Srijeda, 19. velja\u010de 2025. u 18:00 sati, Dvorana Jure Petri\u010devi\u0107a, Ulica Matice hrvatske 2, Strossmayerov trg 4, Zagreb<\/p>\n\n\n\n<hr class=\"wp-block-separator has-alpha-channel-opacity\"\/>\n\n\n\n<p>Zbornik radova uredio je Tomislav Galovi\u0107.<\/p>\n\n\n\n<p>Nakladnici: Arvalis i Matica hrvatska \u2013 Odjel za povijest, Zagreb 2024.<\/p>\n\n\n\n<hr class=\"wp-block-separator has-alpha-channel-opacity\"\/>\n\n\n\n<p>Zbornik \u0107e predstaviti:<\/p>\n\n\n\n<p>Tomislav Galovi\u0107<\/p>\n\n\n\n<p>\u017deljko Holjevac<\/p>\n\n\n\n<p>Tomislav Mati\u0107<\/p>\n\n\n\n<p>Hrvoje Petri\u0107<\/p>\n\n\n\n<hr class=\"wp-block-separator has-alpha-channel-opacity\"\/>\n\n\n\n<p>Izvor:<\/p>\n\n\n\n<p><a href=\"https:\/\/www.matica.hr\/zbivanja\/predstavljanje-zbornika-oratio-pro-croatia-govor-za-hrvatsku-500-obljetnica-1522-2022-4614\">https:\/\/www.matica.hr\/zbivanja\/predstavljanje-zbornika-oratio-pro-croatia-govor-za-hrvatsku-500-obljetnica-1522-2022-4614<\/a><\/p>\n\n\n\n<hr class=\"wp-block-separator has-alpha-channel-opacity\"\/>\n","protected":false},"excerpt":{"rendered":"","protected":false},"author":2,"featured_media":44270,"comment_status":"open","ping_status":"open","sticky":false,"template":"","format":"standard","meta":{"_acf_changed":false,"jetpack_post_was_ever_published":false,"_jetpack_newsletter_access":"","_jetpack_dont_email_post_to_subs":false,"_jetpack_newsletter_tier_id":0,"_jetpack_memberships_contains_paywalled_content":false,"_jetpack_memberships_contains_paid_content":false,"footnotes":"","jetpack_publicize_message":"","jetpack_publicize_feature_enabled":true,"jetpack_social_post_already_shared":true,"jetpack_social_options":{"image_generator_settings":{"template":"highway","default_image_id":0,"font":"","enabled":false},"version":2}},"categories":[3],"tags":[],"class_list":["post-44841","post","type-post","status-publish","format-standard","has-post-thumbnail","hentry","category-novosti"],"acf":{"facebook_opis":""},"jetpack_publicize_connections":[],"jetpack_featured_media_url":"https:\/\/i0.wp.com\/historiografija.hr\/wp-content\/uploads\/2025\/01\/Oratio_pro_Croatia.png?fit=567%2C799&ssl=1","jetpack_sharing_enabled":true,"jetpack-related-posts":[],"_links":{"self":[{"href":"https:\/\/historiografija.hr\/index.php?rest_route=\/wp\/v2\/posts\/44841","targetHints":{"allow":["GET"]}}],"collection":[{"href":"https:\/\/historiografija.hr\/index.php?rest_route=\/wp\/v2\/posts"}],"about":[{"href":"https:\/\/historiografija.hr\/index.php?rest_route=\/wp\/v2\/types\/post"}],"author":[{"embeddable":true,"href":"https:\/\/historiografija.hr\/index.php?rest_route=\/wp\/v2\/users\/2"}],"replies":[{"embeddable":true,"href":"https:\/\/historiografija.hr\/index.php?rest_route=%2Fwp%2Fv2%2Fcomments&post=44841"}],"version-history":[{"count":1,"href":"https:\/\/historiografija.hr\/index.php?rest_route=\/wp\/v2\/posts\/44841\/revisions"}],"predecessor-version":[{"id":44842,"href":"https:\/\/historiografija.hr\/index.php?rest_route=\/wp\/v2\/posts\/44841\/revisions\/44842"}],"wp:featuredmedia":[{"embeddable":true,"href":"https:\/\/historiografija.hr\/index.php?rest_route=\/wp\/v2\/media\/44270"}],"wp:attachment":[{"href":"https:\/\/historiografija.hr\/index.php?rest_route=%2Fwp%2Fv2%2Fmedia&parent=44841"}],"wp:term":[{"taxonomy":"category","embeddable":true,"href":"https:\/\/historiografija.hr\/index.php?rest_route=%2Fwp%2Fv2%2Fcategories&post=44841"},{"taxonomy":"post_tag","embeddable":true,"href":"https:\/\/historiografija.hr\/index.php?rest_route=%2Fwp%2Fv2%2Ftags&post=44841"}],"curies":[{"name":"wp","href":"https:\/\/api.w.org\/{rel}","templated":true}]}}