{"id":44823,"date":"2025-02-13T22:53:56","date_gmt":"2025-02-13T22:53:56","guid":{"rendered":"https:\/\/historiografija.hr\/?p=44823"},"modified":"2025-02-13T22:53:56","modified_gmt":"2025-02-13T22:53:56","slug":"zavrsna-konferencija-projekta-integracija-i-dezintegracija-europske-unije-dinamike-europeizma-i-euroskepticizma-ideu","status":"publish","type":"post","link":"https:\/\/historiografija.hr\/?p=44823","title":{"rendered":"Zavr\u0161na konferencija projekta \u201eIntegracija i dezintegracija Europske unije: Dinamike europeizma i euroskepticizma \u2013 IDEU\u201c"},"content":{"rendered":"\n<p>Zavr\u0161na konferencija projekta \u201e<strong>Integracija i dezintegracija Europske unije: Dinamike europeizma i euroskepticizma \u2013 IDEU<\/strong>\u201c financiranog sredstvima Hrvatske zaklade za znanost odr\u017eana je u \u010detvrtak, 13. velja\u010de 2025. u Ku\u0107i Europe, Ul. Augusta Cesarca 4, Zagreb.<\/p>\n\n\n\n<p>Konferenciju je otvorio <strong>Frank Schimmelfennig<\/strong> (ETH Z\u00fcrich) plenarnim izlaganjem pod naslovom \u201e<strong>Crisis and Boundary Formation in the European Union<\/strong>\u201d. Na konferenciji \u0107e i kroz izlaganja \u010dlanova projekta biti predstavljeni rezultati rada na projektu. Izlaganja \u0107e se odr\u017eati na engleskom jeziku.<\/p>\n\n\n\n<p><a href=\"https:\/\/wwwadmin.idi.hr\/uploads\/IDEU_zavrsna_program_e6c303301f.pdf\" target=\"_blank\" rel=\"noreferrer noopener\">Program<\/a><\/p>\n\n\n\n<hr class=\"wp-block-separator has-alpha-channel-opacity\"\/>\n\n\n\n<p>Izvor:<\/p>\n\n\n\n<p><a href=\"https:\/\/www.idi.hr\/hr\/obavijesti\/lista-obavijesti\/poziv-na-zavrsnu-konferenciju-hrzz-projekta-ideu\">https:\/\/www.idi.hr\/hr\/obavijesti\/lista-obavijesti\/poziv-na-zavrsnu-konferenciju-hrzz-projekta-ideu<\/a><\/p>\n\n\n\n<hr class=\"wp-block-separator has-alpha-channel-opacity\"\/>\n","protected":false},"excerpt":{"rendered":"","protected":false},"author":2,"featured_media":44824,"comment_status":"open","ping_status":"open","sticky":false,"template":"","format":"standard","meta":{"_acf_changed":false,"jetpack_post_was_ever_published":false,"_jetpack_newsletter_access":"","_jetpack_dont_email_post_to_subs":false,"_jetpack_newsletter_tier_id":0,"_jetpack_memberships_contains_paywalled_content":false,"_jetpack_memberships_contains_paid_content":false,"footnotes":"","jetpack_publicize_message":"","jetpack_publicize_feature_enabled":true,"jetpack_social_post_already_shared":true,"jetpack_social_options":{"image_generator_settings":{"template":"highway","default_image_id":0,"font":"","enabled":false},"version":2}},"categories":[3,9],"tags":[],"class_list":["post-44823","post","type-post","status-publish","format-standard","has-post-thumbnail","hentry","category-novosti","category-skupovi"],"acf":{"facebook_opis":""},"jetpack_publicize_connections":[],"jetpack_featured_media_url":"https:\/\/i0.wp.com\/historiografija.hr\/wp-content\/uploads\/2025\/02\/IDEU.jpg?fit=600%2C400&ssl=1","jetpack_sharing_enabled":true,"jetpack-related-posts":[],"_links":{"self":[{"href":"https:\/\/historiografija.hr\/index.php?rest_route=\/wp\/v2\/posts\/44823","targetHints":{"allow":["GET"]}}],"collection":[{"href":"https:\/\/historiografija.hr\/index.php?rest_route=\/wp\/v2\/posts"}],"about":[{"href":"https:\/\/historiografija.hr\/index.php?rest_route=\/wp\/v2\/types\/post"}],"author":[{"embeddable":true,"href":"https:\/\/historiografija.hr\/index.php?rest_route=\/wp\/v2\/users\/2"}],"replies":[{"embeddable":true,"href":"https:\/\/historiografija.hr\/index.php?rest_route=%2Fwp%2Fv2%2Fcomments&post=44823"}],"version-history":[{"count":1,"href":"https:\/\/historiografija.hr\/index.php?rest_route=\/wp\/v2\/posts\/44823\/revisions"}],"predecessor-version":[{"id":44825,"href":"https:\/\/historiografija.hr\/index.php?rest_route=\/wp\/v2\/posts\/44823\/revisions\/44825"}],"wp:featuredmedia":[{"embeddable":true,"href":"https:\/\/historiografija.hr\/index.php?rest_route=\/wp\/v2\/media\/44824"}],"wp:attachment":[{"href":"https:\/\/historiografija.hr\/index.php?rest_route=%2Fwp%2Fv2%2Fmedia&parent=44823"}],"wp:term":[{"taxonomy":"category","embeddable":true,"href":"https:\/\/historiografija.hr\/index.php?rest_route=%2Fwp%2Fv2%2Fcategories&post=44823"},{"taxonomy":"post_tag","embeddable":true,"href":"https:\/\/historiografija.hr\/index.php?rest_route=%2Fwp%2Fv2%2Ftags&post=44823"}],"curies":[{"name":"wp","href":"https:\/\/api.w.org\/{rel}","templated":true}]}}