{"id":44819,"date":"2025-02-13T22:45:05","date_gmt":"2025-02-13T22:45:05","guid":{"rendered":"https:\/\/historiografija.hr\/?p=44819"},"modified":"2025-02-13T22:45:16","modified_gmt":"2025-02-13T22:45:16","slug":"izlozba-juraj-ii-draskovic-500-godina-15-02-30-05-2025","status":"publish","type":"post","link":"https:\/\/historiografija.hr\/?p=44819","title":{"rendered":"IZLO\u017dBA &#8220;JURAJ II. DRA\u0160KOVI\u0106 &#8211; 500 GODINA&#8221; [15.02.- 30.05.2025.]"},"content":{"rendered":"\n<p>S velikim zadovoljstvom pozivamo sve zainteresirane na slu\u017ebeno otvorenje izlo\u017ebe \u201eJuraj II. Dra\u0161kovi\u0107 \u2013 500 godina\u201d koje \u0107e se odr\u017eati u dvorcu Trako\u0161\u0107an, 15. velja\u010de 2025. godine s po\u010detkom u 12 sati.<\/p>\n\n\n\n<p>Izlo\u017eba problematizira uspon Jurja Dra\u0161kovi\u0107a, koji u okrilju kontinuirane vjerne slu\u017ebe Habsburgovcima, na sakralnom i sekularnom nivou, te me\u0111unarodnim anga\u017emanom utire put usponu jedne od najzna\u010dajnijih hrvatskih plemi\u0107kih obitelji, koja \u0107e aktivno djelovati na hrvatskim prostorima sve do Drugog svjetskog rata.<\/p>\n\n\n\n<p>Uz slu\u017ebeno otvorenje izlo\u017ebe planiramo i zanimljiv popratni program.<\/p>\n\n\n\n<hr class=\"wp-block-separator has-alpha-channel-opacity\"\/>\n\n\n\n<p>Izvor:<\/p>\n\n\n\n<figure class=\"wp-block-embed is-type-wp-embed is-provider-dvor-trako-an wp-block-embed-dvor-trako-an\"><div class=\"wp-block-embed__wrapper\">\n<blockquote class=\"wp-embedded-content\" data-secret=\"qib367kJj1\"><a href=\"https:\/\/trakoscan.hr\/2025\/02\/04\/izlozba-juraj-ii-draskovic-500-godina-15-02-2025-30-05-2025\/\">IZLO\u017dBA &#8220;JURAJ II.DRA\u0160KOVI\u0106 &#8211; 500 GODINA&#8221; [15.02.2025.- 30.05.2025.]<\/a><\/blockquote><iframe loading=\"lazy\" class=\"wp-embedded-content\" sandbox=\"allow-scripts\" security=\"restricted\" style=\"position: absolute; visibility: hidden;\" title=\"&#8220;IZLO\u017dBA &#8220;JURAJ II.DRA\u0160KOVI\u0106 &#8211; 500 GODINA&#8221; [15.02.2025.- 30.05.2025.]&#8221; &#8212; Dvor Trako\u0161\u0107an\" src=\"https:\/\/trakoscan.hr\/2025\/02\/04\/izlozba-juraj-ii-draskovic-500-godina-15-02-2025-30-05-2025\/embed\/#?secret=TuCznpgsq0#?secret=qib367kJj1\" data-secret=\"qib367kJj1\" width=\"600\" height=\"338\" frameborder=\"0\" marginwidth=\"0\" marginheight=\"0\" scrolling=\"no\"><\/iframe>\n<\/div><\/figure>\n\n\n\n<hr class=\"wp-block-separator has-alpha-channel-opacity\"\/>\n","protected":false},"excerpt":{"rendered":"","protected":false},"author":2,"featured_media":44820,"comment_status":"open","ping_status":"open","sticky":false,"template":"","format":"standard","meta":{"_acf_changed":false,"jetpack_post_was_ever_published":false,"_jetpack_newsletter_access":"","_jetpack_dont_email_post_to_subs":false,"_jetpack_newsletter_tier_id":0,"_jetpack_memberships_contains_paywalled_content":false,"_jetpack_memberships_contains_paid_content":false,"footnotes":"","jetpack_publicize_message":"","jetpack_publicize_feature_enabled":true,"jetpack_social_post_already_shared":true,"jetpack_social_options":{"image_generator_settings":{"template":"highway","default_image_id":0,"font":"","enabled":false},"version":2}},"categories":[10,3],"tags":[],"class_list":["post-44819","post","type-post","status-publish","format-standard","has-post-thumbnail","hentry","category-izlozbe","category-novosti"],"acf":{"facebook_opis":""},"jetpack_publicize_connections":[],"jetpack_featured_media_url":"https:\/\/i0.wp.com\/historiografija.hr\/wp-content\/uploads\/2025\/02\/Draskovic.jpg?fit=1280%2C603&ssl=1","jetpack_sharing_enabled":true,"jetpack-related-posts":[],"_links":{"self":[{"href":"https:\/\/historiografija.hr\/index.php?rest_route=\/wp\/v2\/posts\/44819","targetHints":{"allow":["GET"]}}],"collection":[{"href":"https:\/\/historiografija.hr\/index.php?rest_route=\/wp\/v2\/posts"}],"about":[{"href":"https:\/\/historiografija.hr\/index.php?rest_route=\/wp\/v2\/types\/post"}],"author":[{"embeddable":true,"href":"https:\/\/historiografija.hr\/index.php?rest_route=\/wp\/v2\/users\/2"}],"replies":[{"embeddable":true,"href":"https:\/\/historiografija.hr\/index.php?rest_route=%2Fwp%2Fv2%2Fcomments&post=44819"}],"version-history":[{"count":2,"href":"https:\/\/historiografija.hr\/index.php?rest_route=\/wp\/v2\/posts\/44819\/revisions"}],"predecessor-version":[{"id":44822,"href":"https:\/\/historiografija.hr\/index.php?rest_route=\/wp\/v2\/posts\/44819\/revisions\/44822"}],"wp:featuredmedia":[{"embeddable":true,"href":"https:\/\/historiografija.hr\/index.php?rest_route=\/wp\/v2\/media\/44820"}],"wp:attachment":[{"href":"https:\/\/historiografija.hr\/index.php?rest_route=%2Fwp%2Fv2%2Fmedia&parent=44819"}],"wp:term":[{"taxonomy":"category","embeddable":true,"href":"https:\/\/historiografija.hr\/index.php?rest_route=%2Fwp%2Fv2%2Fcategories&post=44819"},{"taxonomy":"post_tag","embeddable":true,"href":"https:\/\/historiografija.hr\/index.php?rest_route=%2Fwp%2Fv2%2Ftags&post=44819"}],"curies":[{"name":"wp","href":"https:\/\/api.w.org\/{rel}","templated":true}]}}