{"id":44812,"date":"2025-02-12T22:53:20","date_gmt":"2025-02-12T22:53:20","guid":{"rendered":"https:\/\/historiografija.hr\/?p=44812"},"modified":"2025-02-12T22:53:20","modified_gmt":"2025-02-12T22:53:20","slug":"jasen-boko-od-dnjepra-do-jadrana-u-potrazi-za-prapostojbinom-hrvata-slavena-indoeuropljana","status":"publish","type":"post","link":"https:\/\/historiografija.hr\/?p=44812","title":{"rendered":"Jasen Boko, \u201eOd Dnjepra do Jadrana. U potrazi za prapostojbinom Hrvata, Slavena, Indoeuropljana\u201c"},"content":{"rendered":"\n<p>U svom novom putopisu Jasen Boko istra\u017euje odakle su, kako i kada Hrvati do\u0161li na ove prostore i otkriva \u0161iru sliku o seobama ljudi od prapovijesti te civilizacijama koje su se razvijale i nestajale.<\/p>\n\n\n\n<p><strong><em>I u ovoj knjizi Boko jasno zagovara toleranciju, dokazuju\u0107i da je nacija dru\u0161tvena tvorevina, a ne genetsko naslje\u0111e i da smo mje\u0161avina svih populacija koje su na ovim prostorima \u017eivjele i ovuda prolazile.<\/em><\/strong><\/p>\n\n\n\n<p>Iznose\u0107i znanstvene dokaze, autor propituje nacionalni identitet i predrasude te kritizira \u201ena\u0161e pravo\u201c na odre\u0111eni prostor jer smo mi tu \u201eoduvijek\u201c. Poput romana \u010dita se pri\u010da o dolasku raznih indoeuropskih plemena i razaranju civilizacija koje su im prethodile pa shva\u0107amo da su migracije ljudske rase stalna pojava.<\/p>\n\n\n\n<p>Jasen Boko proputovao je podru\u010dje od Poljske, \u010ce\u0161ke, Bjelorusije, Ukrajine, Moldavije, Rumunjske, Ma\u0111arske, Bugarske, Bosne i Hercegovine, Srbije, Albanije i Gr\u010dke pa sve do Jadranskog mora i arheolo\u0161kih nalazi\u0161ta prvih naseobina Hrvata. Obilaze\u0107i mjesta na kojima su, prema legendama, \u017eivjeli stari Slaveni, donosi nam najnovija saznanja povjesni\u010dara i arheologa o Hrvatima, Slavenima i Indoeuropljanima te otkriva koliko je toga jo\u0161 nejasno, stoga je ova knjiga jedinstveno putovanje kroz prostor i vrijeme.<\/p>\n\n\n\n<p>Kao i uvijek u svojim knjigama, Boko duhovite i zabavne dijelove, poput svoje izmi\u0161ljene verzije pri\u010de o razila\u017eenju Slavena iz prapostojbine, sjajno kombinira s ozbiljnim dru\u0161tvenim i politi\u010dkim stanjem u dr\u017eavama koje posje\u0107uje, prepri\u010davaju\u0107i nam razgovore sa znanstvenicima i obi\u010dnim ljudima na ulicama. Napet je i zastra\u0161uju\u0107 dio knjige u kojem opisuje kako ga je u Bjelorusiji uhitila vojska i kako su ga ispitivali ruski obavje\u0161tajci, nasmijat \u0107ete se anegdotama o prelascima granica i zadivit \u0107e vas pri\u010dom o putovanju Ukrajinom u vrijeme rata.<\/p>\n\n\n\n<hr class=\"wp-block-separator has-alpha-channel-opacity\"\/>\n\n\n\n<p>Broj stranica: 368<\/p>\n\n\n\n<p>Godina objavljivanja: 2024.<\/p>\n\n\n\n<hr class=\"wp-block-separator has-alpha-channel-opacity\"\/>\n\n\n\n<p>Prelistajte:<\/p>\n\n\n\n<figure class=\"wp-block-embed is-type-wp-embed is-provider-profil-knjiga wp-block-embed-profil-knjiga\"><div class=\"wp-block-embed__wrapper\">\n<blockquote class=\"wp-embedded-content\" data-secret=\"0xQAi32XLr\"><a href=\"https:\/\/www.profil.hr\/proizvod\/od-dnjepra-do-jadrana\/\">Od Dnjepra do Jadrana<\/a><\/blockquote><iframe loading=\"lazy\" class=\"wp-embedded-content\" sandbox=\"allow-scripts\" security=\"restricted\" style=\"position: absolute; visibility: hidden;\" title=\"&#8220;Od Dnjepra do Jadrana&#8221; &#8212; Profil knjiga\" src=\"https:\/\/www.profil.hr\/proizvod\/od-dnjepra-do-jadrana\/embed\/#?secret=fqHdVFrJ2L#?secret=0xQAi32XLr\" data-secret=\"0xQAi32XLr\" width=\"600\" height=\"338\" frameborder=\"0\" marginwidth=\"0\" marginheight=\"0\" scrolling=\"no\"><\/iframe>\n<\/div><\/figure>\n\n\n\n<hr class=\"wp-block-separator has-alpha-channel-opacity\"\/>\n","protected":false},"excerpt":{"rendered":"","protected":false},"author":2,"featured_media":44813,"comment_status":"open","ping_status":"open","sticky":false,"template":"","format":"standard","meta":{"_acf_changed":false,"jetpack_post_was_ever_published":false,"_jetpack_newsletter_access":"","_jetpack_dont_email_post_to_subs":false,"_jetpack_newsletter_tier_id":0,"_jetpack_memberships_contains_paywalled_content":false,"_jetpack_memberships_contains_paid_content":false,"footnotes":"","jetpack_publicize_message":"","jetpack_publicize_feature_enabled":true,"jetpack_social_post_already_shared":true,"jetpack_social_options":{"image_generator_settings":{"template":"highway","default_image_id":0,"font":"","enabled":false},"version":2}},"categories":[8,3],"tags":[],"class_list":["post-44812","post","type-post","status-publish","format-standard","has-post-thumbnail","hentry","category-knjige","category-novosti"],"acf":{"facebook_opis":""},"jetpack_publicize_connections":[],"jetpack_featured_media_url":"https:\/\/i0.wp.com\/historiografija.hr\/wp-content\/uploads\/2025\/02\/OD-DNJEPRA-DO-JADRANA.jpg?fit=800%2C1227&ssl=1","jetpack_sharing_enabled":true,"jetpack-related-posts":[],"_links":{"self":[{"href":"https:\/\/historiografija.hr\/index.php?rest_route=\/wp\/v2\/posts\/44812","targetHints":{"allow":["GET"]}}],"collection":[{"href":"https:\/\/historiografija.hr\/index.php?rest_route=\/wp\/v2\/posts"}],"about":[{"href":"https:\/\/historiografija.hr\/index.php?rest_route=\/wp\/v2\/types\/post"}],"author":[{"embeddable":true,"href":"https:\/\/historiografija.hr\/index.php?rest_route=\/wp\/v2\/users\/2"}],"replies":[{"embeddable":true,"href":"https:\/\/historiografija.hr\/index.php?rest_route=%2Fwp%2Fv2%2Fcomments&post=44812"}],"version-history":[{"count":1,"href":"https:\/\/historiografija.hr\/index.php?rest_route=\/wp\/v2\/posts\/44812\/revisions"}],"predecessor-version":[{"id":44814,"href":"https:\/\/historiografija.hr\/index.php?rest_route=\/wp\/v2\/posts\/44812\/revisions\/44814"}],"wp:featuredmedia":[{"embeddable":true,"href":"https:\/\/historiografija.hr\/index.php?rest_route=\/wp\/v2\/media\/44813"}],"wp:attachment":[{"href":"https:\/\/historiografija.hr\/index.php?rest_route=%2Fwp%2Fv2%2Fmedia&parent=44812"}],"wp:term":[{"taxonomy":"category","embeddable":true,"href":"https:\/\/historiografija.hr\/index.php?rest_route=%2Fwp%2Fv2%2Fcategories&post=44812"},{"taxonomy":"post_tag","embeddable":true,"href":"https:\/\/historiografija.hr\/index.php?rest_route=%2Fwp%2Fv2%2Ftags&post=44812"}],"curies":[{"name":"wp","href":"https:\/\/api.w.org\/{rel}","templated":true}]}}