{"id":44797,"date":"2025-02-12T22:29:55","date_gmt":"2025-02-12T22:29:55","guid":{"rendered":"https:\/\/historiografija.hr\/?p=44797"},"modified":"2025-02-12T22:35:16","modified_gmt":"2025-02-12T22:35:16","slug":"poziv-za-prijavu-na-znanstveno-strucni-skup-desetljeca-slobode-povodom-30-obljetnice-vojno-redarstvenih-operacija-bljesak-i-oluja","status":"publish","type":"post","link":"https:\/\/historiografija.hr\/?p=44797","title":{"rendered":"Poziv za prijavu na znanstveno-stru\u010dni skup \u201eDesetlje\u0107a slobode\u201c. Povodom 30. obljetnice vojno-redarstvenih operacija \u201eBljesak\u201c i \u201eOluja\u201c"},"content":{"rendered":"\n<p>Kulturno-povijesni centar Sisa\u010dko-moslava\u010dke \u017eupanije u suradnji s Fakultetom hrvatskih studija i Znanstvenim zavodom Fakulteta hrvatskih studija organizira <strong>Znanstveno-stru\u010dni skup \u201eDesetlje\u0107a slobode\u201c <\/strong>povodom tridesete obljetnice uspje\u0161ne provedbe vojno-redarstvenih operacija \u201eBljesak\u201c i \u201eOluja\u201c te okon\u010danja rata u Republici Hrvatskoj. Cilj konferencije je doprinijeti o\u010duvanju kulture sje\u0107anja na Domovinski rat kroz znanstveni i stru\u010dni diskurs te istovremeno promicati vrijednost Domovinskog rata u hrvatskoj suvremenoj povijesti.<\/p>\n\n\n\n<p>Zainteresirani za sudjelovanje na skupu trebaju najkasnije do <strong>30. o\u017eujka 2025.<\/strong> poslati ispunjeni prijavni list (prilo\u017een) s naslovom izlaganja, sa\u017eetkom (do 1500 znakova s prazninama) i pet klju\u010dnih pojmova na adresu elektroni\u010dke po\u0161te <a href=\"mailto:martina.tarbuk@kpc-smz.hr\"><strong>martina.tarbuk@kpc-smz.hr<\/strong><\/a><strong><\/strong><\/p>\n\n\n\n<p><strong>Sve detaljnije informacije nalaze se u Pismu za prijavu izlaga\u010da.<\/strong><\/p>\n\n\n\n<hr class=\"wp-block-separator has-alpha-channel-opacity\"\/>\n\n\n\n<div data-wp-interactive=\"core\/file\" class=\"wp-block-file\"><object data-wp-bind--hidden=\"!state.hasPdfPreview\" hidden class=\"wp-block-file__embed\" data=\"https:\/\/historiografija.hr\/wp-content\/uploads\/2025\/02\/Poziv-za-prijavu-izlagaca.pdf\" type=\"application\/pdf\" style=\"width:100%;height:600px\" aria-label=\"Ugra\u0111eno Poziv za prijavu izlaga\u010da.\"><\/object><a id=\"wp-block-file--media-eb8fe917-f8e7-4728-bae5-e99754e68889\" href=\"https:\/\/historiografija.hr\/wp-content\/uploads\/2025\/02\/Poziv-za-prijavu-izlagaca.pdf\">Poziv za prijavu izlaga\u010da<\/a><a href=\"https:\/\/historiografija.hr\/wp-content\/uploads\/2025\/02\/Poziv-za-prijavu-izlagaca.pdf\" class=\"wp-block-file__button wp-element-button\" download aria-describedby=\"wp-block-file--media-eb8fe917-f8e7-4728-bae5-e99754e68889\">Preuzmi<\/a><\/div>\n\n\n\n<hr class=\"wp-block-separator has-alpha-channel-opacity\"\/>\n\n\n\n<div class=\"wp-block-file\"><a id=\"wp-block-file--media-da6c6c5c-91c8-496c-a550-b58d086f4a3a\" href=\"https:\/\/historiografija.hr\/wp-content\/uploads\/2025\/02\/Obrazac-za-prijavu-izlagaca.doc\">Obrazac za prijavu izlaga\u010da<\/a><a href=\"https:\/\/historiografija.hr\/wp-content\/uploads\/2025\/02\/Obrazac-za-prijavu-izlagaca.doc\" class=\"wp-block-file__button wp-element-button\" download aria-describedby=\"wp-block-file--media-da6c6c5c-91c8-496c-a550-b58d086f4a3a\">Preuzmi<\/a><\/div>\n\n\n\n<hr class=\"wp-block-separator has-alpha-channel-opacity\"\/>\n","protected":false},"excerpt":{"rendered":"","protected":false},"author":2,"featured_media":44800,"comment_status":"open","ping_status":"open","sticky":false,"template":"","format":"standard","meta":{"_acf_changed":false,"jetpack_post_was_ever_published":false,"_jetpack_newsletter_access":"","_jetpack_dont_email_post_to_subs":false,"_jetpack_newsletter_tier_id":0,"_jetpack_memberships_contains_paywalled_content":false,"_jetpack_memberships_contains_paid_content":false,"footnotes":"","jetpack_publicize_message":"","jetpack_publicize_feature_enabled":true,"jetpack_social_post_already_shared":true,"jetpack_social_options":{"image_generator_settings":{"template":"highway","default_image_id":0,"font":"","enabled":false},"version":2}},"categories":[3,9],"tags":[],"class_list":["post-44797","post","type-post","status-publish","format-standard","has-post-thumbnail","hentry","category-novosti","category-skupovi"],"acf":{"facebook_opis":""},"jetpack_publicize_connections":[],"jetpack_featured_media_url":"https:\/\/i0.wp.com\/historiografija.hr\/wp-content\/uploads\/2025\/02\/Naslovna-slika.jpg?fit=2000%2C1414&ssl=1","jetpack_sharing_enabled":true,"jetpack-related-posts":[],"_links":{"self":[{"href":"https:\/\/historiografija.hr\/index.php?rest_route=\/wp\/v2\/posts\/44797","targetHints":{"allow":["GET"]}}],"collection":[{"href":"https:\/\/historiografija.hr\/index.php?rest_route=\/wp\/v2\/posts"}],"about":[{"href":"https:\/\/historiografija.hr\/index.php?rest_route=\/wp\/v2\/types\/post"}],"author":[{"embeddable":true,"href":"https:\/\/historiografija.hr\/index.php?rest_route=\/wp\/v2\/users\/2"}],"replies":[{"embeddable":true,"href":"https:\/\/historiografija.hr\/index.php?rest_route=%2Fwp%2Fv2%2Fcomments&post=44797"}],"version-history":[{"count":7,"href":"https:\/\/historiografija.hr\/index.php?rest_route=\/wp\/v2\/posts\/44797\/revisions"}],"predecessor-version":[{"id":44808,"href":"https:\/\/historiografija.hr\/index.php?rest_route=\/wp\/v2\/posts\/44797\/revisions\/44808"}],"wp:featuredmedia":[{"embeddable":true,"href":"https:\/\/historiografija.hr\/index.php?rest_route=\/wp\/v2\/media\/44800"}],"wp:attachment":[{"href":"https:\/\/historiografija.hr\/index.php?rest_route=%2Fwp%2Fv2%2Fmedia&parent=44797"}],"wp:term":[{"taxonomy":"category","embeddable":true,"href":"https:\/\/historiografija.hr\/index.php?rest_route=%2Fwp%2Fv2%2Fcategories&post=44797"},{"taxonomy":"post_tag","embeddable":true,"href":"https:\/\/historiografija.hr\/index.php?rest_route=%2Fwp%2Fv2%2Ftags&post=44797"}],"curies":[{"name":"wp","href":"https:\/\/api.w.org\/{rel}","templated":true}]}}