{"id":44794,"date":"2025-02-12T22:22:19","date_gmt":"2025-02-12T22:22:19","guid":{"rendered":"https:\/\/historiografija.hr\/?p=44794"},"modified":"2025-02-12T22:22:19","modified_gmt":"2025-02-12T22:22:19","slug":"predstavljeno-dopunjeno-i-prosireno-izdanje-knjige-marija-jareba-hrvatski-nacionalni-simboli","status":"publish","type":"post","link":"https:\/\/historiografija.hr\/?p=44794","title":{"rendered":"Predstavljeno dopunjeno i pro\u0161ireno izdanje knjige Marija Jareba \u201eHrvatski nacionalni simboli\u201c"},"content":{"rendered":"\n<p>U Zagrebu je 11. velja\u010de 2025. predstavljeno dopunjeno i pro\u0161ireno izdanje knjige Marija Jareba <strong><em>Hrvatski nacionalni simboli. Postanak, razvoj, uporaba i kontroverze<\/em><\/strong>, \u010dije je prvo izdanje objavljeno 2010. godine.<\/p>\n\n\n\n<hr class=\"wp-block-separator has-alpha-channel-opacity\"\/>\n\n\n\n<p>Op\u0161irnije:<\/p>\n\n\n\n<figure class=\"wp-block-embed is-type-wp-embed is-provider-misao-hr wp-block-embed-misao-hr\"><div class=\"wp-block-embed__wrapper\">\n<blockquote class=\"wp-embedded-content\" data-secret=\"32h39bTXDJ\"><a href=\"https:\/\/misao.hr\/2025\/02\/11\/u-sklopu-maticine-rodendanske-svecanosti-predstavljena-monografija-marija-jareba\/\">U sklopu Mati\u010dine ro\u0111endanske sve\u010danosti predstavljena monografija Marija Jareba<\/a><\/blockquote><iframe loading=\"lazy\" class=\"wp-embedded-content\" sandbox=\"allow-scripts\" security=\"restricted\" style=\"position: absolute; visibility: hidden;\" title=\"&#8220;U sklopu Mati\u010dine ro\u0111endanske sve\u010danosti predstavljena monografija Marija Jareba&#8221; &#8212; Misao.hr\" src=\"https:\/\/misao.hr\/2025\/02\/11\/u-sklopu-maticine-rodendanske-svecanosti-predstavljena-monografija-marija-jareba\/embed\/#?secret=ocfGay1yZT#?secret=32h39bTXDJ\" data-secret=\"32h39bTXDJ\" width=\"600\" height=\"338\" frameborder=\"0\" marginwidth=\"0\" marginheight=\"0\" scrolling=\"no\"><\/iframe>\n<\/div><\/figure>\n\n\n\n<p><a href=\"https:\/\/www.matica.hr\/knjige\/hrvatski-nacionalni-simboli-1465\">https:\/\/www.matica.hr\/knjige\/hrvatski-nacionalni-simboli-1465<\/a><\/p>\n\n\n\n<p><a href=\"https:\/\/www.alfa.hr\/artikl\/info\/5463299a5c2195b8450005d9\">https:\/\/www.alfa.hr\/artikl\/info\/5463299a5c2195b8450005d9<\/a><\/p>\n\n\n\n<hr class=\"wp-block-separator has-alpha-channel-opacity\"\/>\n","protected":false},"excerpt":{"rendered":"","protected":false},"author":2,"featured_media":44795,"comment_status":"open","ping_status":"open","sticky":false,"template":"","format":"standard","meta":{"_acf_changed":false,"jetpack_post_was_ever_published":false,"_jetpack_newsletter_access":"","_jetpack_dont_email_post_to_subs":false,"_jetpack_newsletter_tier_id":0,"_jetpack_memberships_contains_paywalled_content":false,"_jetpack_memberships_contains_paid_content":false,"footnotes":"","jetpack_publicize_message":"","jetpack_publicize_feature_enabled":true,"jetpack_social_post_already_shared":true,"jetpack_social_options":{"image_generator_settings":{"template":"highway","default_image_id":0,"font":"","enabled":false},"version":2}},"categories":[8,3],"tags":[],"class_list":["post-44794","post","type-post","status-publish","format-standard","has-post-thumbnail","hentry","category-knjige","category-novosti"],"acf":{"facebook_opis":""},"jetpack_publicize_connections":[],"jetpack_featured_media_url":"https:\/\/i0.wp.com\/historiografija.hr\/wp-content\/uploads\/2025\/02\/hrvatski-nacionalni-simboli.jpeg?fit=680%2C879&ssl=1","jetpack_sharing_enabled":true,"jetpack-related-posts":[],"_links":{"self":[{"href":"https:\/\/historiografija.hr\/index.php?rest_route=\/wp\/v2\/posts\/44794","targetHints":{"allow":["GET"]}}],"collection":[{"href":"https:\/\/historiografija.hr\/index.php?rest_route=\/wp\/v2\/posts"}],"about":[{"href":"https:\/\/historiografija.hr\/index.php?rest_route=\/wp\/v2\/types\/post"}],"author":[{"embeddable":true,"href":"https:\/\/historiografija.hr\/index.php?rest_route=\/wp\/v2\/users\/2"}],"replies":[{"embeddable":true,"href":"https:\/\/historiografija.hr\/index.php?rest_route=%2Fwp%2Fv2%2Fcomments&post=44794"}],"version-history":[{"count":1,"href":"https:\/\/historiografija.hr\/index.php?rest_route=\/wp\/v2\/posts\/44794\/revisions"}],"predecessor-version":[{"id":44796,"href":"https:\/\/historiografija.hr\/index.php?rest_route=\/wp\/v2\/posts\/44794\/revisions\/44796"}],"wp:featuredmedia":[{"embeddable":true,"href":"https:\/\/historiografija.hr\/index.php?rest_route=\/wp\/v2\/media\/44795"}],"wp:attachment":[{"href":"https:\/\/historiografija.hr\/index.php?rest_route=%2Fwp%2Fv2%2Fmedia&parent=44794"}],"wp:term":[{"taxonomy":"category","embeddable":true,"href":"https:\/\/historiografija.hr\/index.php?rest_route=%2Fwp%2Fv2%2Fcategories&post=44794"},{"taxonomy":"post_tag","embeddable":true,"href":"https:\/\/historiografija.hr\/index.php?rest_route=%2Fwp%2Fv2%2Ftags&post=44794"}],"curies":[{"name":"wp","href":"https:\/\/api.w.org\/{rel}","templated":true}]}}