{"id":44791,"date":"2025-02-12T22:05:50","date_gmt":"2025-02-12T22:05:50","guid":{"rendered":"https:\/\/historiografija.hr\/?p=44791"},"modified":"2025-02-12T22:05:50","modified_gmt":"2025-02-12T22:05:50","slug":"boris-pavelic-homo-liber-iz-ostavstine-slavka-goldsteina","status":"publish","type":"post","link":"https:\/\/historiografija.hr\/?p=44791","title":{"rendered":"Boris Paveli\u0107, \u201eHOMO LIBER \u2013 Iz ostav\u0161tine Slavka Goldsteina\u201c"},"content":{"rendered":"\n<p>Godinu dana prije smrti Slavko Goldstein odlu\u010dio je da \u0107e najve\u0107i dio svoje gra\u0111e, stvorene i prikupljene za dugog i svestranog radnog vijeka, uklju\u010duju\u0107i privatne dokumente i korespondenciju, predati na \u010duvanje Arhivu Srba u Hrvatskoj, vjeruju\u0107i kako \u0107e ona tu biti primjereno valorizirana. Novinar Boris Paveli\u0107, jedan od njegovih suradnika za \u017eivota, izvr\u0161io je 2023. temeljiti pregled gra\u0111e na osnovu kojeg je napisao ovu knji\u017eicu, kao svojevrsni vodi\u010d za budu\u0107e istra\u017eiva\u010de Goldsteinovog iznimnog opusa i \u017eivota.<\/p>\n\n\n\n<hr class=\"wp-block-separator has-alpha-channel-opacity\"\/>\n\n\n\n<p>Izvori i dodatne obavijesti:<\/p>\n\n\n\n<p><a href=\"https:\/\/www.jesenski-turk.hr\/hr\/homo-liber-2024-boris-pavelic\">https:\/\/www.jesenski-turk.hr\/hr\/homo-liber-2024-boris-pavelic<\/a><\/p>\n\n\n\n<p><a href=\"https:\/\/historiografija.ba\/knjige\/jugoistocna-evropa\/iz-ostavstine-slavka-goldsteina\">https:\/\/historiografija.ba\/knjige\/jugoistocna-evropa\/iz-ostavstine-slavka-goldsteina<\/a><\/p>\n\n\n\n<figure class=\"wp-block-embed is-type-wp-embed is-provider-nacional-hr wp-block-embed-nacional-hr\"><div class=\"wp-block-embed__wrapper\">\n<blockquote class=\"wp-embedded-content\" data-secret=\"YBn4BzNq9Q\"><a href=\"https:\/\/www.nacional.hr\/homo-liber-slavko-goldstein-nikad-nije-zavrsio-zamisljeno-pismo-svog-oca-kojeg-su-ustase-ubile-na-jadovnu\/\">&#8216;HOMO LIBER&#8217; Slavko Goldstein nikad nije zavr\u0161io zami\u0161ljeno pismo svog oca kojeg su usta\u0161e ubile na Jadovnu<\/a><\/blockquote><iframe loading=\"lazy\" class=\"wp-embedded-content\" sandbox=\"allow-scripts\" security=\"restricted\" style=\"position: absolute; visibility: hidden;\" title=\"&#8220;&#8216;HOMO LIBER&#8217; Slavko Goldstein nikad nije zavr\u0161io zami\u0161ljeno pismo svog oca kojeg su usta\u0161e ubile na Jadovnu&#8221; &#8212; NACIONAL.HR\" src=\"https:\/\/www.nacional.hr\/homo-liber-slavko-goldstein-nikad-nije-zavrsio-zamisljeno-pismo-svog-oca-kojeg-su-ustase-ubile-na-jadovnu\/embed\/#?secret=sQoZSMis5p#?secret=YBn4BzNq9Q\" data-secret=\"YBn4BzNq9Q\" width=\"600\" height=\"338\" frameborder=\"0\" marginwidth=\"0\" marginheight=\"0\" scrolling=\"no\"><\/iframe>\n<\/div><\/figure>\n\n\n\n<p><a href=\"https:\/\/portalnovosti.com\/slavko-goldstein-privatno-i-epohalno\">https:\/\/portalnovosti.com\/slavko-goldstein-privatno-i-epohalno<\/a><\/p>\n\n\n\n<hr class=\"wp-block-separator has-alpha-channel-opacity\"\/>\n","protected":false},"excerpt":{"rendered":"","protected":false},"author":2,"featured_media":44792,"comment_status":"open","ping_status":"open","sticky":false,"template":"","format":"standard","meta":{"_acf_changed":false,"jetpack_post_was_ever_published":false,"_jetpack_newsletter_access":"","_jetpack_dont_email_post_to_subs":false,"_jetpack_newsletter_tier_id":0,"_jetpack_memberships_contains_paywalled_content":false,"_jetpack_memberships_contains_paid_content":false,"footnotes":"","jetpack_publicize_message":"","jetpack_publicize_feature_enabled":true,"jetpack_social_post_already_shared":true,"jetpack_social_options":{"image_generator_settings":{"template":"highway","default_image_id":0,"font":"","enabled":false},"version":2}},"categories":[8,3],"tags":[],"class_list":["post-44791","post","type-post","status-publish","format-standard","has-post-thumbnail","hentry","category-knjige","category-novosti"],"acf":{"facebook_opis":""},"jetpack_publicize_connections":[],"jetpack_featured_media_url":"https:\/\/i0.wp.com\/historiografija.hr\/wp-content\/uploads\/2025\/02\/Slavko_Goldstein.jpg?fit=926%2C661&ssl=1","jetpack_sharing_enabled":true,"jetpack-related-posts":[],"_links":{"self":[{"href":"https:\/\/historiografija.hr\/index.php?rest_route=\/wp\/v2\/posts\/44791","targetHints":{"allow":["GET"]}}],"collection":[{"href":"https:\/\/historiografija.hr\/index.php?rest_route=\/wp\/v2\/posts"}],"about":[{"href":"https:\/\/historiografija.hr\/index.php?rest_route=\/wp\/v2\/types\/post"}],"author":[{"embeddable":true,"href":"https:\/\/historiografija.hr\/index.php?rest_route=\/wp\/v2\/users\/2"}],"replies":[{"embeddable":true,"href":"https:\/\/historiografija.hr\/index.php?rest_route=%2Fwp%2Fv2%2Fcomments&post=44791"}],"version-history":[{"count":1,"href":"https:\/\/historiografija.hr\/index.php?rest_route=\/wp\/v2\/posts\/44791\/revisions"}],"predecessor-version":[{"id":44793,"href":"https:\/\/historiografija.hr\/index.php?rest_route=\/wp\/v2\/posts\/44791\/revisions\/44793"}],"wp:featuredmedia":[{"embeddable":true,"href":"https:\/\/historiografija.hr\/index.php?rest_route=\/wp\/v2\/media\/44792"}],"wp:attachment":[{"href":"https:\/\/historiografija.hr\/index.php?rest_route=%2Fwp%2Fv2%2Fmedia&parent=44791"}],"wp:term":[{"taxonomy":"category","embeddable":true,"href":"https:\/\/historiografija.hr\/index.php?rest_route=%2Fwp%2Fv2%2Fcategories&post=44791"},{"taxonomy":"post_tag","embeddable":true,"href":"https:\/\/historiografija.hr\/index.php?rest_route=%2Fwp%2Fv2%2Ftags&post=44791"}],"curies":[{"name":"wp","href":"https:\/\/api.w.org\/{rel}","templated":true}]}}