{"id":44785,"date":"2025-02-11T23:00:03","date_gmt":"2025-02-11T23:00:03","guid":{"rendered":"https:\/\/historiografija.hr\/?p=44785"},"modified":"2025-02-11T23:01:12","modified_gmt":"2025-02-11T23:01:12","slug":"predstavljanje-knjige-ane-rajkovic-pejic-plave-kute-idu-na-more-svakodnevica-radnika-u-hrvatskoj-tijekom-druge-polovice-20-stoljeca-na-primjeru-tvornice-dure-dakovic-u-zagrebu","status":"publish","type":"post","link":"https:\/\/historiografija.hr\/?p=44785","title":{"rendered":"Predstavljanje knjige Ane Rajkovi\u0107 Peji\u0107 \u201ePlave kute idu na more. Svakodnevica radnika u Hrvatskoj tijekom druge polovice 20. stolje\u0107a na primjeru tvornice &#8216;\u0110ure \u0110akovi\u0107&#8217;\u201c u Zagrebu"},"content":{"rendered":"\n<p>Predstavljanje knjige Ane Rajkovi\u0107 Peji\u0107 \u201ePlave kute idu na more. Svakodnevica radnika u Hrvatskoj tijekom druge polovice 20. stolje\u0107a na primjeru tvornice &#8216;\u0110ure \u0110akovi\u0107&#8217;\u201c odr\u017eat \u0107e se u \u010detvrtak 13. velja\u010de 2025. s po\u010detkom u 18:00 sati u Knji\u017enici i \u010ditaonici Bogdana Ogrizovi\u0107a, Preradovi\u0107eva ulica 5, Zagreb.<\/p>\n\n\n\n<p>O knjizi \u0107e govoriti:<br>urednik biblioteke Ellipsis Maroje Vi\u0161i\u0107, Igor Duda, Tvrtko Jakovina i autorica Ana Rajkovi\u0107 Peji\u0107.<\/p>\n\n\n\n<figure class=\"wp-block-image size-full is-resized\"><img data-recalc-dims=\"1\" loading=\"lazy\" decoding=\"async\" width=\"668\" height=\"945\" data-attachment-id=\"44786\" data-permalink=\"https:\/\/historiografija.hr\/?attachment_id=44786\" data-orig-file=\"https:\/\/i0.wp.com\/historiografija.hr\/wp-content\/uploads\/2025\/02\/Rajkovic_Pejic_promocija.jpg?fit=668%2C945&amp;ssl=1\" data-orig-size=\"668,945\" data-comments-opened=\"1\" data-image-meta=\"{&quot;aperture&quot;:&quot;0&quot;,&quot;credit&quot;:&quot;&quot;,&quot;camera&quot;:&quot;&quot;,&quot;caption&quot;:&quot;image description&quot;,&quot;created_timestamp&quot;:&quot;0&quot;,&quot;copyright&quot;:&quot;&quot;,&quot;focal_length&quot;:&quot;0&quot;,&quot;iso&quot;:&quot;0&quot;,&quot;shutter_speed&quot;:&quot;0&quot;,&quot;title&quot;:&quot;image description&quot;,&quot;orientation&quot;:&quot;0&quot;}\" data-image-title=\"image description\" data-image-description=\"\" data-image-caption=\"&lt;p&gt;image description&lt;\/p&gt;\n\" data-large-file=\"https:\/\/i0.wp.com\/historiografija.hr\/wp-content\/uploads\/2025\/02\/Rajkovic_Pejic_promocija.jpg?fit=668%2C945&amp;ssl=1\" src=\"https:\/\/i0.wp.com\/historiografija.hr\/wp-content\/uploads\/2025\/02\/Rajkovic_Pejic_promocija.jpg?resize=668%2C945&#038;ssl=1\" alt=\"\" class=\"wp-image-44786\" style=\"width:405px;height:auto\" srcset=\"https:\/\/i0.wp.com\/historiografija.hr\/wp-content\/uploads\/2025\/02\/Rajkovic_Pejic_promocija.jpg?w=668&amp;ssl=1 668w, https:\/\/i0.wp.com\/historiografija.hr\/wp-content\/uploads\/2025\/02\/Rajkovic_Pejic_promocija.jpg?resize=212%2C300&amp;ssl=1 212w\" sizes=\"auto, (max-width: 668px) 100vw, 668px\" \/><\/figure>\n\n\n\n<p>&#8220;Plave kute idu na more jedinstvena je knjiga u na\u0161oj historiografiji pa je zbog toga va\u017ean doprinos povijesti radni\u0161tva koja kod nas ve\u0107 desetlje\u0107ima ne postoji niti se itko sustavno bavi tim va\u017enim segmentom modernizacije dru\u0161tva, \u017eivotima milijuna koji su bili tvorni\u010dki radnici i izvukli zemlju iz agrarne u (polu)industrijaliziranu. U zemlji bez industrije, koja je gotovo isklju\u010divo orijentirana na turizam, ovo je knjiga koja pokazuje dana\u0161njim generacijama kako su njihovi preci \u010desto prvi put po\u010dinjali putovati, kako su se oni koji su zara\u0111ivali malo mogli prvi put uputiti na more, oti\u0107i na odmor, kako su oni koji si to financijski nisu mogli priu\u0161titi ili nisu imali poticaja odlazili na izlo\u017ebe ili koncerte. Osim povjesni\u010darima, knjiga je va\u017eno vrelo informacija onima koji \u017eele saznati kako se nekada \u017eivjelo i koji \u017eele razumjeti za\u0161to su nekada skromni radnici, majstori, \u010dista\u010dice imali \u017eivopisna sje\u0107anja na more, neke krajeve, kompozicije ili pjevanje u zboru.&#8221; (Tvrtko Jakovina)<\/p>\n\n\n\n<p>&#8220;Knjiga predstavlja va\u017ean prilog dru\u0161tvenoj istoriji Jugoslavije, ali i istoriji radni\u0161tva, fabrika, \u017eenskoj istoriji, i istoriji lokalnih zajednica. Bazirana na bogatoj arhivskoj gra\u0111i (od privatnih i lokalnih arhiva, do Hrvatskog dr\u017eavnog arhiva), periodici (veliki broj dnevnih listova i tjednika i fabri\u010dkih listova), usmenoj istoriji i stru\u010dnoj literaturi, uz kori\u0161\u0107enje multidisciplinarnog pirstupa, ova knjiga je osim hrvatskoj va\u017ean doprinos i evropskoj dru\u0161tvenoj istoriji druge polovine 20. veka. Od posebnog je zna\u010daja kori\u0161\u0107enje metodolo\u0161kih pristupa i teorijskih okvira istorije radni\u0161tva (labor history), istorije svakodnevice i istorije \u201eodozdo\u201c, koji su autorki omogu\u0107ili da pru\u017ei sveobuhvatan pogled na istoriju radnika fabrike \u201e\u0110uro \u0110akovi\u0107\u201c, a kroz nju i na istoriju radni\u0161tva, ali i dru\u0161tvenu istoriju socijalisti\u010dke Jugoslavije.&#8221; (Radina Vu\u010deti\u0107)<\/p>\n\n\n\n<p>&#8220;Studija se temelji na obimnim povijesnim izvorima me\u0111u kojima su periodika, koja uz niz lokalnih i nacionalnih naslova uklju\u010duje i tvorni\u010dko glasilo \u0110uro \u0110akovi\u0107, potom dokumentacija iz Dr\u017eavnog arhiva u Slavonskom Brodu, Dr\u017eavnog arhiva u Osijeku i Hrvatskog dr\u017eavnog arhiva, me\u0111u kojom su posebno va\u017eni sindikalni arhivski fondovi, zatim statisti\u010dki godi\u0161njaci i drugo gradivo, pa i ono iz privatnih arhiva, neizostavno povezano s usmeno-povijesnim intervjuiranjem nekolicine slavonskobrodskih aktera. Autorica u tekst uklju\u010duje i popularnokulturne i knji\u017eevne izvore. Njezino poznavanje literature iznimno je temeljito, toliko da bi popis s vi\u0161e od stotinu bibliografskih jedinica lak\u0161e bilo skra\u0107ivati nego \u0161iriti novima.&#8221; (Igor Duda)<\/p>\n\n\n\n<p>Ana Rajkovi\u0107 Peji\u0107 diplomirala je hrvatski jezik i knji\u017eevnost i povijest na Filozofskom fakultetu u Osijeku 2007. godine. Godine 2020. doktorirala je na Filozofskom fakultetu u Zagrebu. Od 2019. godine zaposlena je na Hrvatskom institutu za povijest \u2014 Podru\u017enici za povijest Slavonije, Srijema i Baranje. U\u017ee znanstveno podru\u010dje interesa joj je socijalna i rodna povijest izme\u0111u dvaju svjetskih ratova. Organizirala je te izlagala na brojnim doma\u0107im i me\u0111unarodnim znanstvenim skupovima. Jedna je od inicijatorica i organizatorica znanstvenog skupa Isti rod, razli\u010dite sudbine. Suautorica je studije Povijest neostvarenih mogu\u0107nosti. Socijaldemokracija i nastanak Kraljevine Srba, Hrvata i Slovenaca (1918.\u20131921.) te autorica publikacije \u0160irenje bludnih ideja u Slavoniji. Pojava anarhisti\u010dkih ideja u radni\u010dkom pokretu Slavonije (\u0160to \u010dita\u0161, 2016.) kao i monografije Dugi \u017eenski mar\u0161. Polo\u017eaj radnica i \u017eenski aktivizam u Hrvatskoj izme\u0111u dvaju svjetskih ratova (DAF, 2021.). Suautorica je dviju izlo\u017ebi: \u00bbStolje\u0107e giganta uz Savu \u2014 100 godina tvornice \u0110uro \u0110akovi\u0107\u00ab te \u00bb\u0110uro \u0110akovi\u0107 \u2014 portreti rada\u00ab. Dobitnica je nagrade Hrvatskog nacionalnog odbora za povijesne znanosti i Dru\u0161tva za hrvatsku povjesnicu \u00bbVjekoslav Klai\u0107\u00ab. \u010clanica je Centra za \u017eenske studije u Zagrebu.<\/p>\n\n\n\n<hr class=\"wp-block-separator has-alpha-channel-opacity\"\/>\n\n\n\n<p>Izvori:<\/p>\n\n\n\n<p><a href=\"https:\/\/www.facebook.com\/events\/4004180773193487\">https:\/\/www.facebook.com\/events\/4004180773193487<\/a><\/p>\n\n\n\n<p><a href=\"https:\/\/www.kgz.hr\/hr\/knjiznice\/knjiznica-i-citaonica-bogdana-ogrizovica\/72\">https:\/\/www.kgz.hr\/hr\/knjiznice\/knjiznica-i-citaonica-bogdana-ogrizovica\/72<\/a><\/p>\n\n\n\n<p><a href=\"https:\/\/www.kgz.hr\/hr\/dogadjanja\/plave-kute-idu-na-more-69154\/69154\">https:\/\/www.kgz.hr\/hr\/dogadjanja\/plave-kute-idu-na-more-69154\/69154<\/a><\/p>\n\n\n\n<hr class=\"wp-block-separator has-alpha-channel-opacity\"\/>\n","protected":false},"excerpt":{"rendered":"","protected":false},"author":2,"featured_media":44786,"comment_status":"open","ping_status":"open","sticky":false,"template":"","format":"standard","meta":{"_acf_changed":false,"jetpack_post_was_ever_published":false,"_jetpack_newsletter_access":"","_jetpack_dont_email_post_to_subs":false,"_jetpack_newsletter_tier_id":0,"_jetpack_memberships_contains_paywalled_content":false,"_jetpack_memberships_contains_paid_content":false,"footnotes":"","jetpack_publicize_message":"","jetpack_publicize_feature_enabled":true,"jetpack_social_post_already_shared":true,"jetpack_social_options":{"image_generator_settings":{"template":"highway","default_image_id":0,"font":"","enabled":false},"version":2}},"categories":[3],"tags":[],"class_list":["post-44785","post","type-post","status-publish","format-standard","has-post-thumbnail","hentry","category-novosti"],"acf":{"facebook_opis":""},"jetpack_publicize_connections":[],"jetpack_featured_media_url":"https:\/\/i0.wp.com\/historiografija.hr\/wp-content\/uploads\/2025\/02\/Rajkovic_Pejic_promocija.jpg?fit=668%2C945&ssl=1","jetpack_sharing_enabled":true,"jetpack-related-posts":[{"id":52675,"url":"https:\/\/historiografija.hr\/?p=52675","url_meta":{"origin":44785,"position":0},"title":"Predstavljanje knjige Luke Peji\u0107a &#8220;U taboru anarhista: \u017divot Ivana Zeppa&#8221; u Osijeku","author":"Branimir Jankovi\u0107","date":"27. travnja 2026.","format":false,"excerpt":"U \u010detvrtak, 30. travnja 2026.\u00a0u\u00a019.00 sati\u00a0u Klubu knji\u017eare Nova\u00a0(Trg Ante Star\u010devi\u0107a 4, Osijek) odr\u017eat \u0107e se predstavljanje nove knjige Luke Peji\u0107a U taboru anarhista: \u017divot Ivana Zeppa (DAF, 2025.). Uz autora o knjizi \u0107e govoriti recenzent i povjesni\u010dar Nikola Toma\u0161egovi\u0107 te povjesni\u010darka Ana Rajkovi\u0107 Peji\u0107. Razgovor \u0107e moderirati doktorandica\u00a0Valentina Kezi\u0107.\u2026","rel":"","context":"U &quot;Novosti&quot;","block_context":{"text":"Novosti","link":"https:\/\/historiografija.hr\/?cat=3"},"img":{"alt_text":"","src":"https:\/\/i0.wp.com\/historiografija.hr\/wp-content\/uploads\/2025\/11\/Pejic.jpg?fit=574%2C790&ssl=1&resize=350%2C200","width":350,"height":200,"srcset":"https:\/\/i0.wp.com\/historiografija.hr\/wp-content\/uploads\/2025\/11\/Pejic.jpg?fit=574%2C790&ssl=1&resize=350%2C200 1x, https:\/\/i0.wp.com\/historiografija.hr\/wp-content\/uploads\/2025\/11\/Pejic.jpg?fit=574%2C790&ssl=1&resize=525%2C300 1.5x"},"classes":[]},{"id":52768,"url":"https:\/\/historiografija.hr\/?p=52768","url_meta":{"origin":44785,"position":1},"title":"Poziv za prijavu na me\u0111unarodni ljetni kamp za mlade \u201cYouth in Cold-War Europe\u201d","author":"Filip \u0160imunjak","date":"30. travnja 2026.","format":false,"excerpt":"Otvoren je poziv za prijavu na me\u0111unarodni ljetni kamp \"Youth in Cold-War Europe\", koji se odr\u017eava od 28.08. do 06.09. 2026. godine u Weimaru (Njema\u010dka). Kamp se odr\u017eava u organizaciji Europskog centra za obrazovanje mladih (EJBW) iz Weimara i njegovih me\u0111unarodnih partnera, te uz financijsku podr\u0161ku Europske unije i Savezne\u2026","rel":"","context":"U &quot;Novosti&quot;","block_context":{"text":"Novosti","link":"https:\/\/historiografija.hr\/?cat=3"},"img":{"alt_text":"","src":"https:\/\/i0.wp.com\/historiografija.hr\/wp-content\/uploads\/2026\/04\/LJETNI-KAMP-ZA-MLADE-YOUTH-IN-COLD-WAR-EUROPE.jpg?fit=667%2C375&ssl=1&resize=350%2C200","width":350,"height":200,"srcset":"https:\/\/i0.wp.com\/historiografija.hr\/wp-content\/uploads\/2026\/04\/LJETNI-KAMP-ZA-MLADE-YOUTH-IN-COLD-WAR-EUROPE.jpg?fit=667%2C375&ssl=1&resize=350%2C200 1x, https:\/\/i0.wp.com\/historiografija.hr\/wp-content\/uploads\/2026\/04\/LJETNI-KAMP-ZA-MLADE-YOUTH-IN-COLD-WAR-EUROPE.jpg?fit=667%2C375&ssl=1&resize=525%2C300 1.5x"},"classes":[]},{"id":52502,"url":"https:\/\/historiografija.hr\/?p=52502","url_meta":{"origin":44785,"position":2},"title":"Novi znanstveni projekt Hrvatskog instituta za povijest: \u201c\u017drtve ratova i dr\u017eavnog\/politi\u010dkog nasilja u hrvatskoj povijesti 20. stolje\u0107a\u201d","author":"Branimir Jankovi\u0107","date":"17. travnja 2026.","format":false,"excerpt":"Na redovitoj sjednici Vlade RH, 16. travnja 2026., donijet je Zaklju\u010dak kojim se pokre\u0107e znanstveni projekt \u201c\u017drtve ratova i dr\u017eavnog\/politi\u010dkog nasilja u hrvatskoj povijesti 20. stolje\u0107a\u201d. Projekt \u0107e provoditi i koordinirati Hrvatski institut za povijest u razdoblju trajanja projekta od pet godina. Zakljucak Vlade RH Iz teksta projektnog prijedloga: Problematika\u2026","rel":"","context":"U &quot;Novosti&quot;","block_context":{"text":"Novosti","link":"https:\/\/historiografija.hr\/?cat=3"},"img":{"alt_text":"","src":"https:\/\/i0.wp.com\/historiografija.hr\/wp-content\/uploads\/2026\/04\/Vlada-RH.jpg?fit=1200%2C557&ssl=1&resize=350%2C200","width":350,"height":200,"srcset":"https:\/\/i0.wp.com\/historiografija.hr\/wp-content\/uploads\/2026\/04\/Vlada-RH.jpg?fit=1200%2C557&ssl=1&resize=350%2C200 1x, https:\/\/i0.wp.com\/historiografija.hr\/wp-content\/uploads\/2026\/04\/Vlada-RH.jpg?fit=1200%2C557&ssl=1&resize=525%2C300 1.5x, https:\/\/i0.wp.com\/historiografija.hr\/wp-content\/uploads\/2026\/04\/Vlada-RH.jpg?fit=1200%2C557&ssl=1&resize=700%2C400 2x, https:\/\/i0.wp.com\/historiografija.hr\/wp-content\/uploads\/2026\/04\/Vlada-RH.jpg?fit=1200%2C557&ssl=1&resize=1050%2C600 3x"},"classes":[]},{"id":52592,"url":"https:\/\/historiografija.hr\/?p=52592","url_meta":{"origin":44785,"position":3},"title":"Predstavljanje knjige &#8220;Turska ku\u0107a u Rijeci&#8221; u Zagrebu","author":"Branimir Jankovi\u0107","date":"22. travnja 2026.","format":false,"excerpt":"U prostorijama Turskog kulturnog centra Yunus Emre u Zagrebu, u utorak 21. travnja 2026. godine, odr\u017eano je sve\u010dano predstavljanje dopunjenog izdanja knjige Turska ku\u0107a u Rijeci, u organizaciji Hrvatsko-turskog dru\u0161tva Rijeka i partnerstvu sa Skupinom prijateljstva Hrvatska-Turska Hrvatskog sabora, Veleposlanstvom Republike Turske u Republici Hrvatskoj te Turskim kulturnim centrom Yunus\u2026","rel":"","context":"U &quot;Novosti&quot;","block_context":{"text":"Novosti","link":"https:\/\/historiografija.hr\/?cat=3"},"img":{"alt_text":"","src":"https:\/\/i0.wp.com\/historiografija.hr\/wp-content\/uploads\/2026\/04\/Turska-kuca-ZG.jpg?fit=1200%2C800&ssl=1&resize=350%2C200","width":350,"height":200,"srcset":"https:\/\/i0.wp.com\/historiografija.hr\/wp-content\/uploads\/2026\/04\/Turska-kuca-ZG.jpg?fit=1200%2C800&ssl=1&resize=350%2C200 1x, https:\/\/i0.wp.com\/historiografija.hr\/wp-content\/uploads\/2026\/04\/Turska-kuca-ZG.jpg?fit=1200%2C800&ssl=1&resize=525%2C300 1.5x, https:\/\/i0.wp.com\/historiografija.hr\/wp-content\/uploads\/2026\/04\/Turska-kuca-ZG.jpg?fit=1200%2C800&ssl=1&resize=700%2C400 2x, https:\/\/i0.wp.com\/historiografija.hr\/wp-content\/uploads\/2026\/04\/Turska-kuca-ZG.jpg?fit=1200%2C800&ssl=1&resize=1050%2C600 3x"},"classes":[]},{"id":52520,"url":"https:\/\/historiografija.hr\/?p=52520","url_meta":{"origin":44785,"position":4},"title":"Predstavljanje knjige &#8220;Socialist Economics in Yugoslavia: A Critical History&#8221; u Zagrebu","author":"Branimir Jankovi\u0107","date":"17. travnja 2026.","format":false,"excerpt":"Pozivamo vas na predstavljanje knjige \"Socialist Economics in Yugoslavia: A Critical History\", autora Mislava \u00a0\u017ditka i Marka Grde\u0161i\u0107a (Routledge, 2026). Na predstavljanju \u0107e govoriti Branko Milanovi\u0107 (CUNY), Milica Uvali\u0107 (EUI), Zdravko Petak (FPZG) te autori.\u00a0 Predstavljanje \u0107e se odr\u017eati u srijedu 22. travnja u 16:00 sati na Fakultetu politi\u010dkih znanosti\u2026","rel":"","context":"U &quot;Novosti&quot;","block_context":{"text":"Novosti","link":"https:\/\/historiografija.hr\/?cat=3"},"img":{"alt_text":"","src":"https:\/\/i0.wp.com\/historiografija.hr\/wp-content\/uploads\/2026\/04\/Poziv-na-predstavljanje.png?fit=800%2C652&ssl=1&resize=350%2C200","width":350,"height":200,"srcset":"https:\/\/i0.wp.com\/historiografija.hr\/wp-content\/uploads\/2026\/04\/Poziv-na-predstavljanje.png?fit=800%2C652&ssl=1&resize=350%2C200 1x, https:\/\/i0.wp.com\/historiografija.hr\/wp-content\/uploads\/2026\/04\/Poziv-na-predstavljanje.png?fit=800%2C652&ssl=1&resize=525%2C300 1.5x, https:\/\/i0.wp.com\/historiografija.hr\/wp-content\/uploads\/2026\/04\/Poziv-na-predstavljanje.png?fit=800%2C652&ssl=1&resize=700%2C400 2x"},"classes":[]},{"id":52499,"url":"https:\/\/historiografija.hr\/?p=52499","url_meta":{"origin":44785,"position":5},"title":"POTPISAN UGOVOR O ZNANSTVENO-ISTRA\u017dIVA\u010cKOJ SURADNJI: PROJEKT \u201eTEMELJI HRVATSKE SAMOSTALNOSTI\u201d","author":"Branimir Jankovi\u0107","date":"17. travnja 2026.","format":false,"excerpt":"Hrvatski institut za povijest, Sveu\u010dili\u0161te obrane i sigurnosti \u201eDr. Franjo Tu\u0111man\u201d, Institut dru\u0161tvenih znanosti Ivo Pilar i Hrvatski dr\u017eavni arhiv\u00a0potpisali su 23. o\u017eujka 2026.\u00a0Ugovor o znanstveno-istra\u017eiva\u010dkoj suradnji s ciljem provedbe projekta \u201eTemelji hrvatske samostalnosti\u201d. Tim projektom obuhva\u0107a se istra\u017eivanje arhivskoga gradiva, priprema znanstvenih publikacija, digitalizacija i javna prezentacija rezultata istra\u017eivanja\u2026","rel":"","context":"U &quot;Novosti&quot;","block_context":{"text":"Novosti","link":"https:\/\/historiografija.hr\/?cat=3"},"img":{"alt_text":"","src":"https:\/\/i0.wp.com\/historiografija.hr\/wp-content\/uploads\/2026\/04\/THS_sporazum.jpg?fit=1200%2C583&ssl=1&resize=350%2C200","width":350,"height":200,"srcset":"https:\/\/i0.wp.com\/historiografija.hr\/wp-content\/uploads\/2026\/04\/THS_sporazum.jpg?fit=1200%2C583&ssl=1&resize=350%2C200 1x, https:\/\/i0.wp.com\/historiografija.hr\/wp-content\/uploads\/2026\/04\/THS_sporazum.jpg?fit=1200%2C583&ssl=1&resize=525%2C300 1.5x, https:\/\/i0.wp.com\/historiografija.hr\/wp-content\/uploads\/2026\/04\/THS_sporazum.jpg?fit=1200%2C583&ssl=1&resize=700%2C400 2x, https:\/\/i0.wp.com\/historiografija.hr\/wp-content\/uploads\/2026\/04\/THS_sporazum.jpg?fit=1200%2C583&ssl=1&resize=1050%2C600 3x"},"classes":[]}],"_links":{"self":[{"href":"https:\/\/historiografija.hr\/index.php?rest_route=\/wp\/v2\/posts\/44785","targetHints":{"allow":["GET"]}}],"collection":[{"href":"https:\/\/historiografija.hr\/index.php?rest_route=\/wp\/v2\/posts"}],"about":[{"href":"https:\/\/historiografija.hr\/index.php?rest_route=\/wp\/v2\/types\/post"}],"author":[{"embeddable":true,"href":"https:\/\/historiografija.hr\/index.php?rest_route=\/wp\/v2\/users\/2"}],"replies":[{"embeddable":true,"href":"https:\/\/historiografija.hr\/index.php?rest_route=%2Fwp%2Fv2%2Fcomments&post=44785"}],"version-history":[{"count":3,"href":"https:\/\/historiografija.hr\/index.php?rest_route=\/wp\/v2\/posts\/44785\/revisions"}],"predecessor-version":[{"id":44789,"href":"https:\/\/historiografija.hr\/index.php?rest_route=\/wp\/v2\/posts\/44785\/revisions\/44789"}],"wp:featuredmedia":[{"embeddable":true,"href":"https:\/\/historiografija.hr\/index.php?rest_route=\/wp\/v2\/media\/44786"}],"wp:attachment":[{"href":"https:\/\/historiografija.hr\/index.php?rest_route=%2Fwp%2Fv2%2Fmedia&parent=44785"}],"wp:term":[{"taxonomy":"category","embeddable":true,"href":"https:\/\/historiografija.hr\/index.php?rest_route=%2Fwp%2Fv2%2Fcategories&post=44785"},{"taxonomy":"post_tag","embeddable":true,"href":"https:\/\/historiografija.hr\/index.php?rest_route=%2Fwp%2Fv2%2Ftags&post=44785"}],"curies":[{"name":"wp","href":"https:\/\/api.w.org\/{rel}","templated":true}]}}