{"id":44756,"date":"2025-02-07T23:01:53","date_gmt":"2025-02-07T23:01:53","guid":{"rendered":"https:\/\/historiografija.hr\/?p=44756"},"modified":"2025-02-07T23:05:31","modified_gmt":"2025-02-07T23:05:31","slug":"milos-timotijevic-prikaz-knjige-kosta-nikolic-bosna-i-hercegovina-rat-koji-su-mnogi-zeleli-1992-1995-2024","status":"publish","type":"post","link":"https:\/\/historiografija.hr\/?p=44756","title":{"rendered":"Milo\u0161 Timotijevi\u0107 &#8211; prikaz knjige &#8211; Kosta Nikoli\u0107, &#8220;Bosna i Hercegovina, rat koji su mnogi \u017eeleli (1992-1995)&#8221;, 2024."},"content":{"rendered":"\n<p><strong>Kosta Nikoli\u0107, <em>Bosna i Hercegovina, rat koji su mnogi \u017eeleli (1992-1995). Knjiga prva. U ime smrti (1992)<\/em>, Novi Sad: Akademska knjiga, 2024, 750 str.<\/strong><\/p>\n\n\n\n<p>Knjiga \u201eBosna i Hercegovina, rat koji su mnogi \u017eeleli (1992-1995). U ime smrti (1992)\u201d Koste Nikoli\u0107a predstavlja prvi deo ambicioznog projekta rekonstrukcije rata u Bosni i Hercegovini. Ova monografija predstavlja logi\u010dan nastavak Nikoli\u0107evih ranijih studija o raspadu Jugoslavije, pru\u017eaju\u0107i iscrpan pregled politi\u010dkih odluka, po\u010detnih sukoba i klju\u010dnih vojnih operacija koje su oblikovale tok rata u Bosni i Hercegovini 1992. i po\u010detkom 1993. godine. U kontekstu nedostatka sistematskog prou\u010davanja raspada socijalisti\u010dke Jugoslavije u srpskoj istoriografiji, a posebno rata u Bosni i Hercegovini, Nikoli\u0107ev rad dobija dodatnu vrednost.<\/p>\n\n\n\n<p>Kosta Nikoli\u0107 primenjuje tradicionalni istoriografski pristup, utemeljen na analizi dokumenata i arhivske gra\u0111e. Me\u0111u kori\u0161\u0107enim izvorima su arhivi Ha\u0161kog tribunala, Digitalni arhiv Bele ku\u0107e, kao i dokumenti nema\u010dkih i jugoslovenskih zvani\u010dnih institucija. Oslanjanje na sudske spise doprinosi uverljivosti iznesenih \u010dinjenica, koji su ponekad i transkripti presretnutih telefonskih razgovora komandanata na terenu, \u0161to nas potpuno pribli\u017eava ratnoj dinamici, ne samo najva\u017enijih aktera doga\u0111aja ve\u0107 i iz perspektive ni\u017eih nivoa vlasti.<\/p>\n\n\n\n<p>Knjiga je podeljena na devet tematskih celina, pri \u010demu su dominantne teme politi\u010dki kontekst po\u010detka sukoba u Bosni i Hercegovini, etni\u010dki sukobi i vojni aspekti rata. Autor nudi detaljan prikaz doga\u0111aja, sa posebnim usmerenjem na srpsku stranu rata, ali uz nagove\u0161taj da \u0107e u slede\u0107im tomovima biti razmotrene i ostale strane sukoba.<\/p>\n\n\n\n<p>Posebno se isti\u010du opisi klju\u010dnih vojnih operacija, poput bitke za Posavinu, sukoba u Hercegovini i opsade Sarajeva, gde autor analizira strategije svih strana, vojnu dinamiku, razmere ratnih zlo\u010dina i posledice po civilno stanovni\u0161tvo. Zna\u010dajan deo knjige posve\u0107en je doga\u0111ajima u Srebrenici, koja je postala simbol najte\u017eih zlodela u ratu, koja su okarakterisana i kao genocid. Autor detaljno analizira politi\u010dki i vojni kontekst doga\u0111aja iz 1992. i 1993, uklju\u010duju\u0107i i zlo\u010dine.<\/p>\n\n\n\n<p>Nikoli\u0107 se zala\u017ee za pristup oslobo\u0111en mitologizacije i politizacije, uz istovremeno nagla\u0161avanje uloge ekstremnih nacionalisti\u010dkih ideologija u eskalaciji sukoba. Posebno insistira na objektivnosti i nepristrasnom istorijskom istra\u017eivanju zasnovanom na verodostojnim izvorima. Autor ne preska\u010de zlo\u010dine, ve\u0107 o njima pi\u0161e op\u0161irno i detaljno, sa otvorenim izno\u0161enjem imena osoba koje su izvr\u0161ile takva dela, analiziraju\u0107i nasilja svih strana u sukobu, po\u010dev od srpske. Njegova analiza ukazuje na razmere i u\u017ease nasilja i posledice po civilno stanovni\u0161tvo, pri \u010demu ne umanjuje odgovornost nijednog aktera rata. Nikoli\u0107 tako\u0111e insistira i na \u201estihiji gomile\u201d kao faktoru koji je uticao na \u0161irenje nasilja, ali u kontekstu jasne odgovornosti najva\u017enijih aktera rata koji su posedovali politi\u010dku i vojnu mo\u0107 neophodnu za pokretanje vojnog sukoba.<\/p>\n\n\n\n<p>Jedna od klju\u010dnih teza knjige je da je rat bio neizbe\u017ean zbog nacionalisti\u010dkih projekata koji su dominirali politi\u010dkim scenama zara\u0107enih strana. Nikoli\u0107 posve\u0107uje zna\u010dajan prostor unutra\u0161njim podelama unutar politi\u010dke i vojne elite, kako na samom prostoru Bosne i Hercegovine, tako i u Srbiji i Crnoj Gori, uklju\u010duju\u0107i i politi\u010dke stranke sa svojim partijskim vojskama, paravojne formacije i obi\u010dne kriminalne grupe.<\/p>\n\n\n\n<p>Prvi tom Nikoli\u0107eve trilogije predstavlja va\u017ean doprinos prou\u010davanju rata u Bosni i Hercegovini, posebno u pogledu analize politi\u010dkih odluka, vojnih strategija i ratnih zlo\u010dina. Njegova detaljna faktografska obrada doprinosi boljem razumevanju sukoba, koja \u0107e tek nakon objavljivanja druga dva najavljena toma uklju\u010diti i detaljnije analize hrvatskog i bo\u0161nja\u010dkog faktora u ratu i naro\u010dito me\u0111unarodnih aktera koji su uticali na ovaj sukob.<\/p>\n\n\n\n<p><em>Milo\u0161 Timotijevi\u0107<\/em><\/p>\n\n\n\n<hr class=\"wp-block-separator has-alpha-channel-opacity\"\/>\n","protected":false},"excerpt":{"rendered":"","protected":false},"author":2,"featured_media":0,"comment_status":"open","ping_status":"open","sticky":false,"template":"","format":"standard","meta":{"_acf_changed":false,"jetpack_post_was_ever_published":false,"_jetpack_newsletter_access":"","_jetpack_dont_email_post_to_subs":false,"_jetpack_newsletter_tier_id":0,"_jetpack_memberships_contains_paywalled_content":false,"_jetpack_memberships_contains_paid_content":false,"footnotes":"","jetpack_publicize_message":"","jetpack_publicize_feature_enabled":true,"jetpack_social_post_already_shared":true,"jetpack_social_options":{"image_generator_settings":{"template":"highway","default_image_id":0,"font":"","enabled":false},"version":2}},"categories":[4],"tags":[],"class_list":["post-44756","post","type-post","status-publish","format-standard","hentry","category-osvrti"],"acf":{"facebook_opis":""},"jetpack_publicize_connections":[],"jetpack_featured_media_url":"","jetpack_sharing_enabled":true,"jetpack-related-posts":[{"id":52528,"url":"https:\/\/historiografija.hr\/?p=52528","url_meta":{"origin":44756,"position":0},"title":"[Promocija knjige] Banja Luka u ratu: Etnopolitika i svakodnevica (1990\u20131995) (ActiveLab, YugoLab)","author":"Branimir Jankovi\u0107","date":"17. travnja 2026.","format":false,"excerpt":"Institut za filozofiju i dru\u0161tvenu teoriju i O\u0161tra Nula organizuju promociju knjige Banja Luka u ratu: Etnopolitika i svakodnevica (1990\u20131995) autorke Armine Galija\u0161, koja \u0107e se odr\u017eati 20. aprila 2026. u 12.00 sati u prostorijama Instituta (Kraljice Natalije 45, Beograd). Re\u010d je o prvom nau\u010dno utemeljenom i sistematskom radu koji\u2026","rel":"","context":"U &quot;Novosti&quot;","block_context":{"text":"Novosti","link":"https:\/\/historiografija.hr\/?cat=3"},"img":{"alt_text":"","src":"https:\/\/i0.wp.com\/historiografija.hr\/wp-content\/uploads\/2026\/04\/20-april-RS.jpg?fit=1200%2C675&ssl=1&resize=350%2C200","width":350,"height":200,"srcset":"https:\/\/i0.wp.com\/historiografija.hr\/wp-content\/uploads\/2026\/04\/20-april-RS.jpg?fit=1200%2C675&ssl=1&resize=350%2C200 1x, https:\/\/i0.wp.com\/historiografija.hr\/wp-content\/uploads\/2026\/04\/20-april-RS.jpg?fit=1200%2C675&ssl=1&resize=525%2C300 1.5x, https:\/\/i0.wp.com\/historiografija.hr\/wp-content\/uploads\/2026\/04\/20-april-RS.jpg?fit=1200%2C675&ssl=1&resize=700%2C400 2x, https:\/\/i0.wp.com\/historiografija.hr\/wp-content\/uploads\/2026\/04\/20-april-RS.jpg?fit=1200%2C675&ssl=1&resize=1050%2C600 3x"},"classes":[]},{"id":52666,"url":"https:\/\/historiografija.hr\/?p=52666","url_meta":{"origin":44756,"position":1},"title":"Najava programa Festivala povijesti Kliofest (5-8. V. 2026)","author":"Branimir Jankovi\u0107","date":"24. travnja 2026.","format":false,"excerpt":"Po trinaesti put odr\u017eava se Festival povijesti Kliofest! Do petka \u0107emo odr\u017eati osam okruglih stolova i dva kolokvija te niz predstavljanja knjiga i projekata razli\u010dite tematike, od antike do suvremenosti. Bit \u0107e predstavljeno i nekoliko izlo\u017ebi te odr\u017ean jedan povijesni kviz. Prikazat \u0107emo i jedan film \u2013 o generalu Boroevi\u0107u.\u2026","rel":"","context":"U &quot;Novosti&quot;","block_context":{"text":"Novosti","link":"https:\/\/historiografija.hr\/?cat=3"},"img":{"alt_text":"","src":"https:\/\/i0.wp.com\/historiografija.hr\/wp-content\/uploads\/2026\/04\/Kliofest-2026.jpg?fit=526%2C526&ssl=1&resize=350%2C200","width":350,"height":200,"srcset":"https:\/\/i0.wp.com\/historiografija.hr\/wp-content\/uploads\/2026\/04\/Kliofest-2026.jpg?fit=526%2C526&ssl=1&resize=350%2C200 1x, https:\/\/i0.wp.com\/historiografija.hr\/wp-content\/uploads\/2026\/04\/Kliofest-2026.jpg?fit=526%2C526&ssl=1&resize=525%2C300 1.5x"},"classes":[]},{"id":52502,"url":"https:\/\/historiografija.hr\/?p=52502","url_meta":{"origin":44756,"position":2},"title":"Novi znanstveni projekt Hrvatskog instituta za povijest: \u201c\u017drtve ratova i dr\u017eavnog\/politi\u010dkog nasilja u hrvatskoj povijesti 20. stolje\u0107a\u201d","author":"Branimir Jankovi\u0107","date":"17. travnja 2026.","format":false,"excerpt":"Na redovitoj sjednici Vlade RH, 16. travnja 2026., donijet je Zaklju\u010dak kojim se pokre\u0107e znanstveni projekt \u201c\u017drtve ratova i dr\u017eavnog\/politi\u010dkog nasilja u hrvatskoj povijesti 20. stolje\u0107a\u201d. Projekt \u0107e provoditi i koordinirati Hrvatski institut za povijest u razdoblju trajanja projekta od pet godina. Zakljucak Vlade RH Iz teksta projektnog prijedloga: Problematika\u2026","rel":"","context":"U &quot;Novosti&quot;","block_context":{"text":"Novosti","link":"https:\/\/historiografija.hr\/?cat=3"},"img":{"alt_text":"","src":"https:\/\/i0.wp.com\/historiografija.hr\/wp-content\/uploads\/2026\/04\/Vlada-RH.jpg?fit=1200%2C557&ssl=1&resize=350%2C200","width":350,"height":200,"srcset":"https:\/\/i0.wp.com\/historiografija.hr\/wp-content\/uploads\/2026\/04\/Vlada-RH.jpg?fit=1200%2C557&ssl=1&resize=350%2C200 1x, https:\/\/i0.wp.com\/historiografija.hr\/wp-content\/uploads\/2026\/04\/Vlada-RH.jpg?fit=1200%2C557&ssl=1&resize=525%2C300 1.5x, https:\/\/i0.wp.com\/historiografija.hr\/wp-content\/uploads\/2026\/04\/Vlada-RH.jpg?fit=1200%2C557&ssl=1&resize=700%2C400 2x, https:\/\/i0.wp.com\/historiografija.hr\/wp-content\/uploads\/2026\/04\/Vlada-RH.jpg?fit=1200%2C557&ssl=1&resize=1050%2C600 3x"},"classes":[]},{"id":52589,"url":"https:\/\/historiografija.hr\/?p=52589","url_meta":{"origin":44756,"position":3},"title":"Predstavljena knjiga Miomira \u017du\u017eula &#8220;Dayton: Diplomacija &#8211; druga strana rata&#8221;","author":"Branimir Jankovi\u0107","date":"22. travnja 2026.","format":false,"excerpt":"Knjiga Miomira \u017du\u017eula \u201eDayton: Diplomacija \u2013 druga strana rata\u201d predstavljena je u srijedu, 22. travnja 2026. godine u foajeu Hrvatskoga narodnog kazali\u0161ta u Zagrebu. Op\u0161irnije: https:\/\/vijesti.hrt.hr\/hrvatska\/predstavljena-knjiga-miomira-zuzula-dayton-diplomacija-druga-strana-rata-12683259 https:\/\/www.vecernji.ba\/amp\/vijesti\/zuzulova-knjiga-o-daytonu-predstavljena-u-zagrebu-diplomacija-kao-druga-strana-rata-1953700 https:\/\/www.tportal.hr\/vijesti\/clanak\/bivsi-sanaderov-ministar-odrzao-promociju-evo-tko-je-sve-dosao-na-predstavljanje-knjige-miomira-zuzula-foto-20260422 https:\/\/direktno.hr\/zivot\/kultura\/zuzul-otkrio-sve-o-drugoj-strani-rata-za-hrvatsku-se-nije-libio-povuci-nekoga-i-za-kosu-395042 https:\/\/www.24sata.hr\/news\/miomir-zuzul-predstavio-je-knjigu-o-daytonu-diplomacija-je-bila-druga-strana-rata-1123152 https:\/\/www.vecernji.hr\/kultura\/kolinda-grabar-kitarovic-otvoreno-miomir-zuzul-nije-vukao-samo-za-rukav-nego-i-za-kosu-1953722 https:\/\/www.vecernji.hr\/kultura\/i-papa-lav-xiv-eksplicitno-je-daytonski-sporazum-istaknuo-kao-primjer-uspjesna-rjesavanja-sukoba-1952215","rel":"","context":"U &quot;Novosti&quot;","block_context":{"text":"Novosti","link":"https:\/\/historiografija.hr\/?cat=3"},"img":{"alt_text":"","src":"https:\/\/i0.wp.com\/historiografija.hr\/wp-content\/uploads\/2026\/04\/Dayton.jpg?fit=1024%2C683&ssl=1&resize=350%2C200","width":350,"height":200,"srcset":"https:\/\/i0.wp.com\/historiografija.hr\/wp-content\/uploads\/2026\/04\/Dayton.jpg?fit=1024%2C683&ssl=1&resize=350%2C200 1x, https:\/\/i0.wp.com\/historiografija.hr\/wp-content\/uploads\/2026\/04\/Dayton.jpg?fit=1024%2C683&ssl=1&resize=525%2C300 1.5x, https:\/\/i0.wp.com\/historiografija.hr\/wp-content\/uploads\/2026\/04\/Dayton.jpg?fit=1024%2C683&ssl=1&resize=700%2C400 2x"},"classes":[]},{"id":52628,"url":"https:\/\/historiografija.hr\/?p=52628","url_meta":{"origin":44756,"position":4},"title":"Predavanje dopisnog \u010dlana HAZU Alaina Finkielkrauta Izrael, Europa, antisemitizam","author":"Branimir Jankovi\u0107","date":"23. travnja 2026.","format":false,"excerpt":"Francuski filozof Alain Finkielkraut, redoviti \u010dlan Francuske akademije i dopisni \u010dlan HAZU, odr\u017eat \u0107e predavanje\u00a0Izrael, Europa, antisemitizam u utorak 28. travnja 2026. u 13 sati u Knji\u017enici HAZU,\u00a0Strossmayerov trg 14 u Zagrebu. Uvodne rije\u010di odr\u017eat \u0107e\u00a0akademkinja \u017deljka \u010corak i\u00a0akademik Dra\u017een Katunari\u0107. Predavanje \u0107e se odr\u017eati na francuskom jeziku uz konsekutivno\u2026","rel":"","context":"U &quot;Novosti&quot;","block_context":{"text":"Novosti","link":"https:\/\/historiografija.hr\/?cat=3"},"img":{"alt_text":"","src":"https:\/\/i0.wp.com\/historiografija.hr\/wp-content\/uploads\/2026\/04\/Alain_Finkielkraut.jpg?fit=350%2C407&ssl=1&resize=350%2C200","width":350,"height":200},"classes":[]},{"id":52657,"url":"https:\/\/historiografija.hr\/?p=52657","url_meta":{"origin":44756,"position":5},"title":"[Predavanje] Jezik i drugost u (post)socijalisti\u010dkoj Srbiji: diskurzivne politike identiteta (YugoLab)","author":"Branimir Jankovi\u0107","date":"24. travnja 2026.","format":false,"excerpt":"U sklopu projekta Prizma \/ IMAGINATION (\u201eZami\u0161ljanje nacije: srpski nacionalni narativi u sporu (XX\u2013XXI vek)\u201c), koji se realizuje na Institutu za filozofiju i dru\u0161tvenu teoriju Univerziteta u Beogradu (2024\u20132027) uz finansijsku podr\u0161ku Fonda za nauku Republike Srbije, organizuje se serija predavanja na kojoj istra\u017eiva\u010di i istra\u017eiva\u010dice projekta predstavljaju rezultate svojih\u2026","rel":"","context":"U &quot;Novosti&quot;","block_context":{"text":"Novosti","link":"https:\/\/historiografija.hr\/?cat=3"},"img":{"alt_text":"","src":"https:\/\/i0.wp.com\/historiografija.hr\/wp-content\/uploads\/2026\/04\/IFDT_28_IV.png?fit=1200%2C675&ssl=1&resize=350%2C200","width":350,"height":200,"srcset":"https:\/\/i0.wp.com\/historiografija.hr\/wp-content\/uploads\/2026\/04\/IFDT_28_IV.png?fit=1200%2C675&ssl=1&resize=350%2C200 1x, https:\/\/i0.wp.com\/historiografija.hr\/wp-content\/uploads\/2026\/04\/IFDT_28_IV.png?fit=1200%2C675&ssl=1&resize=525%2C300 1.5x, https:\/\/i0.wp.com\/historiografija.hr\/wp-content\/uploads\/2026\/04\/IFDT_28_IV.png?fit=1200%2C675&ssl=1&resize=700%2C400 2x, https:\/\/i0.wp.com\/historiografija.hr\/wp-content\/uploads\/2026\/04\/IFDT_28_IV.png?fit=1200%2C675&ssl=1&resize=1050%2C600 3x"},"classes":[]}],"_links":{"self":[{"href":"https:\/\/historiografija.hr\/index.php?rest_route=\/wp\/v2\/posts\/44756","targetHints":{"allow":["GET"]}}],"collection":[{"href":"https:\/\/historiografija.hr\/index.php?rest_route=\/wp\/v2\/posts"}],"about":[{"href":"https:\/\/historiografija.hr\/index.php?rest_route=\/wp\/v2\/types\/post"}],"author":[{"embeddable":true,"href":"https:\/\/historiografija.hr\/index.php?rest_route=\/wp\/v2\/users\/2"}],"replies":[{"embeddable":true,"href":"https:\/\/historiografija.hr\/index.php?rest_route=%2Fwp%2Fv2%2Fcomments&post=44756"}],"version-history":[{"count":4,"href":"https:\/\/historiografija.hr\/index.php?rest_route=\/wp\/v2\/posts\/44756\/revisions"}],"predecessor-version":[{"id":44760,"href":"https:\/\/historiografija.hr\/index.php?rest_route=\/wp\/v2\/posts\/44756\/revisions\/44760"}],"wp:attachment":[{"href":"https:\/\/historiografija.hr\/index.php?rest_route=%2Fwp%2Fv2%2Fmedia&parent=44756"}],"wp:term":[{"taxonomy":"category","embeddable":true,"href":"https:\/\/historiografija.hr\/index.php?rest_route=%2Fwp%2Fv2%2Fcategories&post=44756"},{"taxonomy":"post_tag","embeddable":true,"href":"https:\/\/historiografija.hr\/index.php?rest_route=%2Fwp%2Fv2%2Ftags&post=44756"}],"curies":[{"name":"wp","href":"https:\/\/api.w.org\/{rel}","templated":true}]}}