{"id":44753,"date":"2025-02-07T22:45:41","date_gmt":"2025-02-07T22:45:41","guid":{"rendered":"https:\/\/historiografija.hr\/?p=44753"},"modified":"2025-02-07T22:45:41","modified_gmt":"2025-02-07T22:45:41","slug":"poziv-na-prijavu-za-konferenciju-nakon-ratova","status":"publish","type":"post","link":"https:\/\/historiografija.hr\/?p=44753","title":{"rendered":"Poziv na prijavu za konferenciju: \u201cNakon ratova\u201d"},"content":{"rendered":"\n<p><strong>\u010casopis \u201eTragovi\u201c iz Zagreba i Institut dru\u0161tvenih nauka iz Beograda organiziraju me\u0111unarodnu znanstvenu konferenciju: <em>Nakon ratova \u2013 posljedice, pouke, interpretacije<\/em><\/strong><\/p>\n\n\n\n<p>Konferencija \u0107e se odr\u017eati u Zagrebu, 21. i 22. (po potrebi i 23.) novembra 2025. Pozivamo sve zainteresirane za sudjelovanje i izlaganje na konferenciji da se prijave, time \u0161to \u0107e poslati naslov izlaganja, kratki sa\u017eetak (do 500 rije\u010di) i kratku informaciju o sebi (u dvije-tri re\u010denice) na email: <a href=\"mailto:conferences@snv.hr\">conferences@snv.hr<\/a> do 15. marta 2025. Izlaganja mogu biti na engleskom i svim jezicima postjugoslavenskih dr\u017eava. Ure\u0111iva\u010dki odbor konferencije donijet \u0107e odluku o prijavi do 30. marta 2025.<\/p>\n\n\n\n<p>Na konferenciji bismo htjeli da se obrade sljede\u0107e teme:<\/p>\n\n\n\n<ul class=\"wp-block-list\">\n<li>Kako se danas interpretiraju ratovi iz 20. stolje\u0107a: primarno na prostoru postjugoslavenskih dr\u017eava, ali i u \u0161irem, europskom i globalnom, kontekstu?<\/li>\n\n\n\n<li>Koje su politike postratne dr\u017eave (Kraljevina SHS\/Jugoslavija, socijalisti\u010dka Jugoslavija, post-jugoslavenske dr\u017eave s neposrednim iskustvom rata u 1990-ima) promovirale u odnosu na pitanja: historijskog sje\u0107anja, pomirenja i prevladavanja trauma, osude zlo\u010dina i politika sprje\u010davanja ponavljanja ratova, odnosa prema \u017ertvama ratova i nasilja po\u010dinjenog u okviru ratova i u pora\u0107u, te na pitanja bilateralnih i multilateralnih odnosa neko\u0107 zara\u0107enih strana?<\/li>\n\n\n\n<li>Kako su ratovi utjecali na me\u0111unacionalne, me\u0111ukonfesionalne i me\u0111uljudske odnose u zemljama u kojima su se dogodili?<\/li>\n\n\n\n<li>Kako su ratovi utjecali na ekonomsku situaciju u zahva\u0107enim zemljama, na politike ekonomskog razvoja (ili regresa), na demografske i obrambene politike?<\/li>\n\n\n\n<li>Kako su ratovi interpretirani u kulturnoj produkciji: na filmu, u knjigama, kazali\u0161noj, likovnoj i glazbenoj umjetnosti?<\/li>\n\n\n\n<li>Kako su ratovi utjecali na politike mira, na antiratne aktivnosti, te na obrazovne politike nakon ratova?<\/li>\n\n\n\n<li>Kako ratove na ovom podru\u010dju smjestiti u \u0161iri kontekst globalnih i regionalnih ratova u 20. stolje\u0107u i u prvoj \u010detvrtini 21. stolje\u0107a?<\/li>\n\n\n\n<li>Koje su bile posljedice tih ratova (naro\u010dito onog iz 1990-ih) za politike velikih sila, te za me\u0111unarodne organizacije aktivno involvirane u stvaranje mira (UN, EU, Vije\u0107e Europe, OESS i dr.)<\/li>\n\n\n\n<li>Kakve su posljedice za manjine (nacionalne ali i druge) ostavili u naslje\u0111e prethodni ratovi i kako se manjine nose s tim naslje\u0111em?<\/li>\n\n\n\n<li>Koje su pouke ratove iz 20. stolje\u0107a primjenjive za poku\u0161aje stvaranja trajnog mira u suvremenosti?<\/li>\n<\/ul>\n\n\n\n<p>Ova konferencija je druga u nizu (prva je bila u novembru 2023.) kojom \u010dasopis Tragovi (pokrenut 2018. godine, svi brojevi dostupni ovdje: <a href=\"https:\/\/hrcak.srce.hr\/tragovi\">https:\/\/hrcak.srce.hr\/tragovi<\/a> ) i Institut dru\u0161tvenih nauka ( <a href=\"https:\/\/idn.org.rs\/\">https:\/\/idn.org.rs\/<\/a> ) poti\u010du akademska istra\u017eivanja i diskusije povezane s traumati\u010dnim iskustvima s kojima se naro\u010dito suo\u010davaju Srbi i Hrvati, \u010dije je cijelo 20. stolje\u0107e bilo obilje\u017eeno ratnim i poslijeratnim iskustvima. Ta iskustva \u017eelimo analizirati i istra\u017eivati u \u0161irem globalnom i regionalnom kontekstu, poti\u010du\u0107i stoga i prijave referata koji se odnose na druge slu\u010dajeve.<\/p>\n\n\n\n<p>Organizatori imaju na raspolaganju odre\u0111ena (ograni\u010dena) sredstva za pokrivanje tro\u0161kova puta i smje\u0161taja, o \u010demu \u0107e se odlu\u010divati nakon prihva\u0107anja prijava za konferenciju.<\/p>\n\n\n\n<p>Od sudionika konferencije se o\u010dekuje da prije same konferencije (najkasnije do 20. oktobra 2025.) po\u0161alju prvu verziju pisanog \u010dlanka (do 10.000 rije\u010di) koji \u0107e biti razmatran za objavljivanje u jednom od brojeva \u010dasopisa Tragovi u 2026. (majskom i\/ili novembarskom). Autori koji \u017eele da njihov \u010dlanak bude objavljen ve\u0107 u novembru 2025. trebali bi poslati potpuno dovr\u0161en rad i ne\u0161to ranije, najkasnije do 1. septembra 2025.<\/p>\n\n\n\n<p>Za dodatne informacije akademske prirode, molimo da pi\u0161ete glavnom i odgovornom u uredniku \u201eTragova\u201c te akademskom koordinatoru konferencije prof. dr. sc. Dejanu Jovi\u0107u putem E-mail adrese: <a href=\"mailto:dejan.jovic@fpzg.hr\" target=\"_blank\" rel=\"noreferrer noopener\">dejan.jovic@fpzg.hr<\/a><\/p>\n\n\n\n<hr class=\"wp-block-separator has-alpha-channel-opacity\"\/>\n\n\n\n<p>Izvor:<\/p>\n\n\n\n<figure class=\"wp-block-embed is-type-wp-embed is-provider-srpsko-narodno-vije-e-snv wp-block-embed-srpsko-narodno-vije-e-snv\"><div class=\"wp-block-embed__wrapper\">\n<blockquote class=\"wp-embedded-content\" data-secret=\"XAyERdF7qQ\"><a href=\"https:\/\/snv.hr\/poziv-na-prijavu-za-konferenciju-nakon-ratova\/\">Poziv na prijavu za konferenciju: &#8220;Nakon ratova&#8221;<\/a><\/blockquote><iframe loading=\"lazy\" class=\"wp-embedded-content\" sandbox=\"allow-scripts\" security=\"restricted\" style=\"position: absolute; visibility: hidden;\" title=\"&#8220;Poziv na prijavu za konferenciju: &#8220;Nakon ratova&#8221;&#8221; &#8212; Srpsko Narodno Vije\u0107e - SNV\" src=\"https:\/\/snv.hr\/poziv-na-prijavu-za-konferenciju-nakon-ratova\/embed\/#?secret=3UIVuCsmJv#?secret=XAyERdF7qQ\" data-secret=\"XAyERdF7qQ\" width=\"600\" height=\"338\" frameborder=\"0\" marginwidth=\"0\" marginheight=\"0\" scrolling=\"no\"><\/iframe>\n<\/div><\/figure>\n\n\n\n<hr class=\"wp-block-separator has-alpha-channel-opacity\"\/>\n","protected":false},"excerpt":{"rendered":"","protected":false},"author":2,"featured_media":44754,"comment_status":"open","ping_status":"open","sticky":false,"template":"","format":"standard","meta":{"_acf_changed":false,"jetpack_post_was_ever_published":false,"_jetpack_newsletter_access":"","_jetpack_dont_email_post_to_subs":false,"_jetpack_newsletter_tier_id":0,"_jetpack_memberships_contains_paywalled_content":false,"_jetpack_memberships_contains_paid_content":false,"footnotes":"","jetpack_publicize_message":"","jetpack_publicize_feature_enabled":true,"jetpack_social_post_already_shared":true,"jetpack_social_options":{"image_generator_settings":{"template":"highway","default_image_id":0,"font":"","enabled":false},"version":2}},"categories":[3,9],"tags":[],"class_list":["post-44753","post","type-post","status-publish","format-standard","has-post-thumbnail","hentry","category-novosti","category-skupovi"],"acf":{"facebook_opis":""},"jetpack_publicize_connections":[],"jetpack_featured_media_url":"https:\/\/i0.wp.com\/historiografija.hr\/wp-content\/uploads\/2025\/02\/Poziv-Nakon-ratova.jpg?fit=1024%2C576&ssl=1","jetpack_sharing_enabled":true,"jetpack-related-posts":[],"_links":{"self":[{"href":"https:\/\/historiografija.hr\/index.php?rest_route=\/wp\/v2\/posts\/44753","targetHints":{"allow":["GET"]}}],"collection":[{"href":"https:\/\/historiografija.hr\/index.php?rest_route=\/wp\/v2\/posts"}],"about":[{"href":"https:\/\/historiografija.hr\/index.php?rest_route=\/wp\/v2\/types\/post"}],"author":[{"embeddable":true,"href":"https:\/\/historiografija.hr\/index.php?rest_route=\/wp\/v2\/users\/2"}],"replies":[{"embeddable":true,"href":"https:\/\/historiografija.hr\/index.php?rest_route=%2Fwp%2Fv2%2Fcomments&post=44753"}],"version-history":[{"count":1,"href":"https:\/\/historiografija.hr\/index.php?rest_route=\/wp\/v2\/posts\/44753\/revisions"}],"predecessor-version":[{"id":44755,"href":"https:\/\/historiografija.hr\/index.php?rest_route=\/wp\/v2\/posts\/44753\/revisions\/44755"}],"wp:featuredmedia":[{"embeddable":true,"href":"https:\/\/historiografija.hr\/index.php?rest_route=\/wp\/v2\/media\/44754"}],"wp:attachment":[{"href":"https:\/\/historiografija.hr\/index.php?rest_route=%2Fwp%2Fv2%2Fmedia&parent=44753"}],"wp:term":[{"taxonomy":"category","embeddable":true,"href":"https:\/\/historiografija.hr\/index.php?rest_route=%2Fwp%2Fv2%2Fcategories&post=44753"},{"taxonomy":"post_tag","embeddable":true,"href":"https:\/\/historiografija.hr\/index.php?rest_route=%2Fwp%2Fv2%2Ftags&post=44753"}],"curies":[{"name":"wp","href":"https:\/\/api.w.org\/{rel}","templated":true}]}}