{"id":44747,"date":"2025-02-07T22:28:39","date_gmt":"2025-02-07T22:28:39","guid":{"rendered":"https:\/\/historiografija.hr\/?p=44747"},"modified":"2025-02-07T22:28:39","modified_gmt":"2025-02-07T22:28:39","slug":"knjiga-holokaust-mitovi-zablude-i-poricanje","status":"publish","type":"post","link":"https:\/\/historiografija.hr\/?p=44747","title":{"rendered":"Knjiga \u201eHolokaust \u2013 mitovi, zablude i poricanje\u201c"},"content":{"rendered":"\n<p>\u201eKnjiga <em>Holokaust \u2013 mitovi, zablude i poricanje<\/em> pru\u017ea iscrpan i \u010dinjeni\u010dno utemeljen prikaz jednog od najmra\u010dnijih poglavlja ljudske povijesti. Autor Miljenko Hajdarovi\u0107 detaljno razotkriva uobi\u010dajene mitove i revizionisti\u010dke tvrdnje, pru\u017eaju\u0107i jasne odgovore na pitanja o povijesnim \u010dinjenicama, uzrocima, posljedicama i na\u010dinu na koji se Holokaust prelama kroz dana\u0161nje dru\u0161tvo.\u201c<\/p>\n\n\n\n<hr class=\"wp-block-separator has-alpha-channel-opacity\"\/>\n\n\n\n<p>Op\u0161irnije:<\/p>\n\n\n\n<figure class=\"wp-block-embed is-type-wp-embed is-provider-clionaut-akademija wp-block-embed-clionaut-akademija\"><div class=\"wp-block-embed__wrapper\">\n<blockquote class=\"wp-embedded-content\" data-secret=\"pRCLroCmb2\"><a href=\"https:\/\/povijest.net\/ca\/downloads\/knjiga-holokaust-mitovi-zablude-i-poricanje\/\">Knjiga \u201cHolokaust \u2013 mitovi, zablude i poricanje\u201d<\/a><\/blockquote><iframe loading=\"lazy\" class=\"wp-embedded-content\" sandbox=\"allow-scripts\" security=\"restricted\" style=\"position: absolute; visibility: hidden;\" title=\"&#8220;Knjiga \u201cHolokaust \u2013 mitovi, zablude i poricanje\u201d&#8221; &#8212; ClioNaut Akademija\" src=\"https:\/\/povijest.net\/ca\/downloads\/knjiga-holokaust-mitovi-zablude-i-poricanje\/embed\/#?secret=dN1c7hzaHK#?secret=pRCLroCmb2\" data-secret=\"pRCLroCmb2\" width=\"600\" height=\"338\" frameborder=\"0\" marginwidth=\"0\" marginheight=\"0\" scrolling=\"no\"><\/iframe>\n<\/div><\/figure>\n\n\n\n<hr class=\"wp-block-separator has-alpha-channel-opacity\"\/>\n","protected":false},"excerpt":{"rendered":"","protected":false},"author":2,"featured_media":44748,"comment_status":"open","ping_status":"open","sticky":false,"template":"","format":"standard","meta":{"_acf_changed":false,"jetpack_post_was_ever_published":false,"_jetpack_newsletter_access":"","_jetpack_dont_email_post_to_subs":false,"_jetpack_newsletter_tier_id":0,"_jetpack_memberships_contains_paywalled_content":false,"_jetpack_memberships_contains_paid_content":false,"footnotes":"","jetpack_publicize_message":"","jetpack_publicize_feature_enabled":true,"jetpack_social_post_already_shared":true,"jetpack_social_options":{"image_generator_settings":{"template":"highway","default_image_id":0,"font":"","enabled":false},"version":2}},"categories":[19,8,3],"tags":[],"class_list":["post-44747","post","type-post","status-publish","format-standard","has-post-thumbnail","hentry","category-e-knjige","category-knjige","category-novosti"],"acf":{"facebook_opis":""},"jetpack_publicize_connections":[],"jetpack_featured_media_url":"https:\/\/i0.wp.com\/historiografija.hr\/wp-content\/uploads\/2025\/02\/holokaust-naslovnica.jpg?fit=500%2C710&ssl=1","jetpack_sharing_enabled":true,"jetpack-related-posts":[],"_links":{"self":[{"href":"https:\/\/historiografija.hr\/index.php?rest_route=\/wp\/v2\/posts\/44747","targetHints":{"allow":["GET"]}}],"collection":[{"href":"https:\/\/historiografija.hr\/index.php?rest_route=\/wp\/v2\/posts"}],"about":[{"href":"https:\/\/historiografija.hr\/index.php?rest_route=\/wp\/v2\/types\/post"}],"author":[{"embeddable":true,"href":"https:\/\/historiografija.hr\/index.php?rest_route=\/wp\/v2\/users\/2"}],"replies":[{"embeddable":true,"href":"https:\/\/historiografija.hr\/index.php?rest_route=%2Fwp%2Fv2%2Fcomments&post=44747"}],"version-history":[{"count":1,"href":"https:\/\/historiografija.hr\/index.php?rest_route=\/wp\/v2\/posts\/44747\/revisions"}],"predecessor-version":[{"id":44749,"href":"https:\/\/historiografija.hr\/index.php?rest_route=\/wp\/v2\/posts\/44747\/revisions\/44749"}],"wp:featuredmedia":[{"embeddable":true,"href":"https:\/\/historiografija.hr\/index.php?rest_route=\/wp\/v2\/media\/44748"}],"wp:attachment":[{"href":"https:\/\/historiografija.hr\/index.php?rest_route=%2Fwp%2Fv2%2Fmedia&parent=44747"}],"wp:term":[{"taxonomy":"category","embeddable":true,"href":"https:\/\/historiografija.hr\/index.php?rest_route=%2Fwp%2Fv2%2Fcategories&post=44747"},{"taxonomy":"post_tag","embeddable":true,"href":"https:\/\/historiografija.hr\/index.php?rest_route=%2Fwp%2Fv2%2Ftags&post=44747"}],"curies":[{"name":"wp","href":"https:\/\/api.w.org\/{rel}","templated":true}]}}