{"id":44716,"date":"2025-02-05T17:31:59","date_gmt":"2025-02-05T17:31:59","guid":{"rendered":"https:\/\/historiografija.hr\/?p=44716"},"modified":"2025-02-05T17:31:59","modified_gmt":"2025-02-05T17:31:59","slug":"zapocelo-prikazivanje-filma-kristijana-milica-bozji-gnjev","status":"publish","type":"post","link":"https:\/\/historiografija.hr\/?p=44716","title":{"rendered":"Zapo\u010delo prikazivanje filma Kristijana Mili\u0107a \u201eBo\u017eji gnjev\u201c"},"content":{"rendered":"\n<p>U utorak, 28. sije\u010dnja 2025. odr\u017eana je sve\u010dana kinopremijera novog filma redatelja Kristijana Mili\u0107a, uz prisustvo ekipe filma. Bo\u017eji gnjev, snimljen prema scenariju i istoimenom romanu knji\u017eevnika Josipa Mlaki\u0107a, od 30. sije\u010dnja kre\u0107e u redovnu kinodistribuciju u gradovima diljem Hrvatske.<\/p>\n\n\n\n<p>Snimljen prema scenariju i istoimenom romanu knji\u017eevnika Josipa Mlaki\u0107a, ovaj akcijski film progovara o doga\u0111aju za vrijeme Domovinskog rata u Srednjoj Bosni 1993. koji unutar linija Hrvatskog vije\u0107a obrane razotkriva mra\u010dnu mre\u017eu ilegalnih radnji do najvi\u0161ih dr\u017eavnih krugova.<\/p>\n\n\n\n<hr class=\"wp-block-separator has-alpha-channel-opacity\"\/>\n\n\n\n<p>Op\u0161irnije:<\/p>\n\n\n\n<p><a href=\"https:\/\/havc.hr\/infocentar\/novosti\/odrzana-kinopremijera-bozjeg-gnjeva-kristija-milica-stize-na-velika-platna-diljem-zemlje\">https:\/\/havc.hr\/infocentar\/novosti\/odrzana-kinopremijera-bozjeg-gnjeva-kristija-milica-stize-na-velika-platna-diljem-zemlje<\/a><\/p>\n\n\n\n<hr class=\"wp-block-separator has-alpha-channel-opacity\"\/>\n","protected":false},"excerpt":{"rendered":"","protected":false},"author":2,"featured_media":44717,"comment_status":"open","ping_status":"open","sticky":false,"template":"","format":"standard","meta":{"_acf_changed":false,"jetpack_post_was_ever_published":false,"_jetpack_newsletter_access":"","_jetpack_dont_email_post_to_subs":false,"_jetpack_newsletter_tier_id":0,"_jetpack_memberships_contains_paywalled_content":false,"_jetpack_memberships_contains_paid_content":false,"footnotes":"","jetpack_publicize_message":"","jetpack_publicize_feature_enabled":true,"jetpack_social_post_already_shared":true,"jetpack_social_options":{"image_generator_settings":{"template":"highway","default_image_id":0,"font":"","enabled":false},"version":2}},"categories":[13,3],"tags":[],"class_list":["post-44716","post","type-post","status-publish","format-standard","has-post-thumbnail","hentry","category-filmovi-i-serije","category-novosti"],"acf":{"facebook_opis":""},"jetpack_publicize_connections":[],"jetpack_featured_media_url":"https:\/\/i0.wp.com\/historiografija.hr\/wp-content\/uploads\/2025\/02\/Fotografija_Nina-Durdevic.jpg?fit=700%2C400&ssl=1","jetpack_sharing_enabled":true,"jetpack-related-posts":[],"_links":{"self":[{"href":"https:\/\/historiografija.hr\/index.php?rest_route=\/wp\/v2\/posts\/44716","targetHints":{"allow":["GET"]}}],"collection":[{"href":"https:\/\/historiografija.hr\/index.php?rest_route=\/wp\/v2\/posts"}],"about":[{"href":"https:\/\/historiografija.hr\/index.php?rest_route=\/wp\/v2\/types\/post"}],"author":[{"embeddable":true,"href":"https:\/\/historiografija.hr\/index.php?rest_route=\/wp\/v2\/users\/2"}],"replies":[{"embeddable":true,"href":"https:\/\/historiografija.hr\/index.php?rest_route=%2Fwp%2Fv2%2Fcomments&post=44716"}],"version-history":[{"count":1,"href":"https:\/\/historiografija.hr\/index.php?rest_route=\/wp\/v2\/posts\/44716\/revisions"}],"predecessor-version":[{"id":44718,"href":"https:\/\/historiografija.hr\/index.php?rest_route=\/wp\/v2\/posts\/44716\/revisions\/44718"}],"wp:featuredmedia":[{"embeddable":true,"href":"https:\/\/historiografija.hr\/index.php?rest_route=\/wp\/v2\/media\/44717"}],"wp:attachment":[{"href":"https:\/\/historiografija.hr\/index.php?rest_route=%2Fwp%2Fv2%2Fmedia&parent=44716"}],"wp:term":[{"taxonomy":"category","embeddable":true,"href":"https:\/\/historiografija.hr\/index.php?rest_route=%2Fwp%2Fv2%2Fcategories&post=44716"},{"taxonomy":"post_tag","embeddable":true,"href":"https:\/\/historiografija.hr\/index.php?rest_route=%2Fwp%2Fv2%2Ftags&post=44716"}],"curies":[{"name":"wp","href":"https:\/\/api.w.org\/{rel}","templated":true}]}}